{"id":5210,"date":"2024-06-06T13:01:42","date_gmt":"2024-06-06T13:01:42","guid":{"rendered":"https:\/\/bio-teach.com\/kitsprp\/?p=5210"},"modified":"2024-06-11T12:42:32","modified_gmt":"2024-06-11T12:42:32","slug":"plasma-rico-en-plaquetas-para-la-caida-del-cabello-un-tratamiento-medico-efectivo","status":"publish","type":"post","link":"https:\/\/bio-teach.com\/kitsprp\/plasma-rico-en-plaquetas-para-la-caida-del-cabello-un-tratamiento-medico-efectivo\/","title":{"rendered":"PLASMA RICO EN PLAQUETAS PARA LA CA\u00cdDA DEL CABELLO: UN TRATAMIENTO M\u00c9DICO EFECTIVO"},"content":{"rendered":"\t\t<div data-elementor-type=\"wp-post\" data-elementor-id=\"5210\" class=\"elementor elementor-5210\">\n\t\t\t\t\t\t\t\t\t<section class=\"elementor-section elementor-top-section elementor-element elementor-element-7c2775d elementor-section-boxed elementor-section-height-default elementor-section-height-default\" data-id=\"7c2775d\" data-element_type=\"section\">\n\t\t\t\t\t\t<div class=\"elementor-container elementor-column-gap-default\">\n\t\t\t\t\t<div class=\"elementor-column elementor-col-100 elementor-top-column elementor-element elementor-element-873c272\" data-id=\"873c272\" data-element_type=\"column\">\n\t\t\t<div class=\"elementor-widget-wrap elementor-element-populated\">\n\t\t\t\t\t\t\t\t<div class=\"elementor-element elementor-element-7301171 elementor-widget elementor-widget-heading\" data-id=\"7301171\" data-element_type=\"widget\" data-widget_type=\"heading.default\">\n\t\t\t\t<div class=\"elementor-widget-container\">\n\t\t\t<h1 class=\"elementor-heading-title elementor-size-default\">PLASMA RICO EN PLAQUETAS PARA LA CA\u00cdDA DEL CABELLO: UN TRATAMIENTO M\u00c9DICO EFECTIVO<\/h1>\t\t<\/div>\n\t\t\t\t<\/div>\n\t\t\t\t\t<\/div>\n\t\t<\/div>\n\t\t\t\t\t\t\t<\/div>\n\t\t<\/section>\n\t\t\t\t<section class=\"elementor-section elementor-top-section elementor-element elementor-element-571d7c8 elementor-section-boxed elementor-section-height-default elementor-section-height-default\" data-id=\"571d7c8\" data-element_type=\"section\">\n\t\t\t\t\t\t<div class=\"elementor-container elementor-column-gap-default\">\n\t\t\t\t\t<div class=\"elementor-column elementor-col-100 elementor-top-column elementor-element elementor-element-097c2e9\" data-id=\"097c2e9\" data-element_type=\"column\">\n\t\t\t<div class=\"elementor-widget-wrap elementor-element-populated\">\n\t\t\t\t\t\t\t\t<div class=\"elementor-element elementor-element-98d5158 elementor-widget elementor-widget-heading\" data-id=\"98d5158\" data-element_type=\"widget\" data-widget_type=\"heading.default\">\n\t\t\t\t<div class=\"elementor-widget-container\">\n\t\t\t<h5 class=\"elementor-heading-title elementor-size-default\">Publicado el  06 de Junio de 2024<\/h5>\t\t<\/div>\n\t\t\t\t<\/div>\n\t\t\t\t\t<\/div>\n\t\t<\/div>\n\t\t\t\t\t\t\t<\/div>\n\t\t<\/section>\n\t\t\t\t<section class=\"elementor-section elementor-top-section elementor-element elementor-element-006c8b2 elementor-section-boxed elementor-section-height-default elementor-section-height-default\" data-id=\"006c8b2\" data-element_type=\"section\">\n\t\t\t\t\t\t<div class=\"elementor-container elementor-column-gap-default\">\n\t\t\t\t\t<div class=\"elementor-column elementor-col-100 elementor-top-column elementor-element elementor-element-f005b86\" data-id=\"f005b86\" data-element_type=\"column\">\n\t\t\t<div class=\"elementor-widget-wrap elementor-element-populated\">\n\t\t\t\t\t\t\t\t<div class=\"elementor-element elementor-element-5369761 elementor-widget elementor-widget-image\" data-id=\"5369761\" data-element_type=\"widget\" data-widget_type=\"image.default\">\n\t\t\t\t<div class=\"elementor-widget-container\">\n\t\t\t\t\t\t\t\t\t\t\t\t\t\t\t<img decoding=\"async\" width=\"1280\" height=\"720\" src=\"https:\/\/ml2wibi8up3f.i.optimole.com\/uueflVA-o0u1zNff\/w:auto\/h:auto\/q:auto\/https:\/\/bio-teach.com\/kitsprp\/wp-content\/uploads\/2024\/05\/Caida-del-cabello-plasma-rico-en-plaquetas.webp\" class=\"attachment-full size-full\" alt=\"PLASMA RICO EN PLAQUETAS PARA LA CAIDA DEL CABELLO\" \/>\t\t\t\t\t\t\t\t\t\t\t\t\t\t\t<\/div>\n\t\t\t\t<\/div>\n\t\t\t\t\t<\/div>\n\t\t<\/div>\n\t\t\t\t\t\t\t<\/div>\n\t\t<\/section>\n\t\t\t\t<section class=\"elementor-section elementor-top-section elementor-element elementor-element-fb3ed77 elementor-section-boxed elementor-section-height-default elementor-section-height-default\" data-id=\"fb3ed77\" data-element_type=\"section\">\n\t\t\t\t\t\t<div class=\"elementor-container elementor-column-gap-default\">\n\t\t\t\t\t<div class=\"elementor-column elementor-col-100 elementor-top-column elementor-element elementor-element-5675820\" data-id=\"5675820\" data-element_type=\"column\">\n\t\t\t<div class=\"elementor-widget-wrap elementor-element-populated\">\n\t\t\t\t\t\t\t\t<div class=\"elementor-element elementor-element-591133e elementor-widget elementor-widget-text-editor\" data-id=\"591133e\" data-element_type=\"widget\" data-widget_type=\"text-editor.default\">\n\t\t\t\t<div class=\"elementor-widget-container\">\n\t\t\t\t\t\t\t<p><i><span style=\"font-weight: 400;\">Debido a la limitaci\u00f3n de tratamientos efectivos para la p\u00e9rdida capilar, el plasma rico en plaquetas para la ca\u00edda del cabello ha surgido como una terapia alternativa y eficaz. \u00bfEn qu\u00e9 consiste este tratamiento y qui\u00e9nes pueden acceder?<\/span><\/i><\/p><p><i><span style=\"font-weight: 400;\">\u00a0<\/span><\/i><\/p>\t\t\t\t\t\t<\/div>\n\t\t\t\t<\/div>\n\t\t\t\t\t<\/div>\n\t\t<\/div>\n\t\t\t\t\t\t\t<\/div>\n\t\t<\/section>\n\t\t\t\t<section class=\"elementor-section elementor-top-section elementor-element elementor-element-6bdea64 elementor-section-boxed elementor-section-height-default elementor-section-height-default\" data-id=\"6bdea64\" data-element_type=\"section\">\n\t\t\t\t\t\t<div class=\"elementor-container elementor-column-gap-default\">\n\t\t\t\t\t<div class=\"elementor-column elementor-col-100 elementor-top-column elementor-element elementor-element-2d9df18\" data-id=\"2d9df18\" data-element_type=\"column\">\n\t\t\t<div class=\"elementor-widget-wrap elementor-element-populated\">\n\t\t\t\t\t\t\t\t<div class=\"elementor-element elementor-element-7886731 elementor-widget elementor-widget-heading\" data-id=\"7886731\" data-element_type=\"widget\" data-widget_type=\"heading.default\">\n\t\t\t\t<div class=\"elementor-widget-container\">\n\t\t\t<h2 class=\"elementor-heading-title elementor-size-default\">\u00bfCu\u00e1les son los tratamientos para restaurar el cabello?\n<\/h2>\t\t<\/div>\n\t\t\t\t<\/div>\n\t\t\t\t<div class=\"elementor-element elementor-element-ecb9b95 elementor-widget elementor-widget-text-editor\" data-id=\"ecb9b95\" data-element_type=\"widget\" data-widget_type=\"text-editor.default\">\n\t\t\t\t<div class=\"elementor-widget-container\">\n\t\t\t\t\t\t\t<p dir=\"ltr\" style=\"line-height: 1.3800000000000001; margin-top: 0pt; margin-bottom: 0pt;\"><span style=\"font-size: 11pt; font-family: Arial,sans-serif; color: #000000; background-color: transparent; font-weight: 400; font-style: normal; font-variant: normal; text-decoration: none; vertical-align: baseline; white-space: pre-wrap;\">Actualmente hay diversos <\/span><span style=\"font-size: 11pt; font-family: Arial,sans-serif; color: #000000; background-color: transparent; font-weight: bold; font-style: normal; font-variant: normal; text-decoration: none; vertical-align: baseline; white-space: pre-wrap;\">tratamientos para la p\u00e9rdida de cabello<\/span><span style=\"font-size: 11pt; font-family: Arial,sans-serif; color: #000000; background-color: transparent; font-weight: 400; font-style: normal; font-variant: normal; text-decoration: none; vertical-align: baseline; white-space: pre-wrap;\">, en donde su aplicaci\u00f3n depender\u00e1 de la causa de la afecci\u00f3n. Estos tratamientos incluyen<\/span><span style=\"font-size: 11pt; font-family: Arial,sans-serif; color: #000000; background-color: transparent; font-weight: bold; font-style: normal; font-variant: normal; text-decoration: none; vertical-align: baseline; white-space: pre-wrap;\"> medicamentos y cirug\u00eda<\/span><span style=\"font-size: 11pt; font-family: Arial,sans-serif; color: #000000; background-color: transparent; font-weight: 400; font-style: normal; font-variant: normal; text-decoration: none; vertical-align: baseline; white-space: pre-wrap;\">.\u00a0<\/span><\/p><p><b style=\"font-weight: normal;\">\u00a0<\/b><\/p><p dir=\"ltr\" style=\"line-height: 1.3800000000000001; margin-top: 0pt; margin-bottom: 0pt;\"><span style=\"font-size: 11pt; font-family: Arial,sans-serif; color: #000000; background-color: transparent; font-weight: 400; font-style: normal; font-variant: normal; text-decoration: none; vertical-align: baseline; white-space: pre-wrap;\">Entre los medicamentos que existen para revertir la p\u00e9rdida del cabello se encuentran el minoxidil, el finasteride; y para las mujeres, la espironolactona y la dutasterida. Sin embargo, es necesario destacar que estos medicamentos<\/span><span style=\"font-size: 11pt; font-family: Arial,sans-serif; color: #000000; background-color: transparent; font-weight: bold; font-style: normal; font-variant: normal; text-decoration: none; vertical-align: baseline; white-space: pre-wrap;\"> no ofrecen una soluci\u00f3n a largo plazo y presentan efectos secundarios <\/span><span style=\"font-size: 11pt; font-family: Arial,sans-serif; color: #000000; background-color: transparent; font-weight: 400; font-style: normal; font-variant: normal; text-decoration: none; vertical-align: baseline; white-space: pre-wrap;\">como la disminuci\u00f3n del deseo y la funci\u00f3n sexual, el aumento del riesgo de c\u00e1ncer de pr\u00f3stata, irritaci\u00f3n del cuero cabelludo y el crecimiento de vello no deseado en la piel.\u00a0<\/span><\/p><p><b style=\"font-weight: normal;\">\u00a0<\/b><\/p><p dir=\"ltr\" style=\"line-height: 1.3800000000000001; margin-top: 0pt; margin-bottom: 0pt;\"><span style=\"font-size: 11pt; font-family: Arial,sans-serif; color: #000000; background-color: transparent; font-weight: 400; font-style: normal; font-variant: normal; text-decoration: none; vertical-align: baseline; white-space: pre-wrap;\">En el caso de la <\/span><span style=\"font-size: 11pt; font-family: Arial,sans-serif; color: #000000; background-color: transparent; font-weight: bold; font-style: normal; font-variant: normal; text-decoration: none; vertical-align: baseline; white-space: pre-wrap;\">cirug\u00eda<\/span><span style=\"font-size: 11pt; font-family: Arial,sans-serif; color: #000000; background-color: transparent; font-weight: 400; font-style: normal; font-variant: normal; text-decoration: none; vertical-align: baseline; white-space: pre-wrap;\">, se puede realizar un trasplante de cabello o una cirug\u00eda de restauraci\u00f3n capilar que consiste en extraer cabello de una parte de la cabeza y trasplantarlo a una zona calva. Es un sistema que<\/span><span style=\"font-size: 11pt; font-family: Arial,sans-serif; color: #000000; background-color: transparent; font-weight: bold; font-style: normal; font-variant: normal; text-decoration: none; vertical-align: baseline; white-space: pre-wrap;\"> no requiere hospitalizaci\u00f3n, pero es doloroso<\/span><span style=\"font-size: 11pt; font-family: Arial,sans-serif; color: #000000; background-color: transparent; font-weight: 400; font-style: normal; font-variant: normal; text-decoration: none; vertical-align: baseline; white-space: pre-wrap;\"> y sus efectos secundarios incluyen sangrado, moretones, hinchaz\u00f3n e infecci\u00f3n y muchas veces es necesario realizar m\u00e1s de una cirug\u00eda para obtener el efecto deseado.<\/span><\/p><p><span style=\"font-weight: normal;\">\u00a0<\/span><\/p><p dir=\"ltr\" style=\"line-height: 1.3800000000000001; margin-top: 0pt; margin-bottom: 0pt;\"><span style=\"font-size: 11pt; font-family: Arial,sans-serif; color: #000000; background-color: #ffffff; font-weight: 400; font-style: normal; font-variant: normal; text-decoration: none; vertical-align: baseline; white-space: pre-wrap;\">En este escenario, surge una nueva alternativa en desarrollo con resultados prometedores para la<\/span><span style=\"font-size: 11pt; font-family: Arial,sans-serif; color: #000000; background-color: #ffffff; font-weight: bold; font-style: normal; font-variant: normal; text-decoration: none; vertical-align: baseline; white-space: pre-wrap;\"> restauraci\u00f3n del cabello<\/span><span style=\"font-size: 11pt; font-family: Arial,sans-serif; color: #000000; background-color: #ffffff; font-weight: 400; font-style: normal; font-variant: normal; text-decoration: none; vertical-align: baseline; white-space: pre-wrap;\">: el<\/span><span style=\"font-size: 11pt; font-family: Arial,sans-serif; color: #000000; background-color: #ffffff; font-weight: bold; font-style: normal; font-variant: normal; text-decoration: none; vertical-align: baseline; white-space: pre-wrap;\"> plasma rico en plaquetas (PRP)<\/span><span style=\"font-size: 11pt; font-family: Arial,sans-serif; color: #000000; background-color: #ffffff; font-weight: 400; font-style: normal; font-variant: normal; text-decoration: none; vertical-align: baseline; white-space: pre-wrap;\">.<\/span><\/p>\t\t\t\t\t\t<\/div>\n\t\t\t\t<\/div>\n\t\t\t\t\t<\/div>\n\t\t<\/div>\n\t\t\t\t\t\t\t<\/div>\n\t\t<\/section>\n\t\t\t\t<section class=\"elementor-section elementor-top-section elementor-element elementor-element-4c3c456 elementor-section-boxed elementor-section-height-default elementor-section-height-default\" data-id=\"4c3c456\" data-element_type=\"section\">\n\t\t\t\t\t\t<div class=\"elementor-container elementor-column-gap-default\">\n\t\t\t\t\t<div class=\"elementor-column elementor-col-100 elementor-top-column elementor-element elementor-element-aecda47\" data-id=\"aecda47\" data-element_type=\"column\">\n\t\t\t<div class=\"elementor-widget-wrap elementor-element-populated\">\n\t\t\t\t\t\t\t\t<div class=\"elementor-element elementor-element-6bc2c30 elementor-widget elementor-widget-heading\" data-id=\"6bc2c30\" data-element_type=\"widget\" data-widget_type=\"heading.default\">\n\t\t\t\t<div class=\"elementor-widget-container\">\n\t\t\t<h4 class=\"elementor-heading-title elementor-size-default\">\u00bfC\u00f3mo funciona el plasma rico en plaquetas para la restauraci\u00f3n del cabello?\n\n<\/h4>\t\t<\/div>\n\t\t\t\t<\/div>\n\t\t\t\t\t<\/div>\n\t\t<\/div>\n\t\t\t\t\t\t\t<\/div>\n\t\t<\/section>\n\t\t\t\t<section class=\"elementor-section elementor-top-section elementor-element elementor-element-287663d elementor-section-boxed elementor-section-height-default elementor-section-height-default\" data-id=\"287663d\" data-element_type=\"section\">\n\t\t\t\t\t\t<div class=\"elementor-container elementor-column-gap-default\">\n\t\t\t\t\t<div class=\"elementor-column elementor-col-100 elementor-top-column elementor-element elementor-element-d819dac\" data-id=\"d819dac\" data-element_type=\"column\">\n\t\t\t<div class=\"elementor-widget-wrap elementor-element-populated\">\n\t\t\t\t\t\t\t\t<div class=\"elementor-element elementor-element-de45de2 elementor-widget elementor-widget-text-editor\" data-id=\"de45de2\" data-element_type=\"widget\" data-widget_type=\"text-editor.default\">\n\t\t\t\t<div class=\"elementor-widget-container\">\n\t\t\t\t\t\t\t<p>El plasma rico en plaquetas para la ca\u00edda del cabello<b>\u00a0<\/b><span style=\"font-weight: 400;\">es una concentraci\u00f3n aut\u00f3loga que<\/span> <span style=\"font-weight: 400;\">se obtiene de la propia sangre del paciente mediante un proceso de centrifugaci\u00f3n que separa las plaquetas del resto de los componentes sangu\u00edneos. Este preparado contiene de 5 a 10 veces la concentraci\u00f3n de plaquetas que se encuentra en la sangre total, estimulando la reparaci\u00f3n y regeneraci\u00f3n de tejidos que contribuyen a la regeneraci\u00f3n del cabello. <\/span><\/p>\t\t\t\t\t\t<\/div>\n\t\t\t\t<\/div>\n\t\t\t\t\t<\/div>\n\t\t<\/div>\n\t\t\t\t\t\t\t<\/div>\n\t\t<\/section>\n\t\t\t\t<section class=\"elementor-section elementor-top-section elementor-element elementor-element-06265aa elementor-section-boxed elementor-section-height-default elementor-section-height-default\" data-id=\"06265aa\" data-element_type=\"section\">\n\t\t\t\t\t\t<div class=\"elementor-container elementor-column-gap-default\">\n\t\t\t\t\t<div class=\"elementor-column elementor-col-100 elementor-top-column elementor-element elementor-element-fd3ab64\" data-id=\"fd3ab64\" data-element_type=\"column\">\n\t\t\t<div class=\"elementor-widget-wrap elementor-element-populated\">\n\t\t\t\t\t\t\t\t<div class=\"elementor-element elementor-element-710ceb1 elementor-widget elementor-widget-heading\" data-id=\"710ceb1\" data-element_type=\"widget\" data-widget_type=\"heading.default\">\n\t\t\t\t<div class=\"elementor-widget-container\">\n\t\t\t<h2 class=\"elementor-heading-title elementor-size-default\">Metodolog\u00eda de administraci\u00f3n<\/h2>\t\t<\/div>\n\t\t\t\t<\/div>\n\t\t\t\t\t<\/div>\n\t\t<\/div>\n\t\t\t\t\t\t\t<\/div>\n\t\t<\/section>\n\t\t\t\t<section class=\"elementor-section elementor-top-section elementor-element elementor-element-b911acc elementor-section-boxed elementor-section-height-default elementor-section-height-default\" data-id=\"b911acc\" data-element_type=\"section\">\n\t\t\t\t\t\t<div class=\"elementor-container elementor-column-gap-default\">\n\t\t\t\t\t<div class=\"elementor-column elementor-col-100 elementor-top-column elementor-element elementor-element-0c1d459\" data-id=\"0c1d459\" data-element_type=\"column\">\n\t\t\t<div class=\"elementor-widget-wrap elementor-element-populated\">\n\t\t\t\t\t\t\t\t<div class=\"elementor-element elementor-element-d63441b elementor-widget elementor-widget-text-editor\" data-id=\"d63441b\" data-element_type=\"widget\" data-widget_type=\"text-editor.default\">\n\t\t\t\t<div class=\"elementor-widget-container\">\n\t\t\t\t\t\t\t<p dir=\"ltr\" style=\"line-height: 1.3800000000000001; margin-top: 0pt; margin-bottom: 0pt;\"><span style=\"font-size: 11pt; font-family: Arial,sans-serif; color: #000000; background-color: #ffffff; font-weight: 400; font-style: normal; font-variant: normal; text-decoration: none; vertical-align: baseline; white-space: pre-wrap;\">Para el <\/span><span style=\"font-size: 11pt; font-family: Arial,sans-serif; color: #000000; background-color: #ffffff; font-weight: bold; font-style: normal; font-variant: normal; text-decoration: none; vertical-align: baseline; white-space: pre-wrap;\">tratamiento <\/span><span style=\"font-size: 11pt; font-family: Arial,sans-serif; color: #000000; background-color: transparent; font-weight: bold; font-style: normal; font-variant: normal; text-decoration: none; vertical-align: baseline; white-space: pre-wrap;\">de la p\u00e9rdida del cabello<\/span><span style=\"font-size: 11pt; font-family: Arial,sans-serif; color: #000000; background-color: #ffffff; font-weight: 400; font-style: normal; font-variant: normal; text-decoration: none; vertical-align: baseline; white-space: pre-wrap;\">, el PRP se inyecta en el cuero cabelludo, activando las plaquetas y estimulando el desarrollo de nuevos fol\u00edculos.\u00a0<\/span><\/p><p><b id=\"docs-internal-guid-95d16c0f-7fff-41c3-4786-cf62a8c1c761\" style=\"font-weight: normal;\">\u00a0<\/b><\/p><p dir=\"ltr\" style=\"line-height: 1.3800000000000001; margin-top: 0pt; margin-bottom: 0pt;\"><span style=\"font-size: 11pt; font-family: Arial,sans-serif; color: #000000; background-color: #ffffff; font-weight: 400; font-style: normal; font-variant: normal; text-decoration: none; vertical-align: baseline; white-space: pre-wrap;\">En base a los estudios desarrollados, \u201c<\/span><span style=\"font-size: 11pt; font-family: Arial,sans-serif; color: #000000; background-color: transparent; font-weight: 400; font-style: normal; font-variant: normal; text-decoration: none; vertical-align: baseline; white-space: pre-wrap;\">estos factores de crecimiento desempe\u00f1an un papel en la activaci\u00f3n de los fibroblastos, la s\u00edntesis de col\u00e1geno, la estimulaci\u00f3n de la matriz extracelular y la sobreexpresi\u00f3n de factores de crecimiento end\u00f3genos\u201d<\/span><span style=\"font-size: 11pt; font-family: Arial,sans-serif; color: #000000; background-color: transparent; font-weight: 400; font-style: normal; font-variant: normal; text-decoration: none; vertical-align: baseline; white-space: pre-wrap;\">.<\/span><\/p><p><span style=\"font-weight: normal;\">\u00a0<\/span><\/p><p dir=\"ltr\" style=\"line-height: 1.3800000000000001; margin-top: 0pt; margin-bottom: 0pt;\"><span style=\"font-size: 11pt; font-family: Arial,sans-serif; color: #000000; background-color: transparent; font-weight: 400; font-style: normal; font-variant: normal; text-decoration: none; vertical-align: baseline; white-space: pre-wrap;\">Es un proceso no invasivo para el paciente ya que no requiere hospitalizaci\u00f3n ni anestesia. <\/span><\/p>\t\t\t\t\t\t<\/div>\n\t\t\t\t<\/div>\n\t\t\t\t\t<\/div>\n\t\t<\/div>\n\t\t\t\t\t\t\t<\/div>\n\t\t<\/section>\n\t\t\t\t<section class=\"elementor-section elementor-top-section elementor-element elementor-element-84d4395 elementor-section-boxed elementor-section-height-default elementor-section-height-default\" data-id=\"84d4395\" data-element_type=\"section\">\n\t\t\t\t\t\t<div class=\"elementor-container elementor-column-gap-default\">\n\t\t\t\t\t<div class=\"elementor-column elementor-col-100 elementor-top-column elementor-element elementor-element-9c79e61\" data-id=\"9c79e61\" data-element_type=\"column\">\n\t\t\t<div class=\"elementor-widget-wrap elementor-element-populated\">\n\t\t\t\t\t\t\t\t<div class=\"elementor-element elementor-element-b9ac914 elementor-widget elementor-widget-heading\" data-id=\"b9ac914\" data-element_type=\"widget\" data-widget_type=\"heading.default\">\n\t\t\t\t<div class=\"elementor-widget-container\">\n\t\t\t<h2 class=\"elementor-heading-title elementor-size-default\">Candidatos ideales para tratamiento del plasma rico en plaquetas para la ca\u00edda del cabello\n<\/h2>\t\t<\/div>\n\t\t\t\t<\/div>\n\t\t\t\t\t<\/div>\n\t\t<\/div>\n\t\t\t\t\t\t\t<\/div>\n\t\t<\/section>\n\t\t\t\t<section class=\"elementor-section elementor-top-section elementor-element elementor-element-f4c0353 elementor-section-boxed elementor-section-height-default elementor-section-height-default\" data-id=\"f4c0353\" data-element_type=\"section\">\n\t\t\t\t\t\t<div class=\"elementor-container elementor-column-gap-default\">\n\t\t\t\t\t<div class=\"elementor-column elementor-col-100 elementor-top-column elementor-element elementor-element-858e381\" data-id=\"858e381\" data-element_type=\"column\">\n\t\t\t<div class=\"elementor-widget-wrap elementor-element-populated\">\n\t\t\t\t\t\t\t\t<div class=\"elementor-element elementor-element-e81ef01 elementor-widget elementor-widget-text-editor\" data-id=\"e81ef01\" data-element_type=\"widget\" data-widget_type=\"text-editor.default\">\n\t\t\t\t<div class=\"elementor-widget-container\">\n\t\t\t\t\t\t\t<p><span style=\"font-weight: 400;\">Los pacientes que presentan una<\/span><b> ca\u00edda del cabello incipiente<\/b><span style=\"font-weight: 400;\"> son los candidatos ideales para realizarse el tratamiento con PRP debido a que esta terapia no suprime el componente hormonal de la alopecia androgen\u00e9tica. Es decir que, si bien es un tratamiento eficaz que aumenta la densidad del cuero cabelludo, no resuelve su causa. <\/span><\/p>\t\t\t\t\t\t<\/div>\n\t\t\t\t<\/div>\n\t\t\t\t\t<\/div>\n\t\t<\/div>\n\t\t\t\t\t\t\t<\/div>\n\t\t<\/section>\n\t\t\t\t<section class=\"elementor-section elementor-top-section elementor-element elementor-element-e67f10d elementor-section-boxed elementor-section-height-default elementor-section-height-default\" data-id=\"e67f10d\" data-element_type=\"section\">\n\t\t\t\t\t\t<div class=\"elementor-container elementor-column-gap-default\">\n\t\t\t\t\t<div class=\"elementor-column elementor-col-100 elementor-top-column elementor-element elementor-element-3b5ba85\" data-id=\"3b5ba85\" data-element_type=\"column\">\n\t\t\t<div class=\"elementor-widget-wrap elementor-element-populated\">\n\t\t\t\t\t\t\t\t<div class=\"elementor-element elementor-element-fccc084 elementor-widget-divider--view-line elementor-widget elementor-widget-divider\" data-id=\"fccc084\" data-element_type=\"widget\" data-widget_type=\"divider.default\">\n\t\t\t\t<div class=\"elementor-widget-container\">\n\t\t\t\t\t<div class=\"elementor-divider\">\n\t\t\t<span class=\"elementor-divider-separator\">\n\t\t\t\t\t\t<\/span>\n\t\t<\/div>\n\t\t\t\t<\/div>\n\t\t\t\t<\/div>\n\t\t\t\t\t<\/div>\n\t\t<\/div>\n\t\t\t\t\t\t\t<\/div>\n\t\t<\/section>\n\t\t\t\t<section class=\"elementor-section elementor-top-section elementor-element elementor-element-85f804b elementor-section-boxed elementor-section-height-default elementor-section-height-default\" data-id=\"85f804b\" data-element_type=\"section\">\n\t\t\t\t\t\t<div class=\"elementor-container elementor-column-gap-default\">\n\t\t\t\t\t<div class=\"elementor-column elementor-col-100 elementor-top-column elementor-element elementor-element-d262645\" data-id=\"d262645\" data-element_type=\"column\">\n\t\t\t<div class=\"elementor-widget-wrap elementor-element-populated\">\n\t\t\t\t\t\t\t\t<div class=\"elementor-element elementor-element-fbfe915 elementor-widget elementor-widget-heading\" data-id=\"fbfe915\" data-element_type=\"widget\" data-widget_type=\"heading.default\">\n\t\t\t\t<div class=\"elementor-widget-container\">\n\t\t\t<h2 class=\"elementor-heading-title elementor-size-default\"><a href=\"https:\/\/bio-teach.com\/kitsprp\/que-tubo-se-utiliza-para-prp\/\">Tal vez le pueda interesar: \u00bfQu\u00e9 tubo se utiliza para PRP? <\/a><\/h2>\t\t<\/div>\n\t\t\t\t<\/div>\n\t\t\t\t\t<\/div>\n\t\t<\/div>\n\t\t\t\t\t\t\t<\/div>\n\t\t<\/section>\n\t\t\t\t<section class=\"elementor-section elementor-top-section elementor-element elementor-element-9b811c1 elementor-section-boxed elementor-section-height-default elementor-section-height-default\" data-id=\"9b811c1\" data-element_type=\"section\">\n\t\t\t\t\t\t<div class=\"elementor-container elementor-column-gap-default\">\n\t\t\t\t\t<div class=\"elementor-column elementor-col-100 elementor-top-column elementor-element elementor-element-87dd0fc\" data-id=\"87dd0fc\" data-element_type=\"column\">\n\t\t\t<div class=\"elementor-widget-wrap elementor-element-populated\">\n\t\t\t\t\t\t\t\t<div class=\"elementor-element elementor-element-d212d19 elementor-widget-divider--view-line elementor-widget elementor-widget-divider\" data-id=\"d212d19\" data-element_type=\"widget\" data-widget_type=\"divider.default\">\n\t\t\t\t<div class=\"elementor-widget-container\">\n\t\t\t\t\t<div class=\"elementor-divider\">\n\t\t\t<span class=\"elementor-divider-separator\">\n\t\t\t\t\t\t<\/span>\n\t\t<\/div>\n\t\t\t\t<\/div>\n\t\t\t\t<\/div>\n\t\t\t\t\t<\/div>\n\t\t<\/div>\n\t\t\t\t\t\t\t<\/div>\n\t\t<\/section>\n\t\t\t\t<section class=\"elementor-section elementor-top-section elementor-element elementor-element-99b5018 elementor-section-boxed elementor-section-height-default elementor-section-height-default\" data-id=\"99b5018\" data-element_type=\"section\">\n\t\t\t\t\t\t<div class=\"elementor-container elementor-column-gap-default\">\n\t\t\t\t\t<div class=\"elementor-column elementor-col-100 elementor-top-column elementor-element elementor-element-0f69a64\" data-id=\"0f69a64\" data-element_type=\"column\">\n\t\t\t<div class=\"elementor-widget-wrap elementor-element-populated\">\n\t\t\t\t\t\t\t\t<div class=\"elementor-element elementor-element-68465c4 elementor-widget elementor-widget-heading\" data-id=\"68465c4\" data-element_type=\"widget\" data-widget_type=\"heading.default\">\n\t\t\t\t<div class=\"elementor-widget-container\">\n\t\t\t<h2 class=\"elementor-heading-title elementor-size-default\">Contraindicaciones y efectos secundarios del plasma rico en plaquetas para la ca\u00edda del cabello<\/h2>\t\t<\/div>\n\t\t\t\t<\/div>\n\t\t\t\t\t<\/div>\n\t\t<\/div>\n\t\t\t\t\t\t\t<\/div>\n\t\t<\/section>\n\t\t\t\t<section class=\"elementor-section elementor-top-section elementor-element elementor-element-2d28de1 elementor-section-boxed elementor-section-height-default elementor-section-height-default\" data-id=\"2d28de1\" data-element_type=\"section\">\n\t\t\t\t\t\t<div class=\"elementor-container elementor-column-gap-default\">\n\t\t\t\t\t<div class=\"elementor-column elementor-col-100 elementor-top-column elementor-element elementor-element-60097c2\" data-id=\"60097c2\" data-element_type=\"column\">\n\t\t\t<div class=\"elementor-widget-wrap elementor-element-populated\">\n\t\t\t\t\t\t\t\t<div class=\"elementor-element elementor-element-ed34d14 elementor-widget elementor-widget-text-editor\" data-id=\"ed34d14\" data-element_type=\"widget\" data-widget_type=\"text-editor.default\">\n\t\t\t\t<div class=\"elementor-widget-container\">\n\t\t\t\t\t\t\t<p><span style=\"font-weight: 400;\">El PRP tiene una ventaja significativa y es que sus efectos secundarios y el riesgo de alergias son m\u00ednimos al tratarse de una procedimiento autol\u00f3gico. Sin embargo, los pacientes con trastornos sangu\u00edneos y plaquetarios, las enfermedades hep\u00e1ticas cr\u00f3nicas, la presencia de una infecci\u00f3n grave activa, la inestabilidad cardiovascular o hemodin\u00e1mica, o los pacientes que toman ciertos medicamentos, no son candidatos a los tratamientos con PRP.\u00a0<\/span><\/p>\t\t\t\t\t\t<\/div>\n\t\t\t\t<\/div>\n\t\t\t\t\t<\/div>\n\t\t<\/div>\n\t\t\t\t\t\t\t<\/div>\n\t\t<\/section>\n\t\t\t\t<section class=\"elementor-section elementor-top-section elementor-element elementor-element-3b0e4f0 elementor-section-boxed elementor-section-height-default elementor-section-height-default\" data-id=\"3b0e4f0\" data-element_type=\"section\">\n\t\t\t\t\t\t<div class=\"elementor-container elementor-column-gap-default\">\n\t\t\t\t\t<div class=\"elementor-column elementor-col-100 elementor-top-column elementor-element elementor-element-27beda0\" data-id=\"27beda0\" data-element_type=\"column\">\n\t\t\t<div class=\"elementor-widget-wrap elementor-element-populated\">\n\t\t\t\t\t\t\t\t<div class=\"elementor-element elementor-element-51e5c49 elementor-widget elementor-widget-heading\" data-id=\"51e5c49\" data-element_type=\"widget\" data-widget_type=\"heading.default\">\n\t\t\t\t<div class=\"elementor-widget-container\">\n\t\t\t<h2 class=\"elementor-heading-title elementor-size-default\">Beneficios del plasma rico en plaquetas en la restauraci\u00f3n del cabello\n<\/h2>\t\t<\/div>\n\t\t\t\t<\/div>\n\t\t\t\t\t<\/div>\n\t\t<\/div>\n\t\t\t\t\t\t\t<\/div>\n\t\t<\/section>\n\t\t\t\t<section class=\"elementor-section elementor-top-section elementor-element elementor-element-38adf9f elementor-section-boxed elementor-section-height-default elementor-section-height-default\" data-id=\"38adf9f\" data-element_type=\"section\">\n\t\t\t\t\t\t<div class=\"elementor-container elementor-column-gap-default\">\n\t\t\t\t\t<div class=\"elementor-column elementor-col-100 elementor-top-column elementor-element elementor-element-0adfc62\" data-id=\"0adfc62\" data-element_type=\"column\">\n\t\t\t<div class=\"elementor-widget-wrap elementor-element-populated\">\n\t\t\t\t\t\t\t\t<div class=\"elementor-element elementor-element-d897f03 elementor-widget elementor-widget-text-editor\" data-id=\"d897f03\" data-element_type=\"widget\" data-widget_type=\"text-editor.default\">\n\t\t\t\t<div class=\"elementor-widget-container\">\n\t\t\t\t\t\t\t<p><span style=\"font-weight: 400;\">Los<\/span><b> resultados positivos del plasma rico en plaquetas para la ca\u00edda del cabello<\/b><span style=\"font-weight: 400;\">\u00a0en diversos campos han contribuido a que crezca el inter\u00e9s de su uso terap\u00e9utico dado que es un producto bastante seguro al ser un preparado aut\u00f3logo y sencillo de obtener. Adem\u00e1s conlleva una serie de beneficios o ventajas por sobre otros tratamientos, a saber:<\/span><\/p><ul><li style=\"list-style-type: none;\"><ul><li style=\"font-weight: 400;\" aria-level=\"1\"><b>Cabello m\u00e1s sano<\/b><span style=\"font-weight: 400;\">: aumenta el flujo sangu\u00edneo y mejora la nutrici\u00f3n capilar, promoviendo el crecimiento del pelo.<\/span><\/li><li style=\"font-weight: 400;\" aria-level=\"1\"><b>Efectos secundarios m\u00ednimos:<\/b><span style=\"font-weight: 400;\"> al tratarse de un procedimiento aut\u00f3logo, los riesgos de reacciones adversas son bajos y la tasa de efectos secundarios es muy baja en comparaci\u00f3n con otros tratamientos.<\/span><\/li><\/ul><\/li><\/ul><ul><li aria-level=\"1\"><b>Estimulaci\u00f3n de la producci\u00f3n de col\u00e1geno y elastina<\/b><\/li><\/ul><ul><li style=\"font-weight: 400;\" aria-level=\"1\"><b>Accesible econ\u00f3micamente<\/b><span style=\"font-weight: 400;\">: su costo es m\u00e1s asequible en comparaci\u00f3n con algunas cirug\u00edas de restauraci\u00f3n capilar<\/span><\/li><\/ul>\t\t\t\t\t\t<\/div>\n\t\t\t\t<\/div>\n\t\t\t\t\t<\/div>\n\t\t<\/div>\n\t\t\t\t\t\t\t<\/div>\n\t\t<\/section>\n\t\t\t\t<section class=\"elementor-section elementor-top-section elementor-element elementor-element-cee7fa5 elementor-section-boxed elementor-section-height-default elementor-section-height-default\" data-id=\"cee7fa5\" data-element_type=\"section\">\n\t\t\t\t\t\t<div class=\"elementor-container elementor-column-gap-default\">\n\t\t\t\t\t<div class=\"elementor-column elementor-col-100 elementor-top-column elementor-element elementor-element-4518e83\" data-id=\"4518e83\" data-element_type=\"column\">\n\t\t\t<div class=\"elementor-widget-wrap elementor-element-populated\">\n\t\t\t\t\t\t\t\t<div class=\"elementor-element elementor-element-00e67ca elementor-widget elementor-widget-text-editor\" data-id=\"00e67ca\" data-element_type=\"widget\" data-widget_type=\"text-editor.default\">\n\t\t\t\t<div class=\"elementor-widget-container\">\n\t\t\t\t\t\t\t<h2><span style=\"font-weight: 400;\">\u00bfEs efectivo el plasma rico en plaquetas para la ca\u00edda del cabello?<\/span><\/h2>\n<p><span style=\"font-weight: 400;\">Se han informado m\u00faltiples estudios exitosos que demuestran la <\/span><b>eficacia del PRP como tratamiento para la alopecia androgen\u00e9tica<\/b><span style=\"font-weight: 400;\">. <\/span><span style=\"font-weight: 400;\">Para mantener los resultados positivos, puede ser necesario reforzar el tratamiento entre 6 y 12 meses despu\u00e9s.<\/span><\/p>\n<p><span style=\"font-weight: 400;\">No obstante, es necesario destacar que a\u00fan se requiere de mayor investigaci\u00f3n para determinar su eficacia a largo plazo ya que la <\/span><span style=\"font-weight: 400;\">falta de estandarizaci\u00f3n de la preparaci\u00f3n del PRP dificulta establecer conclusiones sobre su eficacia cl\u00ednica.<\/span><\/p>\t\t\t\t\t\t<\/div>\n\t\t\t\t<\/div>\n\t\t\t\t<div class=\"elementor-element elementor-element-92a3ee5 elementor-widget-divider--view-line elementor-widget elementor-widget-divider\" data-id=\"92a3ee5\" data-element_type=\"widget\" data-widget_type=\"divider.default\">\n\t\t\t\t<div class=\"elementor-widget-container\">\n\t\t\t\t\t<div class=\"elementor-divider\">\n\t\t\t<span class=\"elementor-divider-separator\">\n\t\t\t\t\t\t<\/span>\n\t\t<\/div>\n\t\t\t\t<\/div>\n\t\t\t\t<\/div>\n\t\t\t\t<div class=\"elementor-element elementor-element-75ad5ee elementor-widget elementor-widget-text-editor\" data-id=\"75ad5ee\" data-element_type=\"widget\" data-widget_type=\"text-editor.default\">\n\t\t\t\t<div class=\"elementor-widget-container\">\n\t\t\t\t\t\t\t<h2><span style=\"font-weight: 400; font-family: var(--headingsfontfamily),var(--nv-fallback-ff); font-size: var(--h3fontsize); letter-spacing: var(--h3letterspacing); text-transform: var(--h3texttransform); background-color: var(--nv-site-bg); color: var(--nv-text-color);\">Costo del tratamiento de PRP para la recuperaci\u00f3n del cabello\u00a0<\/span><\/h2><p>\u00a0<\/p><p><span style=\"font-weight: 400;\">El costo del tratamiento de plasma rico en plaquetas para la restauraci\u00f3n capilar var\u00eda seg\u00fan diversos factores, como la cantidad de sesiones necesarias y el tipo de tratamiento complementario que se requiera. Si bien el costo final depender\u00e1 de cada instituci\u00f3n, en t\u00e9rminos generales el PRP es m\u00e1s econ\u00f3mico y accesible que otros tratamientos m\u00e1s invasivos como algunas cirug\u00edas de restauraci\u00f3n capilar.\u00a0<\/span><\/p><p>\u00a0<\/p><p><span style=\"font-weight: 400;\">El PRP puede ser m\u00e1s costoso que algunos medicamentos especializados pero sus resultados tienden a ser m\u00e1s efectivos y duraderos que estos \u00faltimos.<\/span><\/p>\t\t\t\t\t\t<\/div>\n\t\t\t\t<\/div>\n\t\t\t\t<div class=\"elementor-element elementor-element-2538b4f elementor-widget elementor-widget-text-editor\" data-id=\"2538b4f\" data-element_type=\"widget\" data-widget_type=\"text-editor.default\">\n\t\t\t\t<div class=\"elementor-widget-container\">\n\t\t\t\t\t\t\t<h2 style=\"font-size: var(--h2fontsize); font-weight: var(--h2fontweight); font-family: var(--headingsfontfamily),var(--nv-fallback-ff); line-height: var(--h2lineheight); letter-spacing: normal; text-transform: none;\"><span style=\"font-weight: 400;\">Conozca los productos m\u00e1s eficientes para obtener PRP<\/span><\/h2><p><span style=\"font-weight: 400;\">A medida que este tratamiento gana popularidad, las opciones del mercado <\/span><span style=\"font-weight: 400;\">aumentan. En este apartado, encontrar\u00e1 diferentes opciones de<\/span>\u00a0kits para obtener plasma rico en plaquetas para el tratamiento de la p\u00e9rdida de cabello<span style=\"font-weight: 400;\">:<\/span><\/p><ul style=\"padding-left: var(--listpad,0); list-style: var(--liststyle,none);\"><li aria-level=\"1\"><h4>Rein PRP<\/h4><\/li><\/ul><p><span style=\"font-weight: 400;\">El <strong><a href=\"https:\/\/bio-teach.com\/kitsprp\/\">kit PRP Rein<\/a><\/strong> es un dispositivo m\u00e9dico seguro que demostr\u00f3 su eficacia para tratar diferentes condiciones m\u00e9dicas.<\/span><\/p><p><span style=\"font-weight: 400;\">Sus principales caracter\u00edsticas son:<\/span><\/p><p><span style=\"font-weight: 400;\">&#8211; Presenta kit completo<\/span><\/p><p><span style=\"font-weight: 400;\">&#8211; Tiene una recuperaci\u00f3n de hasta el 85% de plaquetas<\/span><\/p><p><span style=\"font-weight: 400;\">&#8211; Mantiene compatibilidad con la mayor\u00eda de las centr\u00edfugas del mercado<\/span><\/p><p><span style=\"font-weight: 400;\">&#8211; Incluye anticoagulante para hacer m\u00e1s simple el proceso<\/span><\/p><p><span style=\"font-weight: 400;\">&#8211; De sistema cerrado, esterilizado y bio-compatible<\/span><\/p><p><span style=\"font-weight: 400;\">&#8211; Permite una obtenci\u00f3n de 2 ml de PRP por cada 10 mililitros\u00a0<\/span><\/p><p><span style=\"font-weight: 400;\">Asimismo, los tubos del Kit PRP REIN no incluyen gel ni componentes de origen <\/span><span style=\"font-weight: 400;\">petroqu\u00edmico por lo que no hay riesgo de alergias.<\/span><\/p><ul style=\"padding-left: var(--listpad,0); list-style: var(--liststyle,none);\"><li aria-level=\"1\"><h4>Prolo 30<\/h4><\/li><\/ul><p><span style=\"font-weight: 400;\">La eficacia del <strong><a href=\"https:\/\/bio-teach.com\/kitsprp\/\">Kit PRP PROLO 30<\/a><\/strong> ha sido comprobada en estudios cl\u00ednicos.\u00a0<\/span><\/p><p><span style=\"font-weight: 400;\">&#8211; Proporciona 96% de pureza<\/span><\/p><p><span style=\"font-weight: 400;\">&#8211; Ofrece hasta 97% de extracci\u00f3n<\/span><\/p><p><span style=\"font-weight: 400;\">&#8211; Presenta un sistema cerrado, lo que lo hace seguro<\/span><\/p><p><span style=\"font-weight: 400;\">&#8211; No contiene productos qu\u00edmicos ni aditivos<\/span><\/p><p><span style=\"font-weight: 400;\">&#8211; Se produce en una sala limpia completamente esterilizada mediante irradiaci\u00f3n <\/span><span style=\"font-weight: 400;\">segura de rayos gamma<\/span><\/p><p><span style=\"font-weight: 400;\">&#8211; Ofrece un control preciso sobre la concentraci\u00f3n de PRP<\/span><\/p><ul style=\"padding-left: var(--listpad,0); list-style: var(--liststyle,none);\"><li aria-level=\"1\"><h4>Dr. PRP<\/h4><\/li><\/ul><p><span style=\"font-weight: 400;\">El <strong><a href=\"https:\/\/bio-teach.com\/kitsprp\/\">Dr. PRP<\/a><\/strong> permite recuperar m\u00e1s del 90% de las plaquetas de una muestra de sangre <\/span><span style=\"font-weight: 400;\">para producir PRP de alta calidad. A su vez:<\/span><\/p><p><span style=\"font-weight: 400;\">&#8211; Presenta un dise\u00f1o simple e innovador y un sistema completamente cerrado y <\/span><span style=\"font-weight: 400;\">est\u00e9ril<\/span><\/p><p><span style=\"font-weight: 400;\">&#8211; El aire exterior se bloquea con una doble tapa de seguridad<\/span><\/p><p><span style=\"font-weight: 400;\">&#8211; La capa leucocitaria se ve f\u00e1cilmente en el cuello del dispositivo, permitiendo <\/span><span style=\"font-weight: 400;\">separar con precisi\u00f3n los componentes en el tipo de PRP que desea producir<\/span><\/p><p><span style=\"font-weight: 400;\">&#8211; Permite eliminar los gl\u00f3bulos rojos de tu producto PRP final<\/span><\/p><p><span style=\"font-weight: 400;\">&#8211; Este kit est\u00e1 fabricado con un completo sistema de esterilizaci\u00f3n por rayos <\/span><span style=\"font-weight: 400;\">gamma, seg\u00fan la norma ISO 13485<\/span><\/p><p><span style=\"font-weight: 400;\">&#8211; Se encuentra elaborado \u00fanicamente con materias primas completas con <\/span><span style=\"font-weight: 400;\">certificaci\u00f3n de biocompatibilidad<\/span><\/p>\t\t\t\t\t\t<\/div>\n\t\t\t\t<\/div>\n\t\t\t\t<div class=\"elementor-element elementor-element-86d97eb elementor-widget-divider--view-line elementor-widget elementor-widget-divider\" data-id=\"86d97eb\" data-element_type=\"widget\" data-widget_type=\"divider.default\">\n\t\t\t\t<div class=\"elementor-widget-container\">\n\t\t\t\t\t<div class=\"elementor-divider\">\n\t\t\t<span class=\"elementor-divider-separator\">\n\t\t\t\t\t\t<\/span>\n\t\t<\/div>\n\t\t\t\t<\/div>\n\t\t\t\t<\/div>\n\t\t\t\t<div class=\"elementor-element elementor-element-efa4607 elementor-skin-carousel elementor-arrows-yes elementor-pagination-type-bullets elementor-pagination-position-outside elementor-widget elementor-widget-media-carousel\" data-id=\"efa4607\" data-element_type=\"widget\" data-settings=\"{&quot;skin&quot;:&quot;carousel&quot;,&quot;effect&quot;:&quot;slide&quot;,&quot;show_arrows&quot;:&quot;yes&quot;,&quot;pagination&quot;:&quot;bullets&quot;,&quot;speed&quot;:500,&quot;autoplay&quot;:&quot;yes&quot;,&quot;autoplay_speed&quot;:5000,&quot;loop&quot;:&quot;yes&quot;,&quot;pause_on_hover&quot;:&quot;yes&quot;,&quot;pause_on_interaction&quot;:&quot;yes&quot;,&quot;space_between&quot;:{&quot;unit&quot;:&quot;px&quot;,&quot;size&quot;:10,&quot;sizes&quot;:[]},&quot;space_between_tablet&quot;:{&quot;unit&quot;:&quot;px&quot;,&quot;size&quot;:10,&quot;sizes&quot;:[]},&quot;space_between_mobile&quot;:{&quot;unit&quot;:&quot;px&quot;,&quot;size&quot;:10,&quot;sizes&quot;:[]}}\" data-widget_type=\"media-carousel.default\">\n\t\t\t\t<div class=\"elementor-widget-container\">\n\t\t\t\t\t<div class=\"elementor-swiper\">\n\t\t\t<div class=\"elementor-main-swiper swiper-container\">\n\t\t\t\t<div class=\"swiper-wrapper\">\n\t\t\t\t\t\t\t\t\t\t\t<div class=\"swiper-slide\">\n\t\t\t\t\t\t\t<a href=\"https:\/\/bio-teach.com\/kitsprp\/\">\t\t<div class=\"elementor-carousel-image\" style=\"background-image: url(https:\/\/ml2wibi8up3f.i.optimole.com\/uueflVA-ogItHiug\/w:auto\/h:auto\/q:auto\/https:\/\/bio-teach.com\/kitsprp\/wp-content\/uploads\/2024\/01\/materiales-para-plasma-rico-en-plaquetas-1.webp)\">\n\t\t\t\t\t<\/div>\n\t\t<\/a>\t\t\t\t\t\t<\/div>\n\t\t\t\t\t\t\t\t\t\t\t<div class=\"swiper-slide\">\n\t\t\t\t\t\t\t<a href=\"https:\/\/bio-teach.com\/kitsprp\/\">\t\t<div class=\"elementor-carousel-image\" style=\"background-image: url(https:\/\/ml2wibi8up3f.i.optimole.com\/uueflVA-ZBzTpXdr\/w:auto\/h:auto\/q:auto\/https:\/\/bio-teach.com\/kitsprp\/wp-content\/uploads\/2024\/01\/materiales-para-plasma-rico-en-plaquetas-11.webp)\">\n\t\t\t\t\t<\/div>\n\t\t<\/a>\t\t\t\t\t\t<\/div>\n\t\t\t\t\t\t\t\t\t\t\t<div class=\"swiper-slide\">\n\t\t\t\t\t\t\t<a href=\"https:\/\/bio-teach.com\/kitsprp\/\">\t\t<div class=\"elementor-carousel-image\" style=\"background-image: url(https:\/\/ml2wibi8up3f.i.optimole.com\/uueflVA-Sr9tIX2A\/w:auto\/h:auto\/q:auto\/https:\/\/bio-teach.com\/kitsprp\/wp-content\/uploads\/2024\/01\/materiales-para-plasma-rico-en-plaquetas-5.webp)\">\n\t\t\t\t\t<\/div>\n\t\t<\/a>\t\t\t\t\t\t<\/div>\n\t\t\t\t\t\t\t\t\t<\/div>\n\t\t\t\t\t\t\t\t\t\t\t\t\t\t\t<div class=\"swiper-pagination\"><\/div>\n\t\t\t\t\t\t\t\t\t\t\t\t\t\t\t\t<div class=\"elementor-swiper-button elementor-swiper-button-prev\">\n\t\t\t\t\t\t\t<i class=\"eicon-chevron-left\" aria-hidden=\"true\"><\/i>\n\t\t\t\t\t\t\t<span class=\"elementor-screen-only\">Previous<\/span>\n\t\t\t\t\t\t<\/div>\n\t\t\t\t\t\t<div class=\"elementor-swiper-button elementor-swiper-button-next\">\n\t\t\t\t\t\t\t<i class=\"eicon-chevron-right\" aria-hidden=\"true\"><\/i>\n\t\t\t\t\t\t\t<span class=\"elementor-screen-only\">Next<\/span>\n\t\t\t\t\t\t<\/div>\n\t\t\t\t\t\t\t\t\t\t\t\t<\/div>\n\t\t<\/div>\n\t\t\t\t<\/div>\n\t\t\t\t<\/div>\n\t\t\t\t<div class=\"elementor-element elementor-element-8dc88b7 elementor-widget elementor-widget-text-editor\" data-id=\"8dc88b7\" data-element_type=\"widget\" data-widget_type=\"text-editor.default\">\n\t\t\t\t<div class=\"elementor-widget-container\">\n\t\t\t\t\t\t\t<h2 style=\"font-size: var(--h2fontsize); font-weight: var(--h2fontweight); font-family: var(--headingsfontfamily),var(--nv-fallback-ff); line-height: var(--h2lineheight); letter-spacing: normal; text-transform: none;\"><span style=\"font-weight: 400;\">Bio-Teach Medical: un aliado para la restauraci\u00f3n del cabello<\/span><\/h2><p>\u00a0<\/p><p><span style=\"font-weight: 400;\">En este contexto,\u00a0<\/span>Bio-Teach Medical\u00a0<span style=\"font-weight: 400;\">se posiciona como l\u00edder en la\u00a0<\/span>comercializaci\u00f3n de kits PRP para el tratamiento de la ca\u00edda del cabello<span style=\"font-weight: 400;\">. La compa\u00f1\u00eda, que cuenta con 26 a\u00f1os en el campo de la salud, mantiene un fuerte compromiso con la calidad y la innovaci\u00f3n en el suministro de dispositivos m\u00e9dicos, respaldando la eficacia y seguridad de los productos mencionados anteriormente, como el kit PRP Rein, Prolo 30 y Dr. PRP.<\/span><\/p><p>\u00a0<\/p><p><span style=\"font-weight: 400;\">Asimismo, proporciona asesoramiento especializado para garantizar el \u00e9xito en la implementaci\u00f3n de tratamientos con plasma rico en plaquetas para combatir la p\u00e9rdida del cabello.\u00a0<\/span><\/p><p>\u00a0<\/p><p>Para obtener m\u00e1s informaci\u00f3n sobre sus productos y servicios, haga clic\u00a0<a style=\"--linkdeco: underline;\" href=\"https:\/\/bio-teach.com\/\">aqu\u00ed<\/a><span style=\"font-weight: 400;\">.<\/span><\/p>\t\t\t\t\t\t<\/div>\n\t\t\t\t<\/div>\n\t\t\t\t<div class=\"elementor-element elementor-element-50612df elementor-widget elementor-widget-text-editor\" data-id=\"50612df\" data-element_type=\"widget\" data-widget_type=\"text-editor.default\">\n\t\t\t\t<div class=\"elementor-widget-container\">\n\t\t\t\t\t\t\t<p><b>Para obtener m\u00e1s informaci\u00f3n sobre c\u00f3mo nuestros productos pueden contribuir al \u00e9xito de sus tratamientos con plasma rico en plaquetas, le invitamos a ponerse en <a href=\"https:\/\/bio-teach.com\/kitsprp\/contacto\/\" target=\"_blank\" rel=\"noopener\">contacto<\/a> con Bio-Teach Medical. Estamos a su disposici\u00f3n en Espa\u00f1a y Portugal para ayudarle a alcanzar sus objetivos profesionales y terap\u00e9uticos.<\/b><\/p>\t\t\t\t\t\t<\/div>\n\t\t\t\t<\/div>\n\t\t\t\t\t<\/div>\n\t\t<\/div>\n\t\t\t\t\t\t\t<\/div>\n\t\t<\/section>\n\t\t\t\t<section class=\"elementor-section elementor-top-section elementor-element elementor-element-3794323 elementor-section-boxed elementor-section-height-default elementor-section-height-default\" data-id=\"3794323\" data-element_type=\"section\">\n\t\t\t\t\t\t<div class=\"elementor-container elementor-column-gap-default\">\n\t\t\t\t\t<div class=\"elementor-column elementor-col-100 elementor-top-column elementor-element elementor-element-08b460f\" data-id=\"08b460f\" data-element_type=\"column\">\n\t\t\t<div class=\"elementor-widget-wrap elementor-element-populated\">\n\t\t\t\t\t\t\t\t<section class=\"elementor-section elementor-inner-section elementor-element elementor-element-62db930 elementor-section-boxed elementor-section-height-default elementor-section-height-default\" data-id=\"62db930\" data-element_type=\"section\">\n\t\t\t\t\t\t<div class=\"elementor-container elementor-column-gap-default\">\n\t\t\t\t\t<div class=\"elementor-column elementor-col-50 elementor-inner-column elementor-element elementor-element-5b91981\" data-id=\"5b91981\" data-element_type=\"column\">\n\t\t\t<div class=\"elementor-widget-wrap elementor-element-populated\">\n\t\t\t\t\t\t\t\t<div class=\"elementor-element elementor-element-2108fac elementor-widget elementor-widget-text-editor\" data-id=\"2108fac\" data-element_type=\"widget\" data-widget_type=\"text-editor.default\">\n\t\t\t\t<div class=\"elementor-widget-container\">\n\t\t\t\t\t\t\t<p>Joe Ramirez<\/p><p>Director Comercial de Bio-Teach Medical<\/p>\t\t\t\t\t\t<\/div>\n\t\t\t\t<\/div>\n\t\t\t\t<div class=\"elementor-element elementor-element-f6b29cc e-grid-align-left elementor-shape-rounded elementor-grid-0 elementor-widget elementor-widget-social-icons\" data-id=\"f6b29cc\" data-element_type=\"widget\" data-widget_type=\"social-icons.default\">\n\t\t\t\t<div class=\"elementor-widget-container\">\n\t\t\t\t\t<div class=\"elementor-social-icons-wrapper elementor-grid\">\n\t\t\t\t\t\t\t<span class=\"elementor-grid-item\">\n\t\t\t\t\t<a class=\"elementor-icon elementor-social-icon elementor-social-icon-linkedin elementor-repeater-item-ea2d6ac\" href=\"https:\/\/www.linkedin.com\/in\/joeramz\/\" target=\"_blank\">\n\t\t\t\t\t\t<span class=\"elementor-screen-only\">Linkedin<\/span>\n\t\t\t\t\t\t<i class=\"fab fa-linkedin\"><\/i>\t\t\t\t\t<\/a>\n\t\t\t\t<\/span>\n\t\t\t\t\t<\/div>\n\t\t\t\t<\/div>\n\t\t\t\t<\/div>\n\t\t\t\t\t<\/div>\n\t\t<\/div>\n\t\t\t\t<div class=\"elementor-column elementor-col-50 elementor-inner-column elementor-element elementor-element-3ab5260\" data-id=\"3ab5260\" data-element_type=\"column\">\n\t\t\t<div class=\"elementor-widget-wrap\">\n\t\t\t\t\t\t\t\t\t<\/div>\n\t\t<\/div>\n\t\t\t\t\t\t\t<\/div>\n\t\t<\/section>\n\t\t\t\t\t<\/div>\n\t\t<\/div>\n\t\t\t\t\t\t\t<\/div>\n\t\t<\/section>\n\t\t\t\t\t\t\t<\/div>\n\t\t","protected":false},"excerpt":{"rendered":"<p>Debido a la limitaci\u00f3n de tratamientos efectivos para la p\u00e9rdida capilar, el plasma rico en plaquetas para la ca\u00edda del cabello ha surgido como una terapia alternativa y eficaz. \u00bfEn qu\u00e9 consiste este tratamiento y qui\u00e9nes pueden acceder?<\/p>\n","protected":false},"author":4,"featured_media":5286,"comment_status":"closed","ping_status":"open","sticky":false,"template":"","format":"standard","meta":{"neve_meta_sidebar":"full-width","neve_meta_container":"","neve_meta_enable_content_width":"","neve_meta_content_width":70,"neve_meta_title_alignment":"center","neve_meta_author_avatar":"","neve_post_elements_order":"[\"content\",\"tags\",\"sharing-icons\",\"post-navigation\"]","neve_meta_disable_header":"off","neve_meta_disable_footer":"","neve_meta_disable_title":"","neve_meta_reading_time":"","_ti_tpc_template_sync":false,"_ti_tpc_template_id":"","footnotes":""},"categories":[17],"tags":[54,13,42,15,16],"class_list":["post-5210","post","type-post","status-publish","format-standard","has-post-thumbnail","hentry","category-noticias","tag-caida-del-cabello","tag-medicina-regenerativa","tag-medicos","tag-plasma-rico-en-plaquetas","tag-prp"],"yoast_head":"<!-- This site is optimized with the Yoast SEO plugin v27.5 - https:\/\/yoast.com\/product\/yoast-seo-wordpress\/ -->\n<title>Plasma rico en plaquetas para la ca\u00edda del cabello y su tratamiento<\/title>\n<meta name=\"description\" content=\"Descubra c\u00f3mo el plasma rico en plaquetas para la ca\u00edda del cabello es un tratamiento efectivo ante esta afecci\u00f3n.\" \/>\n<meta name=\"robots\" content=\"index, follow, max-snippet:-1, max-image-preview:large, max-video-preview:-1\" \/>\n<link rel=\"canonical\" href=\"https:\/\/bio-teach.com\/kitsprp\/plasma-rico-en-plaquetas-para-la-caida-del-cabello-un-tratamiento-medico-efectivo\/\" \/>\n<meta property=\"og:locale\" content=\"es_ES\" \/>\n<meta property=\"og:type\" content=\"article\" \/>\n<meta property=\"og:title\" content=\"Plasma rico en plaquetas para la ca\u00edda del cabello y su tratamiento\" \/>\n<meta property=\"og:description\" content=\"Descubra c\u00f3mo el plasma rico en plaquetas para la ca\u00edda del cabello es un tratamiento efectivo ante esta afecci\u00f3n.\" \/>\n<meta property=\"og:url\" content=\"https:\/\/bio-teach.com\/kitsprp\/plasma-rico-en-plaquetas-para-la-caida-del-cabello-un-tratamiento-medico-efectivo\/\" \/>\n<meta property=\"og:site_name\" content=\"KITS PRP\" \/>\n<meta property=\"article:published_time\" content=\"2024-06-06T13:01:42+00:00\" \/>\n<meta property=\"article:modified_time\" content=\"2024-06-11T12:42:32+00:00\" \/>\n<meta property=\"og:image\" content=\"https:\/\/ml2wibi8up3f.i.optimole.com\/uueflVA-o0u1zNff\/w:auto\/h:auto\/q:auto\/https:\/\/bio-teach.com\/kitsprp\/wp-content\/uploads\/2024\/05\/Caida-del-cabello-plasma-rico-en-plaquetas.webp\" \/>\n\t<meta property=\"og:image:width\" content=\"1280\" \/>\n\t<meta property=\"og:image:height\" content=\"720\" \/>\n\t<meta property=\"og:image:type\" content=\"image\/webp\" \/>\n<meta name=\"author\" content=\"editor_bio\" \/>\n<meta name=\"twitter:card\" content=\"summary_large_image\" \/>\n<meta name=\"twitter:label1\" content=\"Escrito por\" \/>\n\t<meta name=\"twitter:data1\" content=\"editor_bio\" \/>\n\t<meta name=\"twitter:label2\" content=\"Tiempo de lectura\" \/>\n\t<meta name=\"twitter:data2\" content=\"8 minutos\" \/>\n<script type=\"application\/ld+json\" class=\"yoast-schema-graph\">{\"@context\":\"https:\\\/\\\/schema.org\",\"@graph\":[{\"@type\":\"Article\",\"@id\":\"https:\\\/\\\/bio-teach.com\\\/kitsprp\\\/plasma-rico-en-plaquetas-para-la-caida-del-cabello-un-tratamiento-medico-efectivo\\\/#article\",\"isPartOf\":{\"@id\":\"https:\\\/\\\/bio-teach.com\\\/kitsprp\\\/plasma-rico-en-plaquetas-para-la-caida-del-cabello-un-tratamiento-medico-efectivo\\\/\"},\"author\":{\"name\":\"editor_bio\",\"@id\":\"https:\\\/\\\/bio-teach.com\\\/kitsprp\\\/#\\\/schema\\\/person\\\/786ea1bd09b2a4f2912a466a2ec45673\"},\"headline\":\"PLASMA RICO EN PLAQUETAS PARA LA CA\u00cdDA DEL CABELLO: UN TRATAMIENTO M\u00c9DICO EFECTIVO\",\"datePublished\":\"2024-06-06T13:01:42+00:00\",\"dateModified\":\"2024-06-11T12:42:32+00:00\",\"mainEntityOfPage\":{\"@id\":\"https:\\\/\\\/bio-teach.com\\\/kitsprp\\\/plasma-rico-en-plaquetas-para-la-caida-del-cabello-un-tratamiento-medico-efectivo\\\/\"},\"wordCount\":1550,\"publisher\":{\"@id\":\"https:\\\/\\\/bio-teach.com\\\/kitsprp\\\/#organization\"},\"image\":{\"@id\":\"https:\\\/\\\/bio-teach.com\\\/kitsprp\\\/plasma-rico-en-plaquetas-para-la-caida-del-cabello-un-tratamiento-medico-efectivo\\\/#primaryimage\"},\"thumbnailUrl\":\"https:\\/\\/bio-teach.com\\/kitsprp\\/wp-content\\/uploads\\/2024\\/05\\/Caida-del-cabello-plasma-rico-en-plaquetas.webp\",\"keywords\":[\"CAIDA DEL CABELLO\",\"Medicina regenerativa\",\"M\u00e9dicos\",\"Plasma rico en plaquetas\",\"PRP\"],\"articleSection\":[\"Noticias\"],\"inLanguage\":\"es\"},{\"@type\":\"WebPage\",\"@id\":\"https:\\\/\\\/bio-teach.com\\\/kitsprp\\\/plasma-rico-en-plaquetas-para-la-caida-del-cabello-un-tratamiento-medico-efectivo\\\/\",\"url\":\"https:\\\/\\\/bio-teach.com\\\/kitsprp\\\/plasma-rico-en-plaquetas-para-la-caida-del-cabello-un-tratamiento-medico-efectivo\\\/\",\"name\":\"Plasma rico en plaquetas para la ca\u00edda del cabello y su tratamiento\",\"isPartOf\":{\"@id\":\"https:\\\/\\\/bio-teach.com\\\/kitsprp\\\/#website\"},\"primaryImageOfPage\":{\"@id\":\"https:\\\/\\\/bio-teach.com\\\/kitsprp\\\/plasma-rico-en-plaquetas-para-la-caida-del-cabello-un-tratamiento-medico-efectivo\\\/#primaryimage\"},\"image\":{\"@id\":\"https:\\\/\\\/bio-teach.com\\\/kitsprp\\\/plasma-rico-en-plaquetas-para-la-caida-del-cabello-un-tratamiento-medico-efectivo\\\/#primaryimage\"},\"thumbnailUrl\":\"https:\\/\\/bio-teach.com\\/kitsprp\\/wp-content\\/uploads\\/2024\\/05\\/Caida-del-cabello-plasma-rico-en-plaquetas.webp\",\"datePublished\":\"2024-06-06T13:01:42+00:00\",\"dateModified\":\"2024-06-11T12:42:32+00:00\",\"description\":\"Descubra c\u00f3mo el plasma rico en plaquetas para la ca\u00edda del cabello es un tratamiento efectivo ante esta afecci\u00f3n.\",\"breadcrumb\":{\"@id\":\"https:\\\/\\\/bio-teach.com\\\/kitsprp\\\/plasma-rico-en-plaquetas-para-la-caida-del-cabello-un-tratamiento-medico-efectivo\\\/#breadcrumb\"},\"inLanguage\":\"es\",\"potentialAction\":[{\"@type\":\"ReadAction\",\"target\":[\"https:\\\/\\\/bio-teach.com\\\/kitsprp\\\/plasma-rico-en-plaquetas-para-la-caida-del-cabello-un-tratamiento-medico-efectivo\\\/\"]}]},{\"@type\":\"ImageObject\",\"inLanguage\":\"es\",\"@id\":\"https:\\\/\\\/bio-teach.com\\\/kitsprp\\\/plasma-rico-en-plaquetas-para-la-caida-del-cabello-un-tratamiento-medico-efectivo\\\/#primaryimage\",\"url\":\"https:\\/\\/bio-teach.com\\/kitsprp\\/wp-content\\/uploads\\/2024\\/05\\/Caida-del-cabello-plasma-rico-en-plaquetas.webp\",\"contentUrl\":\"https:\\/\\/bio-teach.com\\/kitsprp\\/wp-content\\/uploads\\/2024\\/05\\/Caida-del-cabello-plasma-rico-en-plaquetas.webp\",\"width\":1280,\"height\":720,\"caption\":\"PLASMA RICO EN PLAQUETAS PARA LA CAIDA DEL CABELLO\"},{\"@type\":\"BreadcrumbList\",\"@id\":\"https:\\\/\\\/bio-teach.com\\\/kitsprp\\\/plasma-rico-en-plaquetas-para-la-caida-del-cabello-un-tratamiento-medico-efectivo\\\/#breadcrumb\",\"itemListElement\":[{\"@type\":\"ListItem\",\"position\":1,\"name\":\"Portada\",\"item\":\"https:\\\/\\\/bio-teach.com\\\/kitsprp\\\/\"},{\"@type\":\"ListItem\",\"position\":2,\"name\":\"PLASMA RICO EN PLAQUETAS PARA LA CA\u00cdDA DEL CABELLO: UN TRATAMIENTO M\u00c9DICO EFECTIVO\"}]},{\"@type\":\"WebSite\",\"@id\":\"https:\\\/\\\/bio-teach.com\\\/kitsprp\\\/#website\",\"url\":\"https:\\\/\\\/bio-teach.com\\\/kitsprp\\\/\",\"name\":\"KITS PRP\",\"description\":\"KITS PRP\",\"publisher\":{\"@id\":\"https:\\\/\\\/bio-teach.com\\\/kitsprp\\\/#organization\"},\"potentialAction\":[{\"@type\":\"SearchAction\",\"target\":{\"@type\":\"EntryPoint\",\"urlTemplate\":\"https:\\\/\\\/bio-teach.com\\\/kitsprp\\\/?s={search_term_string}\"},\"query-input\":{\"@type\":\"PropertyValueSpecification\",\"valueRequired\":true,\"valueName\":\"search_term_string\"}}],\"inLanguage\":\"es\"},{\"@type\":\"Organization\",\"@id\":\"https:\\\/\\\/bio-teach.com\\\/kitsprp\\\/#organization\",\"name\":\"KITS PRP\",\"url\":\"https:\\\/\\\/bio-teach.com\\\/kitsprp\\\/\",\"logo\":{\"@type\":\"ImageObject\",\"inLanguage\":\"es\",\"@id\":\"https:\\\/\\\/bio-teach.com\\\/kitsprp\\\/#\\\/schema\\\/logo\\\/image\\\/\",\"url\":\"https:\\/\\/bio-teach.com\\/kitsprp\\/wp-content\\/uploads\\/2021\\/11\\/cropped-logo-bioteach-min.png\",\"contentUrl\":\"https:\\/\\/bio-teach.com\\/kitsprp\\/wp-content\\/uploads\\/2021\\/11\\/cropped-logo-bioteach-min.png\",\"width\":600,\"height\":250,\"caption\":\"KITS PRP\"},\"image\":{\"@id\":\"https:\\\/\\\/bio-teach.com\\\/kitsprp\\\/#\\\/schema\\\/logo\\\/image\\\/\"}},{\"@type\":\"Person\",\"@id\":\"https:\\\/\\\/bio-teach.com\\\/kitsprp\\\/#\\\/schema\\\/person\\\/786ea1bd09b2a4f2912a466a2ec45673\",\"name\":\"editor_bio\",\"image\":{\"@type\":\"ImageObject\",\"inLanguage\":\"es\",\"@id\":\"https:\\/\\/bio-teach.com\\/kitsprp\\/wp-content\\/uploads\\/2023\\/05\\/cropped-Favicon-Bio-Teach.jpeg\",\"url\":\"https:\\/\\/bio-teach.com\\/kitsprp\\/wp-content\\/uploads\\/2023\\/05\\/cropped-Favicon-Bio-Teach.jpeg\",\"contentUrl\":\"https:\\/\\/bio-teach.com\\/kitsprp\\/wp-content\\/uploads\\/2023\\/05\\/cropped-Favicon-Bio-Teach.jpeg\",\"caption\":\"editor_bio\"},\"url\":\"https:\\\/\\\/bio-teach.com\\\/kitsprp\\\/author\\\/editor_bio\\\/\"}]}<\/script>\n<!-- \/ Yoast SEO plugin. -->","yoast_head_json":{"title":"Plasma rico en plaquetas para la ca\u00edda del cabello y su tratamiento","description":"Descubra c\u00f3mo el plasma rico en plaquetas para la ca\u00edda del cabello es un tratamiento efectivo ante esta afecci\u00f3n.","robots":{"index":"index","follow":"follow","max-snippet":"max-snippet:-1","max-image-preview":"max-image-preview:large","max-video-preview":"max-video-preview:-1"},"canonical":"https:\/\/bio-teach.com\/kitsprp\/plasma-rico-en-plaquetas-para-la-caida-del-cabello-un-tratamiento-medico-efectivo\/","og_locale":"es_ES","og_type":"article","og_title":"Plasma rico en plaquetas para la ca\u00edda del cabello y su tratamiento","og_description":"Descubra c\u00f3mo el plasma rico en plaquetas para la ca\u00edda del cabello es un tratamiento efectivo ante esta afecci\u00f3n.","og_url":"https:\/\/bio-teach.com\/kitsprp\/plasma-rico-en-plaquetas-para-la-caida-del-cabello-un-tratamiento-medico-efectivo\/","og_site_name":"KITS PRP","article_published_time":"2024-06-06T13:01:42+00:00","article_modified_time":"2024-06-11T12:42:32+00:00","og_image":[{"width":1280,"height":720,"url":"https:\/\/ml2wibi8up3f.i.optimole.com\/uueflVA-o0u1zNff\/w:auto\/h:auto\/q:auto\/https:\/\/bio-teach.com\/kitsprp\/wp-content\/uploads\/2024\/05\/Caida-del-cabello-plasma-rico-en-plaquetas.webp","type":"image\/webp"}],"author":"editor_bio","twitter_card":"summary_large_image","twitter_misc":{"Escrito por":"editor_bio","Tiempo de lectura":"8 minutos"},"schema":{"@context":"https:\/\/schema.org","@graph":[{"@type":"Article","@id":"https:\/\/bio-teach.com\/kitsprp\/plasma-rico-en-plaquetas-para-la-caida-del-cabello-un-tratamiento-medico-efectivo\/#article","isPartOf":{"@id":"https:\/\/bio-teach.com\/kitsprp\/plasma-rico-en-plaquetas-para-la-caida-del-cabello-un-tratamiento-medico-efectivo\/"},"author":{"name":"editor_bio","@id":"https:\/\/bio-teach.com\/kitsprp\/#\/schema\/person\/786ea1bd09b2a4f2912a466a2ec45673"},"headline":"PLASMA RICO EN PLAQUETAS PARA LA CA\u00cdDA DEL CABELLO: UN TRATAMIENTO M\u00c9DICO EFECTIVO","datePublished":"2024-06-06T13:01:42+00:00","dateModified":"2024-06-11T12:42:32+00:00","mainEntityOfPage":{"@id":"https:\/\/bio-teach.com\/kitsprp\/plasma-rico-en-plaquetas-para-la-caida-del-cabello-un-tratamiento-medico-efectivo\/"},"wordCount":1550,"publisher":{"@id":"https:\/\/bio-teach.com\/kitsprp\/#organization"},"image":{"@id":"https:\/\/bio-teach.com\/kitsprp\/plasma-rico-en-plaquetas-para-la-caida-del-cabello-un-tratamiento-medico-efectivo\/#primaryimage"},"thumbnailUrl":"https:\/\/ml2wibi8up3f.i.optimole.com\/uueflVA-o0u1zNff\/w:auto\/h:auto\/q:auto\/https:\/\/bio-teach.com\/kitsprp\/wp-content\/uploads\/2024\/05\/Caida-del-cabello-plasma-rico-en-plaquetas.webp","keywords":["CAIDA DEL CABELLO","Medicina regenerativa","M\u00e9dicos","Plasma rico en plaquetas","PRP"],"articleSection":["Noticias"],"inLanguage":"es"},{"@type":"WebPage","@id":"https:\/\/bio-teach.com\/kitsprp\/plasma-rico-en-plaquetas-para-la-caida-del-cabello-un-tratamiento-medico-efectivo\/","url":"https:\/\/bio-teach.com\/kitsprp\/plasma-rico-en-plaquetas-para-la-caida-del-cabello-un-tratamiento-medico-efectivo\/","name":"Plasma rico en plaquetas para la ca\u00edda del cabello y su tratamiento","isPartOf":{"@id":"https:\/\/bio-teach.com\/kitsprp\/#website"},"primaryImageOfPage":{"@id":"https:\/\/bio-teach.com\/kitsprp\/plasma-rico-en-plaquetas-para-la-caida-del-cabello-un-tratamiento-medico-efectivo\/#primaryimage"},"image":{"@id":"https:\/\/bio-teach.com\/kitsprp\/plasma-rico-en-plaquetas-para-la-caida-del-cabello-un-tratamiento-medico-efectivo\/#primaryimage"},"thumbnailUrl":"https:\/\/ml2wibi8up3f.i.optimole.com\/uueflVA-o0u1zNff\/w:auto\/h:auto\/q:auto\/https:\/\/bio-teach.com\/kitsprp\/wp-content\/uploads\/2024\/05\/Caida-del-cabello-plasma-rico-en-plaquetas.webp","datePublished":"2024-06-06T13:01:42+00:00","dateModified":"2024-06-11T12:42:32+00:00","description":"Descubra c\u00f3mo el plasma rico en plaquetas para la ca\u00edda del cabello es un tratamiento efectivo ante esta afecci\u00f3n.","breadcrumb":{"@id":"https:\/\/bio-teach.com\/kitsprp\/plasma-rico-en-plaquetas-para-la-caida-del-cabello-un-tratamiento-medico-efectivo\/#breadcrumb"},"inLanguage":"es","potentialAction":[{"@type":"ReadAction","target":["https:\/\/bio-teach.com\/kitsprp\/plasma-rico-en-plaquetas-para-la-caida-del-cabello-un-tratamiento-medico-efectivo\/"]}]},{"@type":"ImageObject","inLanguage":"es","@id":"https:\/\/bio-teach.com\/kitsprp\/plasma-rico-en-plaquetas-para-la-caida-del-cabello-un-tratamiento-medico-efectivo\/#primaryimage","url":"https:\/\/ml2wibi8up3f.i.optimole.com\/uueflVA-o0u1zNff\/w:auto\/h:auto\/q:auto\/https:\/\/bio-teach.com\/kitsprp\/wp-content\/uploads\/2024\/05\/Caida-del-cabello-plasma-rico-en-plaquetas.webp","contentUrl":"https:\/\/ml2wibi8up3f.i.optimole.com\/uueflVA-o0u1zNff\/w:auto\/h:auto\/q:auto\/https:\/\/bio-teach.com\/kitsprp\/wp-content\/uploads\/2024\/05\/Caida-del-cabello-plasma-rico-en-plaquetas.webp","width":1280,"height":720,"caption":"PLASMA RICO EN PLAQUETAS PARA LA CAIDA DEL CABELLO"},{"@type":"BreadcrumbList","@id":"https:\/\/bio-teach.com\/kitsprp\/plasma-rico-en-plaquetas-para-la-caida-del-cabello-un-tratamiento-medico-efectivo\/#breadcrumb","itemListElement":[{"@type":"ListItem","position":1,"name":"Portada","item":"https:\/\/bio-teach.com\/kitsprp\/"},{"@type":"ListItem","position":2,"name":"PLASMA RICO EN PLAQUETAS PARA LA CA\u00cdDA DEL CABELLO: UN TRATAMIENTO M\u00c9DICO EFECTIVO"}]},{"@type":"WebSite","@id":"https:\/\/bio-teach.com\/kitsprp\/#website","url":"https:\/\/bio-teach.com\/kitsprp\/","name":"KITS PRP","description":"KITS PRP","publisher":{"@id":"https:\/\/bio-teach.com\/kitsprp\/#organization"},"potentialAction":[{"@type":"SearchAction","target":{"@type":"EntryPoint","urlTemplate":"https:\/\/bio-teach.com\/kitsprp\/?s={search_term_string}"},"query-input":{"@type":"PropertyValueSpecification","valueRequired":true,"valueName":"search_term_string"}}],"inLanguage":"es"},{"@type":"Organization","@id":"https:\/\/bio-teach.com\/kitsprp\/#organization","name":"KITS PRP","url":"https:\/\/bio-teach.com\/kitsprp\/","logo":{"@type":"ImageObject","inLanguage":"es","@id":"https:\/\/bio-teach.com\/kitsprp\/#\/schema\/logo\/image\/","url":"https:\/\/ml2wibi8up3f.i.optimole.com\/uueflVA-JMGWjaRd\/w:auto\/h:auto\/q:auto\/https:\/\/bio-teach.com\/kitsprp\/wp-content\/uploads\/2021\/11\/cropped-logo-bioteach-min.png","contentUrl":"https:\/\/ml2wibi8up3f.i.optimole.com\/uueflVA-JMGWjaRd\/w:auto\/h:auto\/q:auto\/https:\/\/bio-teach.com\/kitsprp\/wp-content\/uploads\/2021\/11\/cropped-logo-bioteach-min.png","width":600,"height":250,"caption":"KITS PRP"},"image":{"@id":"https:\/\/bio-teach.com\/kitsprp\/#\/schema\/logo\/image\/"}},{"@type":"Person","@id":"https:\/\/bio-teach.com\/kitsprp\/#\/schema\/person\/786ea1bd09b2a4f2912a466a2ec45673","name":"editor_bio","image":{"@type":"ImageObject","inLanguage":"es","@id":"https:\/\/ml2wibi8up3f.i.optimole.com\/uueflVA-vlqW7zdB\/w:auto\/h:auto\/q:auto\/https:\/\/bio-teach.com\/kitsprp\/wp-content\/uploads\/2023\/05\/cropped-Favicon-Bio-Teach.jpeg","url":"https:\/\/ml2wibi8up3f.i.optimole.com\/uueflVA-vlqW7zdB\/w:auto\/h:auto\/q:auto\/https:\/\/bio-teach.com\/kitsprp\/wp-content\/uploads\/2023\/05\/cropped-Favicon-Bio-Teach.jpeg","contentUrl":"https:\/\/ml2wibi8up3f.i.optimole.com\/uueflVA-vlqW7zdB\/w:auto\/h:auto\/q:auto\/https:\/\/bio-teach.com\/kitsprp\/wp-content\/uploads\/2023\/05\/cropped-Favicon-Bio-Teach.jpeg","caption":"editor_bio"},"url":"https:\/\/bio-teach.com\/kitsprp\/author\/editor_bio\/"}]}},"_links":{"self":[{"href":"https:\/\/bio-teach.com\/kitsprp\/wp-json\/wp\/v2\/posts\/5210","targetHints":{"allow":["GET"]}}],"collection":[{"href":"https:\/\/bio-teach.com\/kitsprp\/wp-json\/wp\/v2\/posts"}],"about":[{"href":"https:\/\/bio-teach.com\/kitsprp\/wp-json\/wp\/v2\/types\/post"}],"author":[{"embeddable":true,"href":"https:\/\/bio-teach.com\/kitsprp\/wp-json\/wp\/v2\/users\/4"}],"replies":[{"embeddable":true,"href":"https:\/\/bio-teach.com\/kitsprp\/wp-json\/wp\/v2\/comments?post=5210"}],"version-history":[{"count":34,"href":"https:\/\/bio-teach.com\/kitsprp\/wp-json\/wp\/v2\/posts\/5210\/revisions"}],"predecessor-version":[{"id":5308,"href":"https:\/\/bio-teach.com\/kitsprp\/wp-json\/wp\/v2\/posts\/5210\/revisions\/5308"}],"wp:featuredmedia":[{"embeddable":true,"href":"https:\/\/bio-teach.com\/kitsprp\/wp-json\/wp\/v2\/media\/5286"}],"wp:attachment":[{"href":"https:\/\/bio-teach.com\/kitsprp\/wp-json\/wp\/v2\/media?parent=5210"}],"wp:term":[{"taxonomy":"category","embeddable":true,"href":"https:\/\/bio-teach.com\/kitsprp\/wp-json\/wp\/v2\/categories?post=5210"},{"taxonomy":"post_tag","embeddable":true,"href":"https:\/\/bio-teach.com\/kitsprp\/wp-json\/wp\/v2\/tags?post=5210"}],"curies":[{"name":"wp","href":"https:\/\/api.w.org\/{rel}","templated":true}]}}