{"id":5813,"date":"2025-03-28T00:50:04","date_gmt":"2025-03-28T00:50:04","guid":{"rendered":"https:\/\/bio-teach.com\/kitsprp\/?p=5813"},"modified":"2025-03-28T00:56:30","modified_gmt":"2025-03-28T00:56:30","slug":"plasma-rico-en-plaquetas-para-el-tratamiento-de-la-anosmia-o-perdida-de-olfato","status":"publish","type":"post","link":"https:\/\/bio-teach.com\/kitsprp\/plasma-rico-en-plaquetas-para-el-tratamiento-de-la-anosmia-o-perdida-de-olfato\/","title":{"rendered":"Plasma rico en plaquetas para el tratamiento de la anosmia o p\u00e9rdida de olfato"},"content":{"rendered":"\t\t<div data-elementor-type=\"wp-post\" data-elementor-id=\"5813\" class=\"elementor elementor-5813\">\n\t\t\t\t\t\t\t\t\t<section class=\"elementor-section elementor-top-section elementor-element elementor-element-7c2775d elementor-section-boxed elementor-section-height-default elementor-section-height-default\" data-id=\"7c2775d\" data-element_type=\"section\">\n\t\t\t\t\t\t<div class=\"elementor-container elementor-column-gap-default\">\n\t\t\t\t\t<div class=\"elementor-column elementor-col-100 elementor-top-column elementor-element elementor-element-873c272\" data-id=\"873c272\" data-element_type=\"column\">\n\t\t\t<div class=\"elementor-widget-wrap elementor-element-populated\">\n\t\t\t\t\t\t\t\t<div class=\"elementor-element elementor-element-7301171 elementor-widget elementor-widget-heading\" data-id=\"7301171\" data-element_type=\"widget\" data-widget_type=\"heading.default\">\n\t\t\t\t<div class=\"elementor-widget-container\">\n\t\t\t<h1 class=\"elementor-heading-title elementor-size-default\">Plasma rico en plaquetas para el tratamiento de la anosmia o p\u00e9rdida de olfato<\/h1>\t\t<\/div>\n\t\t\t\t<\/div>\n\t\t\t\t\t<\/div>\n\t\t<\/div>\n\t\t\t\t\t\t\t<\/div>\n\t\t<\/section>\n\t\t\t\t<section class=\"elementor-section elementor-top-section elementor-element elementor-element-571d7c8 elementor-section-boxed elementor-section-height-default elementor-section-height-default\" data-id=\"571d7c8\" data-element_type=\"section\">\n\t\t\t\t\t\t<div class=\"elementor-container elementor-column-gap-default\">\n\t\t\t\t\t<div class=\"elementor-column elementor-col-100 elementor-top-column elementor-element elementor-element-097c2e9\" data-id=\"097c2e9\" data-element_type=\"column\">\n\t\t\t<div class=\"elementor-widget-wrap elementor-element-populated\">\n\t\t\t\t\t\t\t\t<div class=\"elementor-element elementor-element-98d5158 elementor-widget elementor-widget-heading\" data-id=\"98d5158\" data-element_type=\"widget\" data-widget_type=\"heading.default\">\n\t\t\t\t<div class=\"elementor-widget-container\">\n\t\t\t<h5 class=\"elementor-heading-title elementor-size-default\">Publicado el 27 de marzo de 2025 <\/h5>\t\t<\/div>\n\t\t\t\t<\/div>\n\t\t\t\t\t<\/div>\n\t\t<\/div>\n\t\t\t\t\t\t\t<\/div>\n\t\t<\/section>\n\t\t\t\t<section class=\"elementor-section elementor-top-section elementor-element elementor-element-006c8b2 elementor-section-boxed elementor-section-height-default elementor-section-height-default\" data-id=\"006c8b2\" data-element_type=\"section\">\n\t\t\t\t\t\t<div class=\"elementor-container elementor-column-gap-default\">\n\t\t\t\t\t<div class=\"elementor-column elementor-col-100 elementor-top-column elementor-element elementor-element-f005b86\" data-id=\"f005b86\" data-element_type=\"column\">\n\t\t\t<div class=\"elementor-widget-wrap elementor-element-populated\">\n\t\t\t\t\t\t\t\t<div class=\"elementor-element elementor-element-5369761 elementor-widget elementor-widget-image\" data-id=\"5369761\" data-element_type=\"widget\" data-widget_type=\"image.default\">\n\t\t\t\t<div class=\"elementor-widget-container\">\n\t\t\t\t\t\t\t\t\t\t\t\t\t\t\t<img decoding=\"async\" width=\"1280\" height=\"720\" src=\"https:\/\/ml2wibi8up3f.i.optimole.com\/uueflVA-Dryj4UlK\/w:auto\/h:auto\/q:auto\/https:\/\/bio-teach.com\/kitsprp\/wp-content\/uploads\/2025\/03\/Plasma-rico-en-plaquetas-para-el-tratamiento-de-la-anosmia-o-perdida-de-olfato-1.webp\" class=\"attachment-full size-full\" alt=\"Plasma rico en plaquetas para el tratamiento de la anosmia o p\u00e9rdida de olfato\" \/>\t\t\t\t\t\t\t\t\t\t\t\t\t\t\t<\/div>\n\t\t\t\t<\/div>\n\t\t\t\t\t<\/div>\n\t\t<\/div>\n\t\t\t\t\t\t\t<\/div>\n\t\t<\/section>\n\t\t\t\t<section class=\"elementor-section elementor-top-section elementor-element elementor-element-fb3ed77 elementor-section-boxed elementor-section-height-default elementor-section-height-default\" data-id=\"fb3ed77\" data-element_type=\"section\">\n\t\t\t\t\t\t<div class=\"elementor-container elementor-column-gap-default\">\n\t\t\t\t\t<div class=\"elementor-column elementor-col-100 elementor-top-column elementor-element elementor-element-5675820\" data-id=\"5675820\" data-element_type=\"column\">\n\t\t\t<div class=\"elementor-widget-wrap\">\n\t\t\t\t\t\t\t\t\t<\/div>\n\t\t<\/div>\n\t\t\t\t\t\t\t<\/div>\n\t\t<\/section>\n\t\t\t\t<section class=\"elementor-section elementor-top-section elementor-element elementor-element-6bdea64 elementor-section-boxed elementor-section-height-default elementor-section-height-default\" data-id=\"6bdea64\" data-element_type=\"section\">\n\t\t\t\t\t\t<div class=\"elementor-container elementor-column-gap-default\">\n\t\t\t\t\t<div class=\"elementor-column elementor-col-100 elementor-top-column elementor-element elementor-element-2d9df18\" data-id=\"2d9df18\" data-element_type=\"column\">\n\t\t\t<div class=\"elementor-widget-wrap elementor-element-populated\">\n\t\t\t\t\t\t\t\t<div class=\"elementor-element elementor-element-7886731 elementor-widget elementor-widget-heading\" data-id=\"7886731\" data-element_type=\"widget\" data-widget_type=\"heading.default\">\n\t\t\t\t<div class=\"elementor-widget-container\">\n\t\t\t<h2 class=\"elementor-heading-title elementor-size-default\">Innovaci\u00f3n en la recuperaci\u00f3n del olfato mediante plasma rico en plaquetas<\/h2>\t\t<\/div>\n\t\t\t\t<\/div>\n\t\t\t\t<div class=\"elementor-element elementor-element-ecb9b95 elementor-widget elementor-widget-text-editor\" data-id=\"ecb9b95\" data-element_type=\"widget\" data-widget_type=\"text-editor.default\">\n\t\t\t\t<div class=\"elementor-widget-container\">\n\t\t\t\t\t\t\t<p>\u00bfTe imaginas perder la capacidad de percibir el aroma del caf\u00e9 reci\u00e9n hecho o el perfume de una flor? Para muchas personas con anosmia, esta es una realidad diaria. La anosmia, o p\u00e9rdida del sentido del olfato, es una afecci\u00f3n que no solo transforma profundamente la experiencia sensorial, sino que tambi\u00e9n impacta aspectos clave de la calidad de vida, desde el disfrute personal hasta la seguridad en situaciones cr\u00edticas. Por esta raz\u00f3n, surge la necesidad de soluciones innovadoras que enfrenten este desaf\u00edo.<\/p><p>En el \u00e1mbito de la medicina regenerativa, el <strong><a href=\"https:\/\/bio-teach.com\/kitsprp\/plasma-rico-en-plaquetas-1\/\">plasma rico en plaquetas<\/a> (PRP)<\/strong> ha emergido como una t\u00e9cnica revolucionaria en el tratamiento de la anosmia. Este procedimiento aprovecha plaquetas derivadas de la sangre del propio paciente para <strong>activar procesos regenerativos que reparan y regeneran los receptores olfativos<\/strong>. De igual manera, su capacidad para <strong>ofrecer resultados seguros y efectivos lo posiciona como una alternativa poderosa frente a los enfoques tradicionales.<\/strong><\/p><p>Por \u00faltimo, el impacto positivo del PRP no solo se refleja en la <strong>recuperaci\u00f3n del sentido del olfato, sino en la transformaci\u00f3n integral de la vida de quienes lo experimentan.<\/strong> Este art\u00edculo explora en profundidad su eficacia y destaca su potencial para consolidarse como una herramienta clave dentro de la medicina moderna.<\/p><p><span style=\"font-weight: 400;\">\u00a0<\/span><\/p>\t\t\t\t\t\t<\/div>\n\t\t\t\t<\/div>\n\t\t\t\t<div class=\"elementor-element elementor-element-71e7e6b elementor-widget-divider--view-line elementor-widget elementor-widget-divider\" data-id=\"71e7e6b\" data-element_type=\"widget\" data-widget_type=\"divider.default\">\n\t\t\t\t<div class=\"elementor-widget-container\">\n\t\t\t\t\t<div class=\"elementor-divider\">\n\t\t\t<span class=\"elementor-divider-separator\">\n\t\t\t\t\t\t<\/span>\n\t\t<\/div>\n\t\t\t\t<\/div>\n\t\t\t\t<\/div>\n\t\t\t\t<div class=\"elementor-element elementor-element-d4f904f elementor-widget elementor-widget-heading\" data-id=\"d4f904f\" data-element_type=\"widget\" data-widget_type=\"heading.default\">\n\t\t\t\t<div class=\"elementor-widget-container\">\n\t\t\t<h2 class=\"elementor-heading-title elementor-size-default\">La importancia del sentido del olfato<\/h2>\t\t<\/div>\n\t\t\t\t<\/div>\n\t\t\t\t<div class=\"elementor-element elementor-element-7b60be9 elementor-widget elementor-widget-text-editor\" data-id=\"7b60be9\" data-element_type=\"widget\" data-widget_type=\"text-editor.default\">\n\t\t\t\t<div class=\"elementor-widget-container\">\n\t\t\t\t\t\t\t<p><span style=\"font-weight: 400;\">El olfato, m\u00e1s all\u00e1 de su rol en la percepci\u00f3n de aromas agradables, es crucial para funciones vitales como el reconocimiento de alimentos en buen estado, la detecci\u00f3n de peligros como humo o gases t\u00f3xicos, y la evocaci\u00f3n de emociones a trav\u00e9s de recuerdos olfativos. Esta conexi\u00f3n entre lo f\u00edsico y lo emocional convierte al <strong>sentido del olfato en un componente esencial del bienestar humano.<\/strong><\/span><\/p>\t\t\t\t\t\t<\/div>\n\t\t\t\t<\/div>\n\t\t\t\t<div class=\"elementor-element elementor-element-3345f29 elementor-widget elementor-widget-heading\" data-id=\"3345f29\" data-element_type=\"widget\" data-widget_type=\"heading.default\">\n\t\t\t\t<div class=\"elementor-widget-container\">\n\t\t\t<h3 class=\"elementor-heading-title elementor-size-default\">Impacto de la anosmia en la calidad de vida de los pacientes<\/h3>\t\t<\/div>\n\t\t\t\t<\/div>\n\t\t\t\t<div class=\"elementor-element elementor-element-adb6aa8 elementor-widget elementor-widget-text-editor\" data-id=\"adb6aa8\" data-element_type=\"widget\" data-widget_type=\"text-editor.default\">\n\t\t\t\t<div class=\"elementor-widget-container\">\n\t\t\t\t\t\t\t<p><span style=\"font-weight: 400;\">La p\u00e9rdida del olfato representa mucho m\u00e1s que una limitaci\u00f3n sensorial; se convierte en un desaf\u00edo significativo para quienes la padecen. Desde el desinter\u00e9s por la comida debido a la ausencia de est\u00edmulos arom\u00e1ticos hasta la restricci\u00f3n en experiencias sociales, como reuniones familiares, <strong>la anosmia afecta de manera integral la calidad de vida.<\/strong><\/span><\/p>\t\t\t\t\t\t<\/div>\n\t\t\t\t<\/div>\n\t\t\t\t<div class=\"elementor-element elementor-element-8dd1abd elementor-widget elementor-widget-heading\" data-id=\"8dd1abd\" data-element_type=\"widget\" data-widget_type=\"heading.default\">\n\t\t\t\t<div class=\"elementor-widget-container\">\n\t\t\t<h3 class=\"elementor-heading-title elementor-size-default\">Implicaciones emocionales, sociales y de seguridad<\/h3>\t\t<\/div>\n\t\t\t\t<\/div>\n\t\t\t\t<div class=\"elementor-element elementor-element-57f59cf elementor-widget elementor-widget-text-editor\" data-id=\"57f59cf\" data-element_type=\"widget\" data-widget_type=\"text-editor.default\">\n\t\t\t\t<div class=\"elementor-widget-container\">\n\t\t\t\t\t\t\t<p><span style=\"font-weight: 400;\">Adem\u00e1s del impacto f\u00edsico, la anosmia tiene profundas implicaciones emocionales y sociales. A nivel emocional, puede generar <strong>sentimientos de frustraci\u00f3n, aislamiento e incluso depresi\u00f3n<\/strong>, debido a la desconexi\u00f3n del mundo sensorial. En t\u00e9rminos sociales, las personas que padecen anosmia enfrentan dificultades para integrarse en actividades relacionadas con aromas, como degustaciones culinarias.<\/span><\/p><p><span style=\"font-weight: 400;\">Desde una perspectiva de seguridad, l<strong>a anosmia plantea riesgos importantes, como la incapacidad de detectar se\u00f1ales de alerta ante incendios o fugas de gas.<\/strong> As\u00ed, esta afecci\u00f3n se convierte en un desaf\u00edo que va m\u00e1s all\u00e1 de lo sensorial, con implicaciones cr\u00edticas en la vida diaria.<\/span><\/p>\t\t\t\t\t\t<\/div>\n\t\t\t\t<\/div>\n\t\t\t\t<div class=\"elementor-element elementor-element-c568ec5 elementor-widget elementor-widget-heading\" data-id=\"c568ec5\" data-element_type=\"widget\" data-widget_type=\"heading.default\">\n\t\t\t\t<div class=\"elementor-widget-container\">\n\t\t\t<h2 class=\"elementor-heading-title elementor-size-default\">Causas de la anosmia<\/h2>\t\t<\/div>\n\t\t\t\t<\/div>\n\t\t\t\t<div class=\"elementor-element elementor-element-c0e4909 elementor-widget elementor-widget-text-editor\" data-id=\"c0e4909\" data-element_type=\"widget\" data-widget_type=\"text-editor.default\">\n\t\t\t\t<div class=\"elementor-widget-container\">\n\t\t\t\t\t\t\t<p><span style=\"font-weight: 400;\">La anosmia puede tener su origen en m\u00faltiples factores que alteran el funcionamiento de los receptores olfativos. <\/span><b>Entre las causas m\u00e1s comunes se encuentran las infecciones respiratorias, los traumatismos craneales, las alergias severas y la exposici\u00f3n prolongada a sustancias t\u00f3xicas.<\/b><span style=\"font-weight: 400;\"> Adem\u00e1s, enfermedades neurol\u00f3gicas como el Parkinson o el Alzheimer, as\u00ed como el uso de ciertos medicamentos, tambi\u00e9n pueden desencadenar esta afecci\u00f3n.<\/span><\/p>\t\t\t\t\t\t<\/div>\n\t\t\t\t<\/div>\n\t\t\t\t<div class=\"elementor-element elementor-element-e54d5d6 elementor-widget elementor-widget-heading\" data-id=\"e54d5d6\" data-element_type=\"widget\" data-widget_type=\"heading.default\">\n\t\t\t\t<div class=\"elementor-widget-container\">\n\t\t\t<h3 class=\"elementor-heading-title elementor-size-default\">Principales desencadenantes de la p\u00e9rdida de olfato<\/h3>\t\t<\/div>\n\t\t\t\t<\/div>\n\t\t\t\t<div class=\"elementor-element elementor-element-295a8c7 elementor-widget elementor-widget-text-editor\" data-id=\"295a8c7\" data-element_type=\"widget\" data-widget_type=\"text-editor.default\">\n\t\t\t\t<div class=\"elementor-widget-container\">\n\t\t\t\t\t\t\t<p><span style=\"font-weight: 400;\">Desde un enfoque m\u00e1s espec\u00edfico, los desencadenantes principales incluyen:<\/span><\/p>\n<ul>\n<li style=\"font-weight: 400;\" aria-level=\"1\"><b>Infecciones virales<\/b><span style=\"font-weight: 400;\">, como el SARS-CoV-2, que pueden causar da\u00f1os temporales o permanentes en los receptores olfativos.<\/span><\/li>\n<li style=\"font-weight: 400;\" aria-level=\"1\"><b>Traumatismos craneales<\/b><span style=\"font-weight: 400;\">, capaces de alterar el nervio olfativo y dificultar la percepci\u00f3n de olores.<\/span><\/li>\n<li style=\"font-weight: 400;\" aria-level=\"1\"><b>Envejecimiento<\/b><span style=\"font-weight: 400;\">, que conlleva un deterioro natural de las capacidades sensoriales.<\/span><\/li>\n<li style=\"font-weight: 400;\" aria-level=\"1\"><b>Poliposis nasal<\/b><span>, donde la presencia de p\u00f3lipos en las fosas nasales bloquea el paso de los est\u00edmulos olfativos.<\/span><\/li>\n<\/ul>\t\t\t\t\t\t<\/div>\n\t\t\t\t<\/div>\n\t\t\t\t<div class=\"elementor-element elementor-element-c3b1cb0 elementor-widget elementor-widget-heading\" data-id=\"c3b1cb0\" data-element_type=\"widget\" data-widget_type=\"heading.default\">\n\t\t\t\t<div class=\"elementor-widget-container\">\n\t\t\t<h3 class=\"elementor-heading-title elementor-size-default\">Enfoque en la anosmia post-COVID-19 como ejemplo actual<\/h3>\t\t<\/div>\n\t\t\t\t<\/div>\n\t\t\t\t<div class=\"elementor-element elementor-element-7c234a3 elementor-widget elementor-widget-text-editor\" data-id=\"7c234a3\" data-element_type=\"widget\" data-widget_type=\"text-editor.default\">\n\t\t\t\t<div class=\"elementor-widget-container\">\n\t\t\t\t\t\t\t<p><span style=\"font-weight: 400;\">Un caso reciente y representativo es la <\/span><b>anosmia post-COVID-19<\/b><span style=\"font-weight: 400;\">. Durante la pandemia, muchos pacientes infectados con SARS-CoV-2 reportaron la p\u00e9rdida total o parcial del sentido del olfato. Este fen\u00f3meno evidenci\u00f3 la vulnerabilidad de los receptores olfativos frente a infecciones virales agresivas.<\/span><\/p>\n<p><span style=\"font-weight: 400;\">Aunque algunos pacientes recuperaron este sentido en semanas, otros han enfrentado una anosmia prolongada o permanente, lo cual ha motivado la b\u00fasqueda de nuevos tratamientos, como el PRP, con el objetivo de mitigar estos efectos.<\/span><\/p>\t\t\t\t\t\t<\/div>\n\t\t\t\t<\/div>\n\t\t\t\t<div class=\"elementor-element elementor-element-ddfcedd elementor-widget elementor-widget-heading\" data-id=\"ddfcedd\" data-element_type=\"widget\" data-widget_type=\"heading.default\">\n\t\t\t\t<div class=\"elementor-widget-container\">\n\t\t\t<h2 class=\"elementor-heading-title elementor-size-default\">Tratamientos tradicionales para la anosmia<\/h2>\t\t<\/div>\n\t\t\t\t<\/div>\n\t\t\t\t<div class=\"elementor-element elementor-element-d12258a elementor-widget elementor-widget-text-editor\" data-id=\"d12258a\" data-element_type=\"widget\" data-widget_type=\"text-editor.default\">\n\t\t\t\t<div class=\"elementor-widget-container\">\n\t\t\t\t\t\t\t<p><span style=\"font-weight: 400;\">En el manejo de la anosmia, los tratamientos tradicionales han desempe\u00f1ado un papel central durante d\u00e9cadas, aunque presentan limitaciones importantes.<\/span><\/p>\t\t\t\t\t\t<\/div>\n\t\t\t\t<\/div>\n\t\t\t\t<div class=\"elementor-element elementor-element-3a110de elementor-widget elementor-widget-heading\" data-id=\"3a110de\" data-element_type=\"widget\" data-widget_type=\"heading.default\">\n\t\t\t\t<div class=\"elementor-widget-container\">\n\t\t\t<h3 class=\"elementor-heading-title elementor-size-default\">M\u00e9todos convencionales<\/h3>\t\t<\/div>\n\t\t\t\t<\/div>\n\t\t\t\t<div class=\"elementor-element elementor-element-7712d3f elementor-widget elementor-widget-text-editor\" data-id=\"7712d3f\" data-element_type=\"widget\" data-widget_type=\"text-editor.default\">\n\t\t\t\t<div class=\"elementor-widget-container\">\n\t\t\t\t\t\t\t<ul>\n<li style=\"font-weight: 400;\" aria-level=\"1\"><b>Entrenamiento olfativo<\/b><span style=\"font-weight: 400;\">, que consiste en la exposici\u00f3n repetitiva a diferentes aromas para estimular los receptores olfativos.<\/span><\/li>\n<li style=\"font-weight: 400;\" aria-level=\"1\"><b>Corticoides<\/b><span style=\"font-weight: 400;\">, utilizados para reducir la inflamaci\u00f3n en las v\u00edas nasales, ya sea por v\u00eda oral o t\u00f3pica.<\/span><\/li>\n<li style=\"font-weight: 400;\" aria-level=\"1\"><b>Suplementos vitam\u00ednicos y antioxidantes<\/b><span>, como el zinc o la vitamina A, que buscan favorecer la recuperaci\u00f3n, aunque con resultados variables.<\/span><\/li>\n<\/ul>\t\t\t\t\t\t<\/div>\n\t\t\t\t<\/div>\n\t\t\t\t<div class=\"elementor-element elementor-element-5395c73 elementor-widget elementor-widget-heading\" data-id=\"5395c73\" data-element_type=\"widget\" data-widget_type=\"heading.default\">\n\t\t\t\t<div class=\"elementor-widget-container\">\n\t\t\t<h3 class=\"elementor-heading-title elementor-size-default\">Limitaciones y desaf\u00edos de los enfoques tradicionales<\/h3>\t\t<\/div>\n\t\t\t\t<\/div>\n\t\t\t\t<div class=\"elementor-element elementor-element-715b2ce elementor-widget elementor-widget-text-editor\" data-id=\"715b2ce\" data-element_type=\"widget\" data-widget_type=\"text-editor.default\">\n\t\t\t\t<div class=\"elementor-widget-container\">\n\t\t\t\t\t\t\t<p><span style=\"font-weight: 400;\">Sin embargo, estos m\u00e9todos tradicionales no siempre garantizan una recuperaci\u00f3n completa del sentido del olfato. <strong>Los resultados pueden ser lentos, y en casos m\u00e1s graves, insuficientes.<\/strong> Adem\u00e1s, el uso prolongado de corticoides puede <strong>causar efectos adversos,<\/strong> como irritaci\u00f3n nasal o problemas de salud adicionales.<\/span><\/p><p><span style=\"font-weight: 400;\">Es aqu\u00ed donde entra en juego la <strong>necesidad de explorar terapias m\u00e1s innovadoras, como el PRP,<\/strong> para ofrecer soluciones regenerativas m\u00e1s eficaces y duraderas.<\/span><\/p>\t\t\t\t\t\t<\/div>\n\t\t\t\t<\/div>\n\t\t\t\t<div class=\"elementor-element elementor-element-b66d899 elementor-widget elementor-widget-heading\" data-id=\"b66d899\" data-element_type=\"widget\" data-widget_type=\"heading.default\">\n\t\t\t\t<div class=\"elementor-widget-container\">\n\t\t\t<h2 class=\"elementor-heading-title elementor-size-default\">Plasma rico en plaquetas: Innovaci\u00f3n en medicina regenerativa<\/h2>\t\t<\/div>\n\t\t\t\t<\/div>\n\t\t\t\t<div class=\"elementor-element elementor-element-e3c2bc2 elementor-widget elementor-widget-text-editor\" data-id=\"e3c2bc2\" data-element_type=\"widget\" data-widget_type=\"text-editor.default\">\n\t\t\t\t<div class=\"elementor-widget-container\">\n\t\t\t\t\t\t\t<p><span style=\"font-weight: 400;\">El <\/span><b>plasma rico en plaquetas (PRP)<\/b><span style=\"font-weight: 400;\"> ha revolucionado el \u00e1mbito de la medicina regenerativa. Este tratamiento utiliza sangre del propio paciente, procesada mediante centrifugaci\u00f3n para concentrar plaquetas y factores de crecimiento presentes en el plasma.<\/span><\/p>\t\t\t\t\t\t<\/div>\n\t\t\t\t<\/div>\n\t\t\t\t<div class=\"elementor-element elementor-element-69d7be5 elementor-widget elementor-widget-heading\" data-id=\"69d7be5\" data-element_type=\"widget\" data-widget_type=\"heading.default\">\n\t\t\t\t<div class=\"elementor-widget-container\">\n\t\t\t<h3 class=\"elementor-heading-title elementor-size-default\">Principios y bases cient\u00edficas detr\u00e1s de esta t\u00e9cnica<\/h3>\t\t<\/div>\n\t\t\t\t<\/div>\n\t\t\t\t<div class=\"elementor-element elementor-element-a61d5d9 elementor-widget elementor-widget-text-editor\" data-id=\"a61d5d9\" data-element_type=\"widget\" data-widget_type=\"text-editor.default\">\n\t\t\t\t<div class=\"elementor-widget-container\">\n\t\t\t\t\t\t\t<p><span style=\"font-weight: 400;\">Los factores de crecimiento contenidos en las plaquetas, como el <\/span><b>PDGF<\/b><span style=\"font-weight: 400;\"> y el <\/span><b>TGF-\u03b2<\/b><span style=\"font-weight: 400;\">, promueven la reparaci\u00f3n celular, aceleran la regeneraci\u00f3n de tejidos da\u00f1ados y fomentan la s\u00edntesis de matriz extracelular. Al tratarse de material aut\u00f3logo, <strong>el PRP minimiza los riesgos de rechazo o efectos secundarios.<\/strong><\/span><\/p><p><span style=\"font-weight: 400;\">Su aplicaci\u00f3n en \u00e1reas como la <a href=\"https:\/\/bio-teach.com\/kitsprp\/terapia-de-prp-para-dermatologia-para-el-rejuvenecimiento-facial-el-acne-y-la-alopecia\/\">dermatolog\u00eda<\/a>, la ortopedia y, m\u00e1s recientemente, en la <strong>regeneraci\u00f3n de receptores olfativos<\/strong>, respalda su eficacia como un tratamiento transformador en la medicina regenerativa.<\/span><\/p>\t\t\t\t\t\t<\/div>\n\t\t\t\t<\/div>\n\t\t\t\t<div class=\"elementor-element elementor-element-1cb6c96 elementor-widget elementor-widget-heading\" data-id=\"1cb6c96\" data-element_type=\"widget\" data-widget_type=\"heading.default\">\n\t\t\t\t<div class=\"elementor-widget-container\">\n\t\t\t<h2 class=\"elementor-heading-title elementor-size-default\">Resultados y beneficios del tratamiento con plasma rico en plaquetas para la anosmia<\/h2>\t\t<\/div>\n\t\t\t\t<\/div>\n\t\t\t\t<div class=\"elementor-element elementor-element-d78ca29 elementor-widget elementor-widget-text-editor\" data-id=\"d78ca29\" data-element_type=\"widget\" data-widget_type=\"text-editor.default\">\n\t\t\t\t<div class=\"elementor-widget-container\">\n\t\t\t\t\t\t\t<p><span style=\"font-weight: 400;\">El uso de <\/span><b>plasma rico en plaquetas (PRP)<\/b><span style=\"font-weight: 400;\"> en el tratamiento de la anosmia ha mostrado resultados prometedores. Como se menciono previamente, los factores de crecimiento presentes en el PRP, estimulan directamente la <strong>regeneraci\u00f3n de los receptores olfativos<\/strong>, logrando as\u00ed una recuperaci\u00f3n significativa en pacientes con esta afecci\u00f3n.<\/span><\/p>\t\t\t\t\t\t<\/div>\n\t\t\t\t<\/div>\n\t\t\t\t<div class=\"elementor-element elementor-element-6376097 elementor-widget elementor-widget-heading\" data-id=\"6376097\" data-element_type=\"widget\" data-widget_type=\"heading.default\">\n\t\t\t\t<div class=\"elementor-widget-container\">\n\t\t\t<h3 class=\"elementor-heading-title elementor-size-default\">Evidencia cient\u00edfica y estudios relevantes<\/h3>\t\t<\/div>\n\t\t\t\t<\/div>\n\t\t\t\t<div class=\"elementor-element elementor-element-6d3eb04 elementor-widget elementor-widget-text-editor\" data-id=\"6d3eb04\" data-element_type=\"widget\" data-widget_type=\"text-editor.default\">\n\t\t\t\t<div class=\"elementor-widget-container\">\n\t\t\t\t\t\t\t<p><span style=\"font-weight: 400;\">Diversos <a href=\"https:\/\/pmc.ncbi.nlm.nih.gov\/articles\/PMC7178450\/\" target=\"_blank\" rel=\"noopener\"><strong>estudios<\/strong><\/a> han evidenciado los beneficios del PRP en la recuperaci\u00f3n del olfato. Por ejemplo, <strong>pacientes tratados con esta t\u00e9cnica han mostrado mejoras m\u00e1s r\u00e1pidas y notables en comparaci\u00f3n con quienes siguieron tratamientos tradicionales<\/strong>. Aunque se requiere m\u00e1s investigaci\u00f3n, las pruebas iniciales fortalecen su papel como una alternativa eficaz.<\/span><\/p>\t\t\t\t\t\t<\/div>\n\t\t\t\t<\/div>\n\t\t\t\t<div class=\"elementor-element elementor-element-94c3986 elementor-widget elementor-widget-heading\" data-id=\"94c3986\" data-element_type=\"widget\" data-widget_type=\"heading.default\">\n\t\t\t\t<div class=\"elementor-widget-container\">\n\t\t\t<h3 class=\"elementor-heading-title elementor-size-default\">Beneficios y tasas de \u00e9xito en pacientes tratados<\/h3>\t\t<\/div>\n\t\t\t\t<\/div>\n\t\t\t\t<div class=\"elementor-element elementor-element-2594206 elementor-widget elementor-widget-text-editor\" data-id=\"2594206\" data-element_type=\"widget\" data-widget_type=\"text-editor.default\">\n\t\t\t\t<div class=\"elementor-widget-container\">\n\t\t\t\t\t\t\t<p><span style=\"font-weight: 400;\">Entre los beneficios m\u00e1s destacados se encuentran:<\/span><\/p><ul><li style=\"font-weight: 400;\" aria-level=\"1\"><b>Regeneraci\u00f3n acelerada de los receptores olfativos<\/b><span style=\"font-weight: 400;\">, gracias a los factores bioactivos del PRP.<\/span><\/li><li style=\"font-weight: 400;\" aria-level=\"1\"><b>Tratamiento seguro y personalizado<\/b><span style=\"font-weight: 400;\">, debido a la naturaleza aut\u00f3loga del plasma.<\/span><\/li><li style=\"font-weight: 400;\" aria-level=\"1\"><b>Impacto positivo en la calidad de vida<\/b><span style=\"font-weight: 400;\">, con una recuperaci\u00f3n parcial o total del sentido del olfato.<\/span><\/li><\/ul><p><span style=\"font-weight: 400;\">Adem\u00e1s, las<a href=\"https:\/\/pubmed.ncbi.nlm.nih.gov\/36507615\/\" target=\"_blank\" rel=\"noopener\"><strong> investigaciones<\/strong><\/a> sugieren que el PRP tiene altas tasas de efectividad, especialmente en casos de anosmia post-viral, como la asociada al COVID-19.<\/span><\/p>\t\t\t\t\t\t<\/div>\n\t\t\t\t<\/div>\n\t\t\t\t<div class=\"elementor-element elementor-element-68329d1 elementor-widget elementor-widget-heading\" data-id=\"68329d1\" data-element_type=\"widget\" data-widget_type=\"heading.default\">\n\t\t\t\t<div class=\"elementor-widget-container\">\n\t\t\t<h2 class=\"elementor-heading-title elementor-size-default\">Innovaci\u00f3n en terapias regenerativas: kits de PRP para el tratamiento de la anosmia<\/h2>\t\t<\/div>\n\t\t\t\t<\/div>\n\t\t\t\t<div class=\"elementor-element elementor-element-12ae835 elementor-widget elementor-widget-text-editor\" data-id=\"12ae835\" data-element_type=\"widget\" data-widget_type=\"text-editor.default\">\n\t\t\t\t<div class=\"elementor-widget-container\">\n\t\t\t\t\t\t\t<p><span style=\"font-weight: 400;\">El <\/span><b>plasma rico en plaquetas <\/b><span style=\"font-weight: 400;\">ha revolucionado el campo de la medicina regenerativa, consolid\u00e1ndose como una soluci\u00f3n innovadora para tratar afecciones complejas como la <\/span><b>anosmia<\/b><span style=\"font-weight: 400;\"> o p\u00e9rdida del olfato.\u00a0<\/span><\/p><p><span style=\"font-weight: 400;\">Esta revoluci\u00f3n m\u00e9dica no solo beneficia directamente a los pacientes, sino que tambi\u00e9n<\/span><b> abre nuevas posibilidades para los profesionales del sector<\/b><span style=\"font-weight: 400;\">, incentiv\u00e1ndolos a explorar fronteras terap\u00e9uticas que hasta hace poco parec\u00edan inalcanzables. Gracias a avances tecnol\u00f3gicos y al compromiso con la innovaci\u00f3n, empresas especializadas han desarrollado dispositivos que facilitan los tratamientos con PRP, optimizando los resultados cl\u00ednicos en una amplia gama de escenarios.<\/span><\/p><p><span style=\"font-weight: 400;\">En este contexto, <\/span><b>Bio-Teach Medical<\/b><span style=\"font-weight: 400;\"> destaca como un l\u00edder en la comercializaci\u00f3n de productos para la extracci\u00f3n, procesamiento y aplicaci\u00f3n del PRP, ofreciendo una l\u00ednea de <\/span><a href=\"https:\/\/bio-teach.com\/kitsprp\/\"><strong>kits<\/strong><\/a><span style=\"font-weight: 400;\"><strong> avanzados<\/strong> dise\u00f1ados espec\u00edficamente para el tratamiento de la anosmia. Estos productos sobresalen por su <\/span><b>seguridad, eficacia y facilidad de uso<\/b><span style=\"font-weight: 400;\">, asegurando resultados consistentes y de alta calidad. Disponibles en mercados internacionales como Estados Unidos, nuestros kits est\u00e1n dise\u00f1ados para satisfacer las demandas de los profesionales m\u00e9dicos, facilitando la implementaci\u00f3n de este tratamiento innovador y maximizando sus beneficios.<\/span><\/p>\t\t\t\t\t\t<\/div>\n\t\t\t\t<\/div>\n\t\t\t\t<div class=\"elementor-element elementor-element-50de393 elementor-widget elementor-widget-heading\" data-id=\"50de393\" data-element_type=\"widget\" data-widget_type=\"heading.default\">\n\t\t\t\t<div class=\"elementor-widget-container\">\n\t\t\t<h4 class=\"elementor-heading-title elementor-size-default\">REIN PRP DUO<\/h4>\t\t<\/div>\n\t\t\t\t<\/div>\n\t\t\t\t<div class=\"elementor-element elementor-element-47a30c5 elementor-widget elementor-widget-text-editor\" data-id=\"47a30c5\" data-element_type=\"widget\" data-widget_type=\"text-editor.default\">\n\t\t\t\t<div class=\"elementor-widget-container\">\n\t\t\t\t\t\t\t<p><span style=\"font-weight: 400;\">El kit <strong>REIN PRP DUO<\/strong>\u00a0ofrece un sistema completo que simplifica cada etapa del proceso. Su innovador dise\u00f1o garantiza una preparaci\u00f3n eficiente y segura del PRP, maximizando su eficacia en la regeneraci\u00f3n de los receptores olfativos.<\/span><\/p><p><span style=\"font-weight: 400;\">Beneficios principales:<\/span><\/p><ul><li aria-level=\"1\"><b>Kit completo que elimina la necesidad de reutilizar piezas, garantizando seguridad.<\/b><\/li><\/ul><ul><li aria-level=\"1\"><b>Recuperaci\u00f3n de hasta el 85% de las plaquetas, maximizando su eficacia en los tratamientos.<\/b><\/li><\/ul><ul><li aria-level=\"1\"><b>Compatible con la mayor\u00eda de las centr\u00edfugas disponibles en el mercado.<\/b><\/li><\/ul><ul><li aria-level=\"1\"><b>Incluye anticoagulante, simplificando la preparaci\u00f3n del PRP.<\/b><\/li><\/ul><ul><li aria-level=\"1\"><b>Sistema cerrado, esterilizado y biocompatible, aprobado por la <a href=\"https:\/\/www.aemps.gob.es\/medicamentos-de-uso-humano\/medicamentos-biologicos\/plasma-rico-en-plaquetas-prp\/listado-de-productos-sanitarios-considerados-como-sistemas-de-obtencion-de-prp-cerrados-comunicados-en-la-aplicacion-ccps\/?lang=en\" target=\"_blank\" rel=\"noopener\">AEMPS (Agencia Espa\u00f1ola de Medicamentos y Productos Sanitarios).<\/a>\u00a0<\/b><\/li><li aria-level=\"1\"><b>Adem\u00e1s, los tubos no contienen gel ni componentes petroqu\u00edmicos, lo que reduce el riesgo de alergias. Este kit asegura una obtenci\u00f3n precisa de 2 ml de PRP por cada 10 ml de sangre.<\/b><\/li><\/ul>\t\t\t\t\t\t<\/div>\n\t\t\t\t<\/div>\n\t\t\t\t<div class=\"elementor-element elementor-element-7260faa elementor-widget elementor-widget-heading\" data-id=\"7260faa\" data-element_type=\"widget\" data-widget_type=\"heading.default\">\n\t\t\t\t<div class=\"elementor-widget-container\">\n\t\t\t<h4 class=\"elementor-heading-title elementor-size-default\">PROLO 30<\/h4>\t\t<\/div>\n\t\t\t\t<\/div>\n\t\t\t\t<div class=\"elementor-element elementor-element-b9c2760 elementor-widget elementor-widget-text-editor\" data-id=\"b9c2760\" data-element_type=\"widget\" data-widget_type=\"text-editor.default\">\n\t\t\t\t<div class=\"elementor-widget-container\">\n\t\t\t\t\t\t\t<p><span style=\"font-weight: 400;\">Dise\u00f1ado para satisfacer las necesidades m\u00e1s exigentes de m\u00e9dicos y cl\u00ednicas, el kit <\/span><b>PROLO 30,<\/b><span style=\"font-weight: 400;\"> es una soluci\u00f3n ideal para quienes buscan tratar la anosmia o p\u00e9rdida del olfato con PRP. Este sistema avanzado garantiza una alta pureza y recuperaci\u00f3n de plaquetas, promoviendo una regeneraci\u00f3n efectiva de los receptores olfativos.<\/span><\/p><p><span style=\"font-weight: 400;\">Beneficios destacados:<\/span><\/p><ul><li><strong>Proporciona 96% de pureza.<\/strong><\/li><li><strong>Ofrece hasta 97% de extracci\u00f3n.<\/strong><\/li><li><strong>Presenta un sistema cerrado, lo que lo hace seguro.<\/strong><\/li><li><strong>No contiene productos qu\u00edmicos ni aditivos.<\/strong><\/li><li><strong>Se produce en una sala limpia completamente esterilizada mediante irradiaci\u00f3n segura de rayos gamma.<\/strong><\/li><li><strong>Ofrece un control preciso sobre la concentraci\u00f3n de PRP.<\/strong><\/li><\/ul>\t\t\t\t\t\t<\/div>\n\t\t\t\t<\/div>\n\t\t\t\t<div class=\"elementor-element elementor-element-612f2a1 elementor-widget elementor-widget-heading\" data-id=\"612f2a1\" data-element_type=\"widget\" data-widget_type=\"heading.default\">\n\t\t\t\t<div class=\"elementor-widget-container\">\n\t\t\t<h4 class=\"elementor-heading-title elementor-size-default\">DR. PRP<\/h4>\t\t<\/div>\n\t\t\t\t<\/div>\n\t\t\t\t<div class=\"elementor-element elementor-element-edea8dd elementor-widget elementor-widget-text-editor\" data-id=\"edea8dd\" data-element_type=\"widget\" data-widget_type=\"text-editor.default\">\n\t\t\t\t<div class=\"elementor-widget-container\">\n\t\t\t\t\t\t\t<p><span style=\"font-weight: 400;\">Este kit combina simplicidad e innovaci\u00f3n, convirti\u00e9ndose en una opci\u00f3n accesible y eficiente para el tratamiento de la anosmia con PRP. Este kit destaca por su dise\u00f1o intuitivo y sus resultados consistentes, facilitando a los profesionales m\u00e9dicos la aplicaci\u00f3n de esta terapia regenerativa.<\/span><\/p><p><span style=\"font-weight: 400;\">Ventajas clave:<\/span><\/p><ul><li aria-level=\"1\"><b>Recupera m\u00e1s del 90% de las plaquetas, produciendo un PRP de alta calidad.<\/b><\/li><\/ul><ul><li aria-level=\"1\"><b>Sistema cerrado y est\u00e9ril con doble tapa de seguridad que bloquea el contacto con el aire exterior.<\/b><\/li><\/ul><ul><li aria-level=\"1\"><b>Permite una separaci\u00f3n precisa de los componentes sangu\u00edneos, eliminando gl\u00f3bulos rojos y logrando un PRP \u00f3ptimo para el tratamiento.<\/b><\/li><li aria-level=\"1\"><b>Fabricado seg\u00fan la norma ISO 13485 y esterilizado con rayos gamma, asegurando la m\u00e1xima biocompatibilidad. Este kit garantiza resultados confiables, alineados con las necesidades de cl\u00ednicas que buscan la excelencia en sus procedimientos.<\/b><\/li><li aria-level=\"1\">Este kit est\u00e1 dise\u00f1ado para satisfacer las necesidades de m\u00e9dicos y cl\u00ednicas que buscan excelencia en sus procedimientos, asegurando resultados confiables y de alta calidad para pacientes con p\u00e9rdida de olfato.<\/li><\/ul>\t\t\t\t\t\t<\/div>\n\t\t\t\t<\/div>\n\t\t\t\t<div class=\"elementor-element elementor-element-5d09999 elementor-skin-carousel elementor-arrows-yes elementor-pagination-type-bullets elementor-pagination-position-outside elementor-widget elementor-widget-media-carousel\" data-id=\"5d09999\" data-element_type=\"widget\" data-settings=\"{&quot;skin&quot;:&quot;carousel&quot;,&quot;effect&quot;:&quot;slide&quot;,&quot;show_arrows&quot;:&quot;yes&quot;,&quot;pagination&quot;:&quot;bullets&quot;,&quot;speed&quot;:500,&quot;autoplay&quot;:&quot;yes&quot;,&quot;autoplay_speed&quot;:5000,&quot;loop&quot;:&quot;yes&quot;,&quot;pause_on_hover&quot;:&quot;yes&quot;,&quot;pause_on_interaction&quot;:&quot;yes&quot;,&quot;space_between&quot;:{&quot;unit&quot;:&quot;px&quot;,&quot;size&quot;:10,&quot;sizes&quot;:[]},&quot;space_between_tablet&quot;:{&quot;unit&quot;:&quot;px&quot;,&quot;size&quot;:10,&quot;sizes&quot;:[]},&quot;space_between_mobile&quot;:{&quot;unit&quot;:&quot;px&quot;,&quot;size&quot;:10,&quot;sizes&quot;:[]}}\" data-widget_type=\"media-carousel.default\">\n\t\t\t\t<div class=\"elementor-widget-container\">\n\t\t\t\t\t<div class=\"elementor-swiper\">\n\t\t\t<div class=\"elementor-main-swiper swiper-container\">\n\t\t\t\t<div class=\"swiper-wrapper\">\n\t\t\t\t\t\t\t\t\t\t\t<div class=\"swiper-slide\">\n\t\t\t\t\t\t\t<a href=\"https:\/\/bio-teach.com\/kitsprp\/\">\t\t<div class=\"elementor-carousel-image\" style=\"background-image: url(https:\/\/ml2wibi8up3f.i.optimole.com\/uueflVA-ogItHiug\/w:auto\/h:auto\/q:auto\/https:\/\/bio-teach.com\/kitsprp\/wp-content\/uploads\/2024\/01\/materiales-para-plasma-rico-en-plaquetas-1.webp)\">\n\t\t\t\t\t<\/div>\n\t\t<\/a>\t\t\t\t\t\t<\/div>\n\t\t\t\t\t\t\t\t\t\t\t<div class=\"swiper-slide\">\n\t\t\t\t\t\t\t<a href=\"https:\/\/bio-teach.com\/kitsprp\/\">\t\t<div class=\"elementor-carousel-image\" style=\"background-image: url(https:\/\/ml2wibi8up3f.i.optimole.com\/uueflVA-ZBzTpXdr\/w:auto\/h:auto\/q:auto\/https:\/\/bio-teach.com\/kitsprp\/wp-content\/uploads\/2024\/01\/materiales-para-plasma-rico-en-plaquetas-11.webp)\">\n\t\t\t\t\t<\/div>\n\t\t<\/a>\t\t\t\t\t\t<\/div>\n\t\t\t\t\t\t\t\t\t\t\t<div class=\"swiper-slide\">\n\t\t\t\t\t\t\t<a href=\"https:\/\/bio-teach.com\/kitsprp\/\">\t\t<div class=\"elementor-carousel-image\" style=\"background-image: url(https:\/\/ml2wibi8up3f.i.optimole.com\/uueflVA-Sr9tIX2A\/w:auto\/h:auto\/q:auto\/https:\/\/bio-teach.com\/kitsprp\/wp-content\/uploads\/2024\/01\/materiales-para-plasma-rico-en-plaquetas-5.webp)\">\n\t\t\t\t\t<\/div>\n\t\t<\/a>\t\t\t\t\t\t<\/div>\n\t\t\t\t\t\t\t\t\t<\/div>\n\t\t\t\t\t\t\t\t\t\t\t\t\t\t\t<div class=\"swiper-pagination\"><\/div>\n\t\t\t\t\t\t\t\t\t\t\t\t\t\t\t\t<div class=\"elementor-swiper-button elementor-swiper-button-prev\">\n\t\t\t\t\t\t\t<i class=\"eicon-chevron-left\" aria-hidden=\"true\"><\/i>\n\t\t\t\t\t\t\t<span class=\"elementor-screen-only\">Previous<\/span>\n\t\t\t\t\t\t<\/div>\n\t\t\t\t\t\t<div class=\"elementor-swiper-button elementor-swiper-button-next\">\n\t\t\t\t\t\t\t<i class=\"eicon-chevron-right\" aria-hidden=\"true\"><\/i>\n\t\t\t\t\t\t\t<span class=\"elementor-screen-only\">Next<\/span>\n\t\t\t\t\t\t<\/div>\n\t\t\t\t\t\t\t\t\t\t\t\t<\/div>\n\t\t<\/div>\n\t\t\t\t<\/div>\n\t\t\t\t<\/div>\n\t\t\t\t<div class=\"elementor-element elementor-element-2ab496b elementor-widget elementor-widget-heading\" data-id=\"2ab496b\" data-element_type=\"widget\" data-widget_type=\"heading.default\">\n\t\t\t\t<div class=\"elementor-widget-container\">\n\t\t\t<h2 class=\"elementor-heading-title elementor-size-default\">Perspectivas futuras y desarrollo continuo del plasma rico en plaquetas para la anosmia<\/h2>\t\t<\/div>\n\t\t\t\t<\/div>\n\t\t\t\t<div class=\"elementor-element elementor-element-5388046 elementor-widget elementor-widget-text-editor\" data-id=\"5388046\" data-element_type=\"widget\" data-widget_type=\"text-editor.default\">\n\t\t\t\t<div class=\"elementor-widget-container\">\n\t\t\t\t\t\t\t<p><span style=\"font-weight: 400;\">El uso del <\/span><b>plasma rico en plaquetas (PRP)<\/b><span style=\"font-weight: 400;\"> se ha extendido exitosamente a m\u00faltiples especialidades m\u00e9dicas, como la neurolog\u00eda para tratar lesiones nerviosas, y la oftalmolog\u00eda en la regeneraci\u00f3n de tejidos oculares. Estas aplicaciones demuestran su versatilidad y eficacia como una herramienta clave dentro de la medicina regenerativa.<\/span><\/p><p><span style=\"font-weight: 400;\">En el caso de la anosmia, <\/span><b>el PRP contin\u00faa ganando reconocimiento como una alternativa prometedora para estimular la regeneraci\u00f3n de los receptores olfativos<\/b><span style=\"font-weight: 400;\">, transformando el manejo de esta afecci\u00f3n sensorial.<\/span><\/p>\t\t\t\t\t\t<\/div>\n\t\t\t\t<\/div>\n\t\t\t\t<div class=\"elementor-element elementor-element-3dc73ab elementor-widget elementor-widget-heading\" data-id=\"3dc73ab\" data-element_type=\"widget\" data-widget_type=\"heading.default\">\n\t\t\t\t<div class=\"elementor-widget-container\">\n\t\t\t<h3 class=\"elementor-heading-title elementor-size-default\">Posibilidades de mejora y nuevas \u00e1reas de investigaci\u00f3n<\/h3>\t\t<\/div>\n\t\t\t\t<\/div>\n\t\t\t\t<div class=\"elementor-element elementor-element-4b36e57 elementor-widget elementor-widget-text-editor\" data-id=\"4b36e57\" data-element_type=\"widget\" data-widget_type=\"text-editor.default\">\n\t\t\t\t<div class=\"elementor-widget-container\">\n\t\t\t\t\t\t\t<p><span style=\"font-weight: 400;\">Aunque el PRP ya cuenta con aplicaciones consolidadas, el futuro est\u00e1 lleno de posibilidades. Se espera que los avances tecnol\u00f3gicos permitan desarrollar protocolos m\u00e1s <\/span><b>personalizados y precisos<\/b><span style=\"font-weight: 400;\">, adaptados a las necesidades espec\u00edficas de cada paciente. Adem\u00e1s, la exploraci\u00f3n de <\/span><b>combinaciones con otras terapias regenerativas<\/b><span style=\"font-weight: 400;\"> podr\u00eda potenciar a\u00fan m\u00e1s sus efectos y abrir nuevas fronteras de tratamiento.<\/span><\/p>\t\t\t\t\t\t<\/div>\n\t\t\t\t<\/div>\n\t\t\t\t<div class=\"elementor-element elementor-element-7c15e3a elementor-widget elementor-widget-heading\" data-id=\"7c15e3a\" data-element_type=\"widget\" data-widget_type=\"heading.default\">\n\t\t\t\t<div class=\"elementor-widget-container\">\n\t\t\t<h3 class=\"elementor-heading-title elementor-size-default\">Expectativas en el avance de la medicina regenerativa<\/h3>\t\t<\/div>\n\t\t\t\t<\/div>\n\t\t\t\t<div class=\"elementor-element elementor-element-517332a elementor-widget elementor-widget-text-editor\" data-id=\"517332a\" data-element_type=\"widget\" data-widget_type=\"text-editor.default\">\n\t\t\t\t<div class=\"elementor-widget-container\">\n\t\t\t\t\t\t\t<p><span style=\"font-weight: 400;\">El <\/span><b>PRP representa un paradigma renovador<\/b><span style=\"font-weight: 400;\"> en la medicina regenerativa, enfoc\u00e1ndose en la reparaci\u00f3n natural de tejidos sobre los enfoques convencionales. Con el respaldo de investigaciones continuas y una comprensi\u00f3n m\u00e1s profunda de los procesos biol\u00f3gicos involucrados, el PRP promete no solo transformar el tratamiento de la anosmia, sino tambi\u00e9n inspirar el desarrollo de terapias innovadoras que ampl\u00eden los horizontes de la medicina moderna.<\/span><\/p>\t\t\t\t\t\t<\/div>\n\t\t\t\t<\/div>\n\t\t\t\t<div class=\"elementor-element elementor-element-9415f64 elementor-widget elementor-widget-heading\" data-id=\"9415f64\" data-element_type=\"widget\" data-widget_type=\"heading.default\">\n\t\t\t\t<div class=\"elementor-widget-container\">\n\t\t\t<h2 class=\"elementor-heading-title elementor-size-default\">Fuentes consultadas<\/h2>\t\t<\/div>\n\t\t\t\t<\/div>\n\t\t\t\t<div class=\"elementor-element elementor-element-5fbdd8f elementor-widget elementor-widget-text-editor\" data-id=\"5fbdd8f\" data-element_type=\"widget\" data-widget_type=\"text-editor.default\">\n\t\t\t\t<div class=\"elementor-widget-container\">\n\t\t\t\t\t\t\t<ol><li><a href=\"https:\/\/pubmed.ncbi.nlm.nih.gov\/36507615\/\" target=\"_blank\" rel=\"noopener\">https:\/\/pubmed.ncbi.nlm.nih.gov\/36507615\/<\/a><\/li><li><a href=\"https:\/\/pmc.ncbi.nlm.nih.gov\/articles\/PMC7178450\/\" target=\"_blank\" rel=\"noopener\">https:\/\/pmc.ncbi.nlm.nih.gov\/articles\/PMC7178450\/<\/a><\/li><li><a href=\"https:\/\/med.stanford.edu\/news\/all-news\/2023\/01\/covid-smell-loss-treatment.html\" target=\"_blank\" rel=\"noopener\">https:\/\/med.stanford.edu\/news\/all-news\/2023\/01\/covid-smell-loss-treatment.html<\/a><\/li><li><a href=\"https:\/\/www.lavanguardia.com\/vida\/20240517\/9653189\/plasma-rico-plaquetas-tratamiento-anosmia-perdida-olfato-agenciaslv20240517.html\" target=\"_blank\" rel=\"noopener\">https:\/\/www.lavanguardia.com\/vida\/20240517\/9653189\/plasma-rico-plaquetas-tratamiento-anosmia-perdida-olfato-agenciaslv20240517.html<\/a><\/li><li><a href=\"https:\/\/www.lasprovincias.es\/sociedad\/salud\/plasma-rico-plaquetas-tratamiento-anosmia-perdida-olfato-20240517164230-nt.html\" target=\"_blank\" rel=\"noopener\">https:\/\/www.lasprovincias.es\/sociedad\/salud\/plasma-rico-plaquetas-tratamiento-anosmia-perdida-olfato-20240517164230-nt.html<\/a><\/li><\/ol>\t\t\t\t\t\t<\/div>\n\t\t\t\t<\/div>\n\t\t\t\t<div class=\"elementor-element elementor-element-4dc3a66 elementor-widget-divider--view-line elementor-widget elementor-widget-divider\" data-id=\"4dc3a66\" data-element_type=\"widget\" data-widget_type=\"divider.default\">\n\t\t\t\t<div class=\"elementor-widget-container\">\n\t\t\t\t\t<div class=\"elementor-divider\">\n\t\t\t<span class=\"elementor-divider-separator\">\n\t\t\t\t\t\t<\/span>\n\t\t<\/div>\n\t\t\t\t<\/div>\n\t\t\t\t<\/div>\n\t\t\t\t<div class=\"elementor-element elementor-element-e403344 elementor-widget elementor-widget-text-editor\" data-id=\"e403344\" data-element_type=\"widget\" data-widget_type=\"text-editor.default\">\n\t\t\t\t<div class=\"elementor-widget-container\">\n\t\t\t\t\t\t\t<p><b>Para obtener m\u00e1s informaci\u00f3n sobre c\u00f3mo nuestros productos pueden contribuir al \u00e9xito de sus tratamientos con PRP, le invitamos a ponerse en <a href=\"https:\/\/bio-teach.com\/kitsprp\/contacto\/\" target=\"_blank\" rel=\"noopener\">contacto<\/a> con Bio-Teach Medical. Estamos a su disposici\u00f3n en Espa\u00f1a y Portugal para ayudarle a alcanzar sus objetivos profesionales y terap\u00e9uticos.<\/b><\/p>\t\t\t\t\t\t<\/div>\n\t\t\t\t<\/div>\n\t\t\t\t<div class=\"elementor-element elementor-element-6d107e3 elementor-widget-divider--view-line elementor-widget elementor-widget-divider\" data-id=\"6d107e3\" data-element_type=\"widget\" data-widget_type=\"divider.default\">\n\t\t\t\t<div class=\"elementor-widget-container\">\n\t\t\t\t\t<div class=\"elementor-divider\">\n\t\t\t<span class=\"elementor-divider-separator\">\n\t\t\t\t\t\t<\/span>\n\t\t<\/div>\n\t\t\t\t<\/div>\n\t\t\t\t<\/div>\n\t\t\t\t\t<\/div>\n\t\t<\/div>\n\t\t\t\t\t\t\t<\/div>\n\t\t<\/section>\n\t\t\t\t<section class=\"elementor-section elementor-top-section elementor-element elementor-element-3794323 elementor-section-boxed elementor-section-height-default elementor-section-height-default\" data-id=\"3794323\" data-element_type=\"section\">\n\t\t\t\t\t\t<div class=\"elementor-container elementor-column-gap-default\">\n\t\t\t\t\t<div class=\"elementor-column elementor-col-100 elementor-top-column elementor-element elementor-element-08b460f\" data-id=\"08b460f\" data-element_type=\"column\">\n\t\t\t<div class=\"elementor-widget-wrap elementor-element-populated\">\n\t\t\t\t\t\t\t\t<section class=\"elementor-section elementor-inner-section elementor-element elementor-element-62db930 elementor-section-boxed elementor-section-height-default elementor-section-height-default\" data-id=\"62db930\" data-element_type=\"section\">\n\t\t\t\t\t\t<div class=\"elementor-container elementor-column-gap-default\">\n\t\t\t\t\t<div class=\"elementor-column elementor-col-50 elementor-inner-column elementor-element elementor-element-5b91981\" data-id=\"5b91981\" data-element_type=\"column\">\n\t\t\t<div class=\"elementor-widget-wrap elementor-element-populated\">\n\t\t\t\t\t\t\t\t<div class=\"elementor-element elementor-element-2108fac elementor-widget elementor-widget-text-editor\" data-id=\"2108fac\" data-element_type=\"widget\" data-widget_type=\"text-editor.default\">\n\t\t\t\t<div class=\"elementor-widget-container\">\n\t\t\t\t\t\t\t<p>Joe Ramirez<\/p><p>Director Comercial de Bio-Teach Medical<\/p>\t\t\t\t\t\t<\/div>\n\t\t\t\t<\/div>\n\t\t\t\t<div class=\"elementor-element elementor-element-f6b29cc e-grid-align-left elementor-shape-rounded elementor-grid-0 elementor-widget elementor-widget-social-icons\" data-id=\"f6b29cc\" data-element_type=\"widget\" data-widget_type=\"social-icons.default\">\n\t\t\t\t<div class=\"elementor-widget-container\">\n\t\t\t\t\t<div class=\"elementor-social-icons-wrapper elementor-grid\">\n\t\t\t\t\t\t\t<span class=\"elementor-grid-item\">\n\t\t\t\t\t<a class=\"elementor-icon elementor-social-icon elementor-social-icon-linkedin elementor-repeater-item-ea2d6ac\" href=\"https:\/\/www.linkedin.com\/in\/joeramz\/\" target=\"_blank\">\n\t\t\t\t\t\t<span class=\"elementor-screen-only\">Linkedin<\/span>\n\t\t\t\t\t\t<i class=\"fab fa-linkedin\"><\/i>\t\t\t\t\t<\/a>\n\t\t\t\t<\/span>\n\t\t\t\t\t<\/div>\n\t\t\t\t<\/div>\n\t\t\t\t<\/div>\n\t\t\t\t\t<\/div>\n\t\t<\/div>\n\t\t\t\t<div class=\"elementor-column elementor-col-50 elementor-inner-column elementor-element elementor-element-3ab5260\" data-id=\"3ab5260\" data-element_type=\"column\">\n\t\t\t<div class=\"elementor-widget-wrap\">\n\t\t\t\t\t\t\t\t\t<\/div>\n\t\t<\/div>\n\t\t\t\t\t\t\t<\/div>\n\t\t<\/section>\n\t\t\t\t\t<\/div>\n\t\t<\/div>\n\t\t\t\t\t\t\t<\/div>\n\t\t<\/section>\n\t\t\t\t\t\t\t<\/div>\n\t\t","protected":false},"excerpt":{"rendered":"<p>Revoluci\u00f3n en la medicina regenerativa: El plasma rico en plaquetas (PRP) se posiciona como una soluci\u00f3n prometedora para la anosmia o p\u00e9rdida del olfato. Este tratamiento innovador, seguro y eficaz, promueve la regeneraci\u00f3n de los receptores olfativos, transformando la calidad de vida de los pacientes. Descubre c\u00f3mo el PRP est\u00e1 marcando un antes y un despu\u00e9s en la recuperaci\u00f3n sensorial.<\/p>\n","protected":false},"author":1,"featured_media":5891,"comment_status":"closed","ping_status":"open","sticky":false,"template":"","format":"standard","meta":{"neve_meta_sidebar":"full-width","neve_meta_container":"","neve_meta_enable_content_width":"","neve_meta_content_width":70,"neve_meta_title_alignment":"center","neve_meta_author_avatar":"","neve_post_elements_order":"[\"content\",\"tags\",\"sharing-icons\",\"post-navigation\"]","neve_meta_disable_header":"off","neve_meta_disable_footer":"","neve_meta_disable_title":"","neve_meta_reading_time":"","_ti_tpc_template_sync":false,"_ti_tpc_template_id":"","footnotes":""},"categories":[17],"tags":[68,13,42,15,16],"class_list":["post-5813","post","type-post","status-publish","format-standard","has-post-thumbnail","hentry","category-noticias","tag-anosmia","tag-medicina-regenerativa","tag-medicos","tag-plasma-rico-en-plaquetas","tag-prp"],"yoast_head":"<!-- This site is optimized with the Yoast SEO plugin v27.4 - https:\/\/yoast.com\/product\/yoast-seo-wordpress\/ -->\n<title>Plasma rico en plaquetas para el tratamiento de la anosmia o p\u00e9rdida de olfato<\/title>\n<meta name=\"description\" content=\"Plasma rico en plaquetas para el tratamiento de la anosmia o p\u00e9rdida de olfato: una soluci\u00f3n regenerativa eficaz que transforma vidas.\" \/>\n<meta name=\"robots\" content=\"index, follow, max-snippet:-1, max-image-preview:large, max-video-preview:-1\" \/>\n<link rel=\"canonical\" href=\"https:\/\/bio-teach.com\/kitsprp\/plasma-rico-en-plaquetas-para-el-tratamiento-de-la-anosmia-o-perdida-de-olfato\/\" \/>\n<meta property=\"og:locale\" content=\"es_ES\" \/>\n<meta property=\"og:type\" content=\"article\" \/>\n<meta property=\"og:title\" content=\"Plasma rico en plaquetas para el tratamiento de la anosmia o p\u00e9rdida de olfato\" \/>\n<meta property=\"og:description\" content=\"Plasma rico en plaquetas para el tratamiento de la anosmia o p\u00e9rdida de olfato: una soluci\u00f3n regenerativa eficaz que transforma vidas.\" \/>\n<meta property=\"og:url\" content=\"https:\/\/bio-teach.com\/kitsprp\/plasma-rico-en-plaquetas-para-el-tratamiento-de-la-anosmia-o-perdida-de-olfato\/\" \/>\n<meta property=\"og:site_name\" content=\"KITS PRP\" \/>\n<meta property=\"article:published_time\" content=\"2025-03-28T00:50:04+00:00\" \/>\n<meta property=\"article:modified_time\" content=\"2025-03-28T00:56:30+00:00\" \/>\n<meta property=\"og:image\" content=\"https:\/\/ml2wibi8up3f.i.optimole.com\/uueflVA-Dryj4UlK\/w:auto\/h:auto\/q:auto\/https:\/\/bio-teach.com\/kitsprp\/wp-content\/uploads\/2025\/03\/Plasma-rico-en-plaquetas-para-el-tratamiento-de-la-anosmia-o-perdida-de-olfato-1.webp\" \/>\n\t<meta property=\"og:image:width\" content=\"1280\" \/>\n\t<meta property=\"og:image:height\" content=\"720\" \/>\n\t<meta property=\"og:image:type\" content=\"image\/webp\" \/>\n<meta name=\"author\" content=\"jramirez\" \/>\n<meta name=\"twitter:card\" content=\"summary_large_image\" \/>\n<meta name=\"twitter:label1\" content=\"Escrito por\" \/>\n\t<meta name=\"twitter:data1\" content=\"jramirez\" \/>\n\t<meta name=\"twitter:label2\" content=\"Tiempo de lectura\" \/>\n\t<meta name=\"twitter:data2\" content=\"11 minutos\" \/>\n<script type=\"application\/ld+json\" class=\"yoast-schema-graph\">{\"@context\":\"https:\\\/\\\/schema.org\",\"@graph\":[{\"@type\":\"Article\",\"@id\":\"https:\\\/\\\/bio-teach.com\\\/kitsprp\\\/plasma-rico-en-plaquetas-para-el-tratamiento-de-la-anosmia-o-perdida-de-olfato\\\/#article\",\"isPartOf\":{\"@id\":\"https:\\\/\\\/bio-teach.com\\\/kitsprp\\\/plasma-rico-en-plaquetas-para-el-tratamiento-de-la-anosmia-o-perdida-de-olfato\\\/\"},\"author\":{\"name\":\"jramirez\",\"@id\":\"https:\\\/\\\/bio-teach.com\\\/kitsprp\\\/#\\\/schema\\\/person\\\/d32b2dfe603cd6981808973bc26d1905\"},\"headline\":\"Plasma rico en plaquetas para el tratamiento de la anosmia o p\u00e9rdida de olfato\",\"datePublished\":\"2025-03-28T00:50:04+00:00\",\"dateModified\":\"2025-03-28T00:56:30+00:00\",\"mainEntityOfPage\":{\"@id\":\"https:\\\/\\\/bio-teach.com\\\/kitsprp\\\/plasma-rico-en-plaquetas-para-el-tratamiento-de-la-anosmia-o-perdida-de-olfato\\\/\"},\"wordCount\":2281,\"publisher\":{\"@id\":\"https:\\\/\\\/bio-teach.com\\\/kitsprp\\\/#organization\"},\"image\":{\"@id\":\"https:\\\/\\\/bio-teach.com\\\/kitsprp\\\/plasma-rico-en-plaquetas-para-el-tratamiento-de-la-anosmia-o-perdida-de-olfato\\\/#primaryimage\"},\"thumbnailUrl\":\"https:\\/\\/bio-teach.com\\/kitsprp\\/wp-content\\/uploads\\/2025\\/03\\/Plasma-rico-en-plaquetas-para-el-tratamiento-de-la-anosmia-o-perdida-de-olfato-1.webp\",\"keywords\":[\"Anosmia\",\"Medicina regenerativa\",\"M\u00e9dicos\",\"Plasma rico en plaquetas\",\"PRP\"],\"articleSection\":[\"Noticias\"],\"inLanguage\":\"es\"},{\"@type\":\"WebPage\",\"@id\":\"https:\\\/\\\/bio-teach.com\\\/kitsprp\\\/plasma-rico-en-plaquetas-para-el-tratamiento-de-la-anosmia-o-perdida-de-olfato\\\/\",\"url\":\"https:\\\/\\\/bio-teach.com\\\/kitsprp\\\/plasma-rico-en-plaquetas-para-el-tratamiento-de-la-anosmia-o-perdida-de-olfato\\\/\",\"name\":\"Plasma rico en plaquetas para el tratamiento de la anosmia o p\u00e9rdida de olfato\",\"isPartOf\":{\"@id\":\"https:\\\/\\\/bio-teach.com\\\/kitsprp\\\/#website\"},\"primaryImageOfPage\":{\"@id\":\"https:\\\/\\\/bio-teach.com\\\/kitsprp\\\/plasma-rico-en-plaquetas-para-el-tratamiento-de-la-anosmia-o-perdida-de-olfato\\\/#primaryimage\"},\"image\":{\"@id\":\"https:\\\/\\\/bio-teach.com\\\/kitsprp\\\/plasma-rico-en-plaquetas-para-el-tratamiento-de-la-anosmia-o-perdida-de-olfato\\\/#primaryimage\"},\"thumbnailUrl\":\"https:\\/\\/bio-teach.com\\/kitsprp\\/wp-content\\/uploads\\/2025\\/03\\/Plasma-rico-en-plaquetas-para-el-tratamiento-de-la-anosmia-o-perdida-de-olfato-1.webp\",\"datePublished\":\"2025-03-28T00:50:04+00:00\",\"dateModified\":\"2025-03-28T00:56:30+00:00\",\"description\":\"Plasma rico en plaquetas para el tratamiento de la anosmia o p\u00e9rdida de olfato: una soluci\u00f3n regenerativa eficaz que transforma vidas.\",\"breadcrumb\":{\"@id\":\"https:\\\/\\\/bio-teach.com\\\/kitsprp\\\/plasma-rico-en-plaquetas-para-el-tratamiento-de-la-anosmia-o-perdida-de-olfato\\\/#breadcrumb\"},\"inLanguage\":\"es\",\"potentialAction\":[{\"@type\":\"ReadAction\",\"target\":[\"https:\\\/\\\/bio-teach.com\\\/kitsprp\\\/plasma-rico-en-plaquetas-para-el-tratamiento-de-la-anosmia-o-perdida-de-olfato\\\/\"]}]},{\"@type\":\"ImageObject\",\"inLanguage\":\"es\",\"@id\":\"https:\\\/\\\/bio-teach.com\\\/kitsprp\\\/plasma-rico-en-plaquetas-para-el-tratamiento-de-la-anosmia-o-perdida-de-olfato\\\/#primaryimage\",\"url\":\"https:\\/\\/bio-teach.com\\/kitsprp\\/wp-content\\/uploads\\/2025\\/03\\/Plasma-rico-en-plaquetas-para-el-tratamiento-de-la-anosmia-o-perdida-de-olfato-1.webp\",\"contentUrl\":\"https:\\/\\/bio-teach.com\\/kitsprp\\/wp-content\\/uploads\\/2025\\/03\\/Plasma-rico-en-plaquetas-para-el-tratamiento-de-la-anosmia-o-perdida-de-olfato-1.webp\",\"width\":1280,\"height\":720,\"caption\":\"Plasma rico en plaquetas para el tratamiento de la anosmia o p\u00e9rdida de olfato\"},{\"@type\":\"BreadcrumbList\",\"@id\":\"https:\\\/\\\/bio-teach.com\\\/kitsprp\\\/plasma-rico-en-plaquetas-para-el-tratamiento-de-la-anosmia-o-perdida-de-olfato\\\/#breadcrumb\",\"itemListElement\":[{\"@type\":\"ListItem\",\"position\":1,\"name\":\"Portada\",\"item\":\"https:\\\/\\\/bio-teach.com\\\/kitsprp\\\/\"},{\"@type\":\"ListItem\",\"position\":2,\"name\":\"Plasma rico en plaquetas para el tratamiento de la anosmia o p\u00e9rdida de olfato\"}]},{\"@type\":\"WebSite\",\"@id\":\"https:\\\/\\\/bio-teach.com\\\/kitsprp\\\/#website\",\"url\":\"https:\\\/\\\/bio-teach.com\\\/kitsprp\\\/\",\"name\":\"KITS PRP\",\"description\":\"KITS PRP\",\"publisher\":{\"@id\":\"https:\\\/\\\/bio-teach.com\\\/kitsprp\\\/#organization\"},\"potentialAction\":[{\"@type\":\"SearchAction\",\"target\":{\"@type\":\"EntryPoint\",\"urlTemplate\":\"https:\\\/\\\/bio-teach.com\\\/kitsprp\\\/?s={search_term_string}\"},\"query-input\":{\"@type\":\"PropertyValueSpecification\",\"valueRequired\":true,\"valueName\":\"search_term_string\"}}],\"inLanguage\":\"es\"},{\"@type\":\"Organization\",\"@id\":\"https:\\\/\\\/bio-teach.com\\\/kitsprp\\\/#organization\",\"name\":\"KITS PRP\",\"url\":\"https:\\\/\\\/bio-teach.com\\\/kitsprp\\\/\",\"logo\":{\"@type\":\"ImageObject\",\"inLanguage\":\"es\",\"@id\":\"https:\\\/\\\/bio-teach.com\\\/kitsprp\\\/#\\\/schema\\\/logo\\\/image\\\/\",\"url\":\"https:\\/\\/bio-teach.com\\/kitsprp\\/wp-content\\/uploads\\/2021\\/11\\/cropped-logo-bioteach-min.png\",\"contentUrl\":\"https:\\/\\/bio-teach.com\\/kitsprp\\/wp-content\\/uploads\\/2021\\/11\\/cropped-logo-bioteach-min.png\",\"width\":600,\"height\":250,\"caption\":\"KITS PRP\"},\"image\":{\"@id\":\"https:\\\/\\\/bio-teach.com\\\/kitsprp\\\/#\\\/schema\\\/logo\\\/image\\\/\"}},{\"@type\":\"Person\",\"@id\":\"https:\\\/\\\/bio-teach.com\\\/kitsprp\\\/#\\\/schema\\\/person\\\/d32b2dfe603cd6981808973bc26d1905\",\"name\":\"jramirez\",\"image\":{\"@type\":\"ImageObject\",\"inLanguage\":\"es\",\"@id\":\"https:\\/\\/bio-teach.com\\/kitsprp\\/wp-content\\/uploads\\/2023\\/05\\/cropped-Favicon-Bio-Teach.jpeg\",\"url\":\"https:\\/\\/bio-teach.com\\/kitsprp\\/wp-content\\/uploads\\/2023\\/05\\/cropped-Favicon-Bio-Teach.jpeg\",\"contentUrl\":\"https:\\/\\/bio-teach.com\\/kitsprp\\/wp-content\\/uploads\\/2023\\/05\\/cropped-Favicon-Bio-Teach.jpeg\",\"caption\":\"jramirez\"},\"sameAs\":[\"https:\\\/\\\/bio-teach.com\\\/kitsprp\"],\"url\":\"https:\\\/\\\/bio-teach.com\\\/kitsprp\\\/author\\\/jramirez\\\/\"}]}<\/script>\n<!-- \/ Yoast SEO plugin. -->","yoast_head_json":{"title":"Plasma rico en plaquetas para el tratamiento de la anosmia o p\u00e9rdida de olfato","description":"Plasma rico en plaquetas para el tratamiento de la anosmia o p\u00e9rdida de olfato: una soluci\u00f3n regenerativa eficaz que transforma vidas.","robots":{"index":"index","follow":"follow","max-snippet":"max-snippet:-1","max-image-preview":"max-image-preview:large","max-video-preview":"max-video-preview:-1"},"canonical":"https:\/\/bio-teach.com\/kitsprp\/plasma-rico-en-plaquetas-para-el-tratamiento-de-la-anosmia-o-perdida-de-olfato\/","og_locale":"es_ES","og_type":"article","og_title":"Plasma rico en plaquetas para el tratamiento de la anosmia o p\u00e9rdida de olfato","og_description":"Plasma rico en plaquetas para el tratamiento de la anosmia o p\u00e9rdida de olfato: una soluci\u00f3n regenerativa eficaz que transforma vidas.","og_url":"https:\/\/bio-teach.com\/kitsprp\/plasma-rico-en-plaquetas-para-el-tratamiento-de-la-anosmia-o-perdida-de-olfato\/","og_site_name":"KITS PRP","article_published_time":"2025-03-28T00:50:04+00:00","article_modified_time":"2025-03-28T00:56:30+00:00","og_image":[{"width":1280,"height":720,"url":"https:\/\/ml2wibi8up3f.i.optimole.com\/uueflVA-Dryj4UlK\/w:auto\/h:auto\/q:auto\/https:\/\/bio-teach.com\/kitsprp\/wp-content\/uploads\/2025\/03\/Plasma-rico-en-plaquetas-para-el-tratamiento-de-la-anosmia-o-perdida-de-olfato-1.webp","type":"image\/webp"}],"author":"jramirez","twitter_card":"summary_large_image","twitter_misc":{"Escrito por":"jramirez","Tiempo de lectura":"11 minutos"},"schema":{"@context":"https:\/\/schema.org","@graph":[{"@type":"Article","@id":"https:\/\/bio-teach.com\/kitsprp\/plasma-rico-en-plaquetas-para-el-tratamiento-de-la-anosmia-o-perdida-de-olfato\/#article","isPartOf":{"@id":"https:\/\/bio-teach.com\/kitsprp\/plasma-rico-en-plaquetas-para-el-tratamiento-de-la-anosmia-o-perdida-de-olfato\/"},"author":{"name":"jramirez","@id":"https:\/\/bio-teach.com\/kitsprp\/#\/schema\/person\/d32b2dfe603cd6981808973bc26d1905"},"headline":"Plasma rico en plaquetas para el tratamiento de la anosmia o p\u00e9rdida de olfato","datePublished":"2025-03-28T00:50:04+00:00","dateModified":"2025-03-28T00:56:30+00:00","mainEntityOfPage":{"@id":"https:\/\/bio-teach.com\/kitsprp\/plasma-rico-en-plaquetas-para-el-tratamiento-de-la-anosmia-o-perdida-de-olfato\/"},"wordCount":2281,"publisher":{"@id":"https:\/\/bio-teach.com\/kitsprp\/#organization"},"image":{"@id":"https:\/\/bio-teach.com\/kitsprp\/plasma-rico-en-plaquetas-para-el-tratamiento-de-la-anosmia-o-perdida-de-olfato\/#primaryimage"},"thumbnailUrl":"https:\/\/ml2wibi8up3f.i.optimole.com\/uueflVA-Dryj4UlK\/w:auto\/h:auto\/q:auto\/https:\/\/bio-teach.com\/kitsprp\/wp-content\/uploads\/2025\/03\/Plasma-rico-en-plaquetas-para-el-tratamiento-de-la-anosmia-o-perdida-de-olfato-1.webp","keywords":["Anosmia","Medicina regenerativa","M\u00e9dicos","Plasma rico en plaquetas","PRP"],"articleSection":["Noticias"],"inLanguage":"es"},{"@type":"WebPage","@id":"https:\/\/bio-teach.com\/kitsprp\/plasma-rico-en-plaquetas-para-el-tratamiento-de-la-anosmia-o-perdida-de-olfato\/","url":"https:\/\/bio-teach.com\/kitsprp\/plasma-rico-en-plaquetas-para-el-tratamiento-de-la-anosmia-o-perdida-de-olfato\/","name":"Plasma rico en plaquetas para el tratamiento de la anosmia o p\u00e9rdida de olfato","isPartOf":{"@id":"https:\/\/bio-teach.com\/kitsprp\/#website"},"primaryImageOfPage":{"@id":"https:\/\/bio-teach.com\/kitsprp\/plasma-rico-en-plaquetas-para-el-tratamiento-de-la-anosmia-o-perdida-de-olfato\/#primaryimage"},"image":{"@id":"https:\/\/bio-teach.com\/kitsprp\/plasma-rico-en-plaquetas-para-el-tratamiento-de-la-anosmia-o-perdida-de-olfato\/#primaryimage"},"thumbnailUrl":"https:\/\/ml2wibi8up3f.i.optimole.com\/uueflVA-Dryj4UlK\/w:auto\/h:auto\/q:auto\/https:\/\/bio-teach.com\/kitsprp\/wp-content\/uploads\/2025\/03\/Plasma-rico-en-plaquetas-para-el-tratamiento-de-la-anosmia-o-perdida-de-olfato-1.webp","datePublished":"2025-03-28T00:50:04+00:00","dateModified":"2025-03-28T00:56:30+00:00","description":"Plasma rico en plaquetas para el tratamiento de la anosmia o p\u00e9rdida de olfato: una soluci\u00f3n regenerativa eficaz que transforma vidas.","breadcrumb":{"@id":"https:\/\/bio-teach.com\/kitsprp\/plasma-rico-en-plaquetas-para-el-tratamiento-de-la-anosmia-o-perdida-de-olfato\/#breadcrumb"},"inLanguage":"es","potentialAction":[{"@type":"ReadAction","target":["https:\/\/bio-teach.com\/kitsprp\/plasma-rico-en-plaquetas-para-el-tratamiento-de-la-anosmia-o-perdida-de-olfato\/"]}]},{"@type":"ImageObject","inLanguage":"es","@id":"https:\/\/bio-teach.com\/kitsprp\/plasma-rico-en-plaquetas-para-el-tratamiento-de-la-anosmia-o-perdida-de-olfato\/#primaryimage","url":"https:\/\/ml2wibi8up3f.i.optimole.com\/uueflVA-Dryj4UlK\/w:auto\/h:auto\/q:auto\/https:\/\/bio-teach.com\/kitsprp\/wp-content\/uploads\/2025\/03\/Plasma-rico-en-plaquetas-para-el-tratamiento-de-la-anosmia-o-perdida-de-olfato-1.webp","contentUrl":"https:\/\/ml2wibi8up3f.i.optimole.com\/uueflVA-Dryj4UlK\/w:auto\/h:auto\/q:auto\/https:\/\/bio-teach.com\/kitsprp\/wp-content\/uploads\/2025\/03\/Plasma-rico-en-plaquetas-para-el-tratamiento-de-la-anosmia-o-perdida-de-olfato-1.webp","width":1280,"height":720,"caption":"Plasma rico en plaquetas para el tratamiento de la anosmia o p\u00e9rdida de olfato"},{"@type":"BreadcrumbList","@id":"https:\/\/bio-teach.com\/kitsprp\/plasma-rico-en-plaquetas-para-el-tratamiento-de-la-anosmia-o-perdida-de-olfato\/#breadcrumb","itemListElement":[{"@type":"ListItem","position":1,"name":"Portada","item":"https:\/\/bio-teach.com\/kitsprp\/"},{"@type":"ListItem","position":2,"name":"Plasma rico en plaquetas para el tratamiento de la anosmia o p\u00e9rdida de olfato"}]},{"@type":"WebSite","@id":"https:\/\/bio-teach.com\/kitsprp\/#website","url":"https:\/\/bio-teach.com\/kitsprp\/","name":"KITS PRP","description":"KITS PRP","publisher":{"@id":"https:\/\/bio-teach.com\/kitsprp\/#organization"},"potentialAction":[{"@type":"SearchAction","target":{"@type":"EntryPoint","urlTemplate":"https:\/\/bio-teach.com\/kitsprp\/?s={search_term_string}"},"query-input":{"@type":"PropertyValueSpecification","valueRequired":true,"valueName":"search_term_string"}}],"inLanguage":"es"},{"@type":"Organization","@id":"https:\/\/bio-teach.com\/kitsprp\/#organization","name":"KITS PRP","url":"https:\/\/bio-teach.com\/kitsprp\/","logo":{"@type":"ImageObject","inLanguage":"es","@id":"https:\/\/bio-teach.com\/kitsprp\/#\/schema\/logo\/image\/","url":"https:\/\/ml2wibi8up3f.i.optimole.com\/uueflVA-JMGWjaRd\/w:auto\/h:auto\/q:auto\/https:\/\/bio-teach.com\/kitsprp\/wp-content\/uploads\/2021\/11\/cropped-logo-bioteach-min.png","contentUrl":"https:\/\/ml2wibi8up3f.i.optimole.com\/uueflVA-JMGWjaRd\/w:auto\/h:auto\/q:auto\/https:\/\/bio-teach.com\/kitsprp\/wp-content\/uploads\/2021\/11\/cropped-logo-bioteach-min.png","width":600,"height":250,"caption":"KITS PRP"},"image":{"@id":"https:\/\/bio-teach.com\/kitsprp\/#\/schema\/logo\/image\/"}},{"@type":"Person","@id":"https:\/\/bio-teach.com\/kitsprp\/#\/schema\/person\/d32b2dfe603cd6981808973bc26d1905","name":"jramirez","image":{"@type":"ImageObject","inLanguage":"es","@id":"https:\/\/ml2wibi8up3f.i.optimole.com\/uueflVA-vlqW7zdB\/w:auto\/h:auto\/q:auto\/https:\/\/bio-teach.com\/kitsprp\/wp-content\/uploads\/2023\/05\/cropped-Favicon-Bio-Teach.jpeg","url":"https:\/\/ml2wibi8up3f.i.optimole.com\/uueflVA-vlqW7zdB\/w:auto\/h:auto\/q:auto\/https:\/\/bio-teach.com\/kitsprp\/wp-content\/uploads\/2023\/05\/cropped-Favicon-Bio-Teach.jpeg","contentUrl":"https:\/\/ml2wibi8up3f.i.optimole.com\/uueflVA-vlqW7zdB\/w:auto\/h:auto\/q:auto\/https:\/\/bio-teach.com\/kitsprp\/wp-content\/uploads\/2023\/05\/cropped-Favicon-Bio-Teach.jpeg","caption":"jramirez"},"sameAs":["https:\/\/bio-teach.com\/kitsprp"],"url":"https:\/\/bio-teach.com\/kitsprp\/author\/jramirez\/"}]}},"_links":{"self":[{"href":"https:\/\/bio-teach.com\/kitsprp\/wp-json\/wp\/v2\/posts\/5813","targetHints":{"allow":["GET"]}}],"collection":[{"href":"https:\/\/bio-teach.com\/kitsprp\/wp-json\/wp\/v2\/posts"}],"about":[{"href":"https:\/\/bio-teach.com\/kitsprp\/wp-json\/wp\/v2\/types\/post"}],"author":[{"embeddable":true,"href":"https:\/\/bio-teach.com\/kitsprp\/wp-json\/wp\/v2\/users\/1"}],"replies":[{"embeddable":true,"href":"https:\/\/bio-teach.com\/kitsprp\/wp-json\/wp\/v2\/comments?post=5813"}],"version-history":[{"count":79,"href":"https:\/\/bio-teach.com\/kitsprp\/wp-json\/wp\/v2\/posts\/5813\/revisions"}],"predecessor-version":[{"id":5894,"href":"https:\/\/bio-teach.com\/kitsprp\/wp-json\/wp\/v2\/posts\/5813\/revisions\/5894"}],"wp:featuredmedia":[{"embeddable":true,"href":"https:\/\/bio-teach.com\/kitsprp\/wp-json\/wp\/v2\/media\/5891"}],"wp:attachment":[{"href":"https:\/\/bio-teach.com\/kitsprp\/wp-json\/wp\/v2\/media?parent=5813"}],"wp:term":[{"taxonomy":"category","embeddable":true,"href":"https:\/\/bio-teach.com\/kitsprp\/wp-json\/wp\/v2\/categories?post=5813"},{"taxonomy":"post_tag","embeddable":true,"href":"https:\/\/bio-teach.com\/kitsprp\/wp-json\/wp\/v2\/tags?post=5813"}],"curies":[{"name":"wp","href":"https:\/\/api.w.org\/{rel}","templated":true}]}}