{"id":6073,"date":"2025-09-30T19:45:06","date_gmt":"2025-09-30T19:45:06","guid":{"rendered":"https:\/\/bio-teach.com\/kitsprp\/?p=6073"},"modified":"2025-10-01T00:08:32","modified_gmt":"2025-10-01T00:08:32","slug":"prp-laser-fototerapia-estetica-avanzada","status":"publish","type":"post","link":"https:\/\/bio-teach.com\/kitsprp\/prp-laser-fototerapia-estetica-avanzada\/","title":{"rendered":"PRP combinado con l\u00e1ser y fototerapia | Est\u00e9tica avanzada y resultados cl\u00ednicos"},"content":{"rendered":"\t\t<div data-elementor-type=\"wp-post\" data-elementor-id=\"6073\" class=\"elementor elementor-6073\">\n\t\t\t\t\t\t\t\t\t<section class=\"elementor-section elementor-top-section elementor-element elementor-element-4f0308f8 elementor-section-boxed elementor-section-height-default elementor-section-height-default\" data-id=\"4f0308f8\" data-element_type=\"section\">\n\t\t\t\t\t\t<div class=\"elementor-container elementor-column-gap-default\">\n\t\t\t\t\t<div class=\"elementor-column elementor-col-100 elementor-top-column elementor-element elementor-element-1f8f3cc0\" data-id=\"1f8f3cc0\" data-element_type=\"column\">\n\t\t\t<div class=\"elementor-widget-wrap elementor-element-populated\">\n\t\t\t\t\t\t\t\t<div class=\"elementor-element elementor-element-1850d188 elementor-widget elementor-widget-heading\" data-id=\"1850d188\" data-element_type=\"widget\" data-widget_type=\"heading.default\">\n\t\t\t\t<div class=\"elementor-widget-container\">\n\t\t\t<h1 class=\"elementor-heading-title elementor-size-default\">PRP combinado con l\u00e1ser y fototerapia: nuevas fronteras en tratamientos est\u00e9ticos avanzados<\/h1>\t\t<\/div>\n\t\t\t\t<\/div>\n\t\t\t\t\t<\/div>\n\t\t<\/div>\n\t\t\t\t\t\t\t<\/div>\n\t\t<\/section>\n\t\t\t\t<section class=\"elementor-section elementor-top-section elementor-element elementor-element-72fa57e9 elementor-section-boxed elementor-section-height-default elementor-section-height-default\" data-id=\"72fa57e9\" data-element_type=\"section\">\n\t\t\t\t\t\t<div class=\"elementor-container elementor-column-gap-default\">\n\t\t\t\t\t<div class=\"elementor-column elementor-col-100 elementor-top-column elementor-element elementor-element-95c6a0f\" data-id=\"95c6a0f\" data-element_type=\"column\">\n\t\t\t<div class=\"elementor-widget-wrap elementor-element-populated\">\n\t\t\t\t\t\t\t\t<div class=\"elementor-element elementor-element-3e0ac8f elementor-widget elementor-widget-heading\" data-id=\"3e0ac8f\" data-element_type=\"widget\" data-widget_type=\"heading.default\">\n\t\t\t\t<div class=\"elementor-widget-container\">\n\t\t\t<h5 class=\"elementor-heading-title elementor-size-default\">Publicado el 30 de Septiembre de 2025<\/h5>\t\t<\/div>\n\t\t\t\t<\/div>\n\t\t\t\t\t<\/div>\n\t\t<\/div>\n\t\t\t\t\t\t\t<\/div>\n\t\t<\/section>\n\t\t\t\t<section class=\"elementor-section elementor-top-section elementor-element elementor-element-2bf7e37a elementor-section-boxed elementor-section-height-default elementor-section-height-default\" data-id=\"2bf7e37a\" data-element_type=\"section\">\n\t\t\t\t\t\t<div class=\"elementor-container elementor-column-gap-default\">\n\t\t\t\t\t<div class=\"elementor-column elementor-col-100 elementor-top-column elementor-element elementor-element-2c3074b5\" data-id=\"2c3074b5\" data-element_type=\"column\">\n\t\t\t<div class=\"elementor-widget-wrap elementor-element-populated\">\n\t\t\t\t\t\t\t\t<div class=\"elementor-element elementor-element-288d6619 elementor-widget elementor-widget-image\" data-id=\"288d6619\" data-element_type=\"widget\" data-widget_type=\"image.default\">\n\t\t\t\t<div class=\"elementor-widget-container\">\n\t\t\t\t\t\t\t\t\t\t\t\t\t\t\t<img decoding=\"async\" width=\"1280\" height=\"720\" src=\"https:\/\/ml2wibi8up3f.i.optimole.com\/uueflVA-VLKBpdL1\/w:auto\/h:auto\/q:auto\/https:\/\/bio-teach.com\/kitsprp\/wp-content\/uploads\/2025\/09\/PRP-combinado-con-laser-y-fototerapia.webp\" class=\"attachment-full size-full\" alt=\"PRP combinado con l\u00e1ser y fototerapia\" \/>\t\t\t\t\t\t\t\t\t\t\t\t\t\t\t<\/div>\n\t\t\t\t<\/div>\n\t\t\t\t\t<\/div>\n\t\t<\/div>\n\t\t\t\t\t\t\t<\/div>\n\t\t<\/section>\n\t\t\t\t<section class=\"elementor-section elementor-top-section elementor-element elementor-element-5f92d5d1 elementor-section-boxed elementor-section-height-default elementor-section-height-default\" data-id=\"5f92d5d1\" data-element_type=\"section\">\n\t\t\t\t\t\t<div class=\"elementor-container elementor-column-gap-default\">\n\t\t\t\t\t<div class=\"elementor-column elementor-col-100 elementor-top-column elementor-element elementor-element-3f851f96\" data-id=\"3f851f96\" data-element_type=\"column\">\n\t\t\t<div class=\"elementor-widget-wrap elementor-element-populated\">\n\t\t\t\t\t\t\t\t<div class=\"elementor-element elementor-element-323d8593 elementor-widget elementor-widget-text-editor\" data-id=\"323d8593\" data-element_type=\"widget\" data-widget_type=\"text-editor.default\">\n\t\t\t\t<div class=\"elementor-widget-container\">\n\t\t\t\t\t\t\t<p>En el campo de la medicina est\u00e9tica, la tendencia a combinar tratamientos ha demostrado ser una estrategia efectiva para potenciar resultados. Entre estas combinaciones, destaca la integraci\u00f3n del plasma rico en plaquetas (PRP) con tecnolog\u00edas lum\u00ednicas como el l\u00e1ser, la luz LED o la luz pulsada intensa (IPL). Estas sinergias no solo mejoran la eficacia de los tratamientos, sino que tambi\u00e9n optimizan la experiencia del paciente, reducen tiempos de recuperaci\u00f3n y maximizan la estimulaci\u00f3n regenerativa de la piel.<\/p>\t\t\t\t\t\t<\/div>\n\t\t\t\t<\/div>\n\t\t\t\t<div class=\"elementor-element elementor-element-35d91bbd elementor-widget-divider--view-line elementor-widget elementor-widget-divider\" data-id=\"35d91bbd\" data-element_type=\"widget\" data-widget_type=\"divider.default\">\n\t\t\t\t<div class=\"elementor-widget-container\">\n\t\t\t\t\t<div class=\"elementor-divider\">\n\t\t\t<span class=\"elementor-divider-separator\">\n\t\t\t\t\t\t<\/span>\n\t\t<\/div>\n\t\t\t\t<\/div>\n\t\t\t\t<\/div>\n\t\t\t\t<div class=\"elementor-element elementor-element-e20f1f6 elementor-widget elementor-widget-heading\" data-id=\"e20f1f6\" data-element_type=\"widget\" data-widget_type=\"heading.default\">\n\t\t\t\t<div class=\"elementor-widget-container\">\n\t\t\t<h2 class=\"elementor-heading-title elementor-size-default\">\u00bfQu\u00e9 beneficios aporta combinar PRP con tecnolog\u00edas lum\u00ednicas?<\/h2>\t\t<\/div>\n\t\t\t\t<\/div>\n\t\t\t\t<div class=\"elementor-element elementor-element-461d370a elementor-widget elementor-widget-text-editor\" data-id=\"461d370a\" data-element_type=\"widget\" data-widget_type=\"text-editor.default\">\n\t\t\t\t<div class=\"elementor-widget-container\">\n\t\t\t\t\t\t\t<ul><li>Potenciaci\u00f3n de resultados cl\u00ednicos La combinaci\u00f3n del PRP con dispositivos lum\u00ednicos permite alcanzar capas m\u00e1s profundas de la piel, lo que mejora la biodisponibilidad de los factores de crecimiento.<\/li><li>Reducci\u00f3n del tiempo de recuperaci\u00f3n La bioestimulaci\u00f3n conjunta acelera la cicatrizaci\u00f3n y disminuye los efectos adversos post-tratamiento.<\/li><li>Mayor duraci\u00f3n de los efectos Los resultados obtenidos con tratamientos combinados suelen mantenerse por m\u00e1s tiempo que los logrados con PRP solo.<\/li><\/ul>\t\t\t\t\t\t<\/div>\n\t\t\t\t<\/div>\n\t\t\t\t<div class=\"elementor-element elementor-element-5cfd406 elementor-widget elementor-widget-heading\" data-id=\"5cfd406\" data-element_type=\"widget\" data-widget_type=\"heading.default\">\n\t\t\t\t<div class=\"elementor-widget-container\">\n\t\t\t<h2 class=\"elementor-heading-title elementor-size-default\">Tipos de tecnolog\u00edas utilizadas con PRP H3 - PRP + L\u00e1ser fraccionado (Er:YAG, CO2)<\/h2>\t\t<\/div>\n\t\t\t\t<\/div>\n\t\t\t\t<div class=\"elementor-element elementor-element-9b7de0b elementor-widget elementor-widget-text-editor\" data-id=\"9b7de0b\" data-element_type=\"widget\" data-widget_type=\"text-editor.default\">\n\t\t\t\t<div class=\"elementor-widget-container\">\n\t\t\t\t\t\t\t<p>Ideal para cicatrices de acn\u00e9, arrugas profundas o rejuvenecimiento global. El PRP se aplica inmediatamente despu\u00e9s del tratamiento con l\u00e1ser para aprovechar los microcanales creados y acelerar la regeneraci\u00f3n.<\/p>\t\t\t\t\t\t<\/div>\n\t\t\t\t<\/div>\n\t\t\t\t<div class=\"elementor-element elementor-element-c3ad4fa elementor-widget elementor-widget-heading\" data-id=\"c3ad4fa\" data-element_type=\"widget\" data-widget_type=\"heading.default\">\n\t\t\t\t<div class=\"elementor-widget-container\">\n\t\t\t<h3 class=\"elementor-heading-title elementor-size-default\">PRP + LED (terapia fotobiol\u00f3gica)<\/h3>\t\t<\/div>\n\t\t\t\t<\/div>\n\t\t\t\t<div class=\"elementor-element elementor-element-50837f3 elementor-widget elementor-widget-text-editor\" data-id=\"50837f3\" data-element_type=\"widget\" data-widget_type=\"text-editor.default\">\n\t\t\t\t<div class=\"elementor-widget-container\">\n\t\t\t\t\t\t\t<p>La combinaci\u00f3n con LED azul, rojo o \u00e1mbar potencia la reparaci\u00f3n celular. Se utiliza en casos de inflamaci\u00f3n, ros\u00e1cea o piel sensible.<\/p>\t\t\t\t\t\t<\/div>\n\t\t\t\t<\/div>\n\t\t\t\t<div class=\"elementor-element elementor-element-0d55018 elementor-widget elementor-widget-heading\" data-id=\"0d55018\" data-element_type=\"widget\" data-widget_type=\"heading.default\">\n\t\t\t\t<div class=\"elementor-widget-container\">\n\t\t\t<h3 class=\"elementor-heading-title elementor-size-default\">PRP + IPL (luz pulsada intensa)<\/h3>\t\t<\/div>\n\t\t\t\t<\/div>\n\t\t\t\t<div class=\"elementor-element elementor-element-46dce8e elementor-widget elementor-widget-text-editor\" data-id=\"46dce8e\" data-element_type=\"widget\" data-widget_type=\"text-editor.default\">\n\t\t\t\t<div class=\"elementor-widget-container\">\n\t\t\t\t\t\t\t<p>Eficaz para tratar manchas, telangiectasias y fotoenvejecimiento. El PRP ayuda a mitigar los efectos secundarios del IPL, como la sequedad o el enrojecimiento prolongado.<\/p>\t\t\t\t\t\t<\/div>\n\t\t\t\t<\/div>\n\t\t\t\t<div class=\"elementor-element elementor-element-92b02ff elementor-widget elementor-widget-heading\" data-id=\"92b02ff\" data-element_type=\"widget\" data-widget_type=\"heading.default\">\n\t\t\t\t<div class=\"elementor-widget-container\">\n\t\t\t<h2 class=\"elementor-heading-title elementor-size-default\">Cuadro comparativo: PRP solo vs PRP combinado con tecnolog\u00eda lum\u00ednica<\/h2>\t\t<\/div>\n\t\t\t\t<\/div>\n\t\t\t\t<div class=\"elementor-element elementor-element-491a193 elementor-widget elementor-widget-text-editor\" data-id=\"491a193\" data-element_type=\"widget\" data-widget_type=\"text-editor.default\">\n\t\t\t\t<div class=\"elementor-widget-container\">\n\t\t\t\t\t\t\t\n\n<table style=\"width: 100%; border-collapse: collapse;\">\n  <thead>\n    <tr>\n      <th style=\"border: 1px solid #ccc; padding: 8px; background-color: #f4f4f4;\">Caracter\u00edstica<\/th>\n      <th style=\"border: 1px solid #ccc; padding: 8px; background-color: #e9f5f9;\">PRP solo<\/th>\n      <th style=\"border: 1px solid #ccc; padding: 8px; background-color: #dff6e5;\">PRP + Tecnolog\u00eda lum\u00ednica<\/th>\n    <\/tr>\n  <\/thead>\n  <tbody>\n    <tr>\n      <td style=\"border: 1px solid #ccc; padding: 8px;\">Sesiones recomendadas<\/td>\n      <td style=\"border: 1px solid #ccc; padding: 8px;\">3 a 5<\/td>\n      <td style=\"border: 1px solid #ccc; padding: 8px;\">2 a 3<\/td>\n    <\/tr>\n    <tr>\n      <td style=\"border: 1px solid #ccc; padding: 8px;\">Resultados visibles desde<\/td>\n      <td style=\"border: 1px solid #ccc; padding: 8px;\">3\u00aa semana<\/td>\n      <td style=\"border: 1px solid #ccc; padding: 8px;\">1\u00aa a 2\u00aa semana<\/td>\n    <\/tr>\n    <tr>\n      <td style=\"border: 1px solid #ccc; padding: 8px;\">Duraci\u00f3n del efecto<\/td>\n      <td style=\"border: 1px solid #ccc; padding: 8px;\">4 a 6 meses<\/td>\n      <td style=\"border: 1px solid #ccc; padding: 8px;\">6 a 12 meses<\/td>\n    <\/tr>\n    <tr>\n      <td style=\"border: 1px solid #ccc; padding: 8px;\">Mejoras<\/td>\n      <td style=\"border: 1px solid #ccc; padding: 8px;\">Textura y elasticidad<\/td>\n      <td style=\"border: 1px solid #ccc; padding: 8px;\">Textura, manchas, arrugas, tono<\/td>\n    <\/tr>\n    <tr>\n      <td style=\"border: 1px solid #ccc; padding: 8px;\">Tiempo de recuperaci\u00f3n<\/td>\n      <td style=\"border: 1px solid #ccc; padding: 8px;\">Bajo<\/td>\n      <td style=\"border: 1px solid #ccc; padding: 8px;\">Bajo a moderado (seg\u00fan tecnolog\u00eda)<\/td>\n    <\/tr>\n  <\/tbody>\n<\/table>\n\t\t\t\t\t\t<\/div>\n\t\t\t\t<\/div>\n\t\t\t\t<div class=\"elementor-element elementor-element-dc2e7ff elementor-widget elementor-widget-heading\" data-id=\"dc2e7ff\" data-element_type=\"widget\" data-widget_type=\"heading.default\">\n\t\t\t\t<div class=\"elementor-widget-container\">\n\t\t\t<h2 class=\"elementor-heading-title elementor-size-default\">Dudas comunes sobre la combinaci\u00f3n de PRP y tecnolog\u00edas lum\u00ednicas<\/h2>\t\t<\/div>\n\t\t\t\t<\/div>\n\t\t\t\t<div class=\"elementor-element elementor-element-4e7a52b elementor-widget elementor-widget-heading\" data-id=\"4e7a52b\" data-element_type=\"widget\" data-widget_type=\"heading.default\">\n\t\t\t\t<div class=\"elementor-widget-container\">\n\t\t\t<h3 class=\"elementor-heading-title elementor-size-default\">Se puede aplicar PRP y l\u00e1ser en la misma sesi\u00f3n?<\/h3>\t\t<\/div>\n\t\t\t\t<\/div>\n\t\t\t\t<div class=\"elementor-element elementor-element-6710eb5 elementor-widget elementor-widget-text-editor\" data-id=\"6710eb5\" data-element_type=\"widget\" data-widget_type=\"text-editor.default\">\n\t\t\t\t<div class=\"elementor-widget-container\">\n\t\t\t\t\t\t\t<p>S\u00ed, muchos protocolos aplican el PRP inmediatamente despu\u00e9s del l\u00e1ser o IPL para aprovechar la apertura de canales cut\u00e1neos. Esto mejora la absorci\u00f3n y la recuperaci\u00f3n.<\/p>\t\t\t\t\t\t<\/div>\n\t\t\t\t<\/div>\n\t\t\t\t<div class=\"elementor-element elementor-element-3b5510a elementor-widget elementor-widget-heading\" data-id=\"3b5510a\" data-element_type=\"widget\" data-widget_type=\"heading.default\">\n\t\t\t\t<div class=\"elementor-widget-container\">\n\t\t\t<h3 class=\"elementor-heading-title elementor-size-default\">Qu\u00e9 pacientes son candidatos ideales para esta combinaci\u00f3n?<\/h3>\t\t<\/div>\n\t\t\t\t<\/div>\n\t\t\t\t<div class=\"elementor-element elementor-element-d46531f elementor-widget elementor-widget-text-editor\" data-id=\"d46531f\" data-element_type=\"widget\" data-widget_type=\"text-editor.default\">\n\t\t\t\t<div class=\"elementor-widget-container\">\n\t\t\t\t\t\t\t<p>Pacientes con fotoenvejecimiento moderado, manchas, flacidez o cicatrices leves a moderadas. Tambi\u00e9n personas con piel sensible que buscan tratamientos regenerativos no invasivos.<\/p>\t\t\t\t\t\t<\/div>\n\t\t\t\t<\/div>\n\t\t\t\t<div class=\"elementor-element elementor-element-dd652f6 elementor-widget elementor-widget-heading\" data-id=\"dd652f6\" data-element_type=\"widget\" data-widget_type=\"heading.default\">\n\t\t\t\t<div class=\"elementor-widget-container\">\n\t\t\t<h3 class=\"elementor-heading-title elementor-size-default\">\u00bfCu\u00e1les son los efectos secundarios m\u00e1s comunes?<\/h3>\t\t<\/div>\n\t\t\t\t<\/div>\n\t\t\t\t<div class=\"elementor-element elementor-element-b33c871 elementor-widget elementor-widget-text-editor\" data-id=\"b33c871\" data-element_type=\"widget\" data-widget_type=\"text-editor.default\">\n\t\t\t\t<div class=\"elementor-widget-container\">\n\t\t\t\t\t\t\t<p>Leves enrojecimientos, edema transitorio o calor localizado. Al ser procedimientos m\u00ednimamente invasivos, el riesgo de complicaciones es bajo.<\/p>\t\t\t\t\t\t<\/div>\n\t\t\t\t<\/div>\n\t\t\t\t<div class=\"elementor-element elementor-element-d589c28 elementor-widget elementor-widget-heading\" data-id=\"d589c28\" data-element_type=\"widget\" data-widget_type=\"heading.default\">\n\t\t\t\t<div class=\"elementor-widget-container\">\n\t\t\t<h3 class=\"elementor-heading-title elementor-size-default\">\u00bfD\u00f3nde adquirir kits PRP compatibles con l\u00e1ser o fototerapia?<\/h3>\t\t<\/div>\n\t\t\t\t<\/div>\n\t\t\t\t<div class=\"elementor-element elementor-element-546432a elementor-widget elementor-widget-text-editor\" data-id=\"546432a\" data-element_type=\"widget\" data-widget_type=\"text-editor.default\">\n\t\t\t\t<div class=\"elementor-widget-container\">\n\t\t\t\t\t\t\t<p>En Bio\u2011Teach contamos con <a href=\"https:\/\/bio-teach.com\/kitsprp\/\">kits PRP<\/a> de \u00faltima generaci\u00f3n, ideales para su uso combinado con tecnolog\u00edas est\u00e9ticas. Consult\u00e1 las opciones disponibles y elev\u00e1 la calidad de tus tratamientos:<\/p>\t\t\t\t\t\t<\/div>\n\t\t\t\t<\/div>\n\t\t\t\t<div class=\"elementor-element elementor-element-4551ff23 elementor-widget elementor-widget-text-editor\" data-id=\"4551ff23\" data-element_type=\"widget\" data-widget_type=\"text-editor.default\">\n\t\t\t\t<div class=\"elementor-widget-container\">\n\t\t\t\t\t\t\t\t\t\t\t\t\t<\/div>\n\t\t\t\t<\/div>\n\t\t\t\t<div class=\"elementor-element elementor-element-53ae1e47 elementor-widget-divider--view-line elementor-widget elementor-widget-divider\" data-id=\"53ae1e47\" data-element_type=\"widget\" data-widget_type=\"divider.default\">\n\t\t\t\t<div class=\"elementor-widget-container\">\n\t\t\t\t\t<div class=\"elementor-divider\">\n\t\t\t<span class=\"elementor-divider-separator\">\n\t\t\t\t\t\t<\/span>\n\t\t<\/div>\n\t\t\t\t<\/div>\n\t\t\t\t<\/div>\n\t\t\t\t\t<\/div>\n\t\t<\/div>\n\t\t\t\t\t\t\t<\/div>\n\t\t<\/section>\n\t\t\t\t<section class=\"elementor-section elementor-top-section elementor-element elementor-element-4a914844 elementor-section-boxed elementor-section-height-default elementor-section-height-default\" data-id=\"4a914844\" data-element_type=\"section\">\n\t\t\t\t\t\t<div class=\"elementor-container elementor-column-gap-default\">\n\t\t\t\t\t<div class=\"elementor-column elementor-col-100 elementor-top-column elementor-element elementor-element-43a6cf1e\" data-id=\"43a6cf1e\" data-element_type=\"column\">\n\t\t\t<div class=\"elementor-widget-wrap elementor-element-populated\">\n\t\t\t\t\t\t\t\t<section class=\"elementor-section elementor-inner-section elementor-element elementor-element-4050fdf0 elementor-section-boxed elementor-section-height-default elementor-section-height-default\" data-id=\"4050fdf0\" data-element_type=\"section\">\n\t\t\t\t\t\t<div class=\"elementor-container elementor-column-gap-default\">\n\t\t\t\t\t<div class=\"elementor-column elementor-col-50 elementor-inner-column elementor-element elementor-element-c4aad47\" data-id=\"c4aad47\" data-element_type=\"column\">\n\t\t\t<div class=\"elementor-widget-wrap elementor-element-populated\">\n\t\t\t\t\t\t\t\t<div class=\"elementor-element elementor-element-61f19fd9 elementor-widget elementor-widget-text-editor\" data-id=\"61f19fd9\" data-element_type=\"widget\" data-widget_type=\"text-editor.default\">\n\t\t\t\t<div class=\"elementor-widget-container\">\n\t\t\t\t\t\t\t<p>Joe Ramirez<\/p><p>Director Comercial de Bio-Teach Medical<\/p>\t\t\t\t\t\t<\/div>\n\t\t\t\t<\/div>\n\t\t\t\t<div class=\"elementor-element elementor-element-a4b70d e-grid-align-left elementor-shape-rounded elementor-grid-0 elementor-widget elementor-widget-social-icons\" data-id=\"a4b70d\" data-element_type=\"widget\" data-widget_type=\"social-icons.default\">\n\t\t\t\t<div class=\"elementor-widget-container\">\n\t\t\t\t\t<div class=\"elementor-social-icons-wrapper elementor-grid\">\n\t\t\t\t\t\t\t<span class=\"elementor-grid-item\">\n\t\t\t\t\t<a class=\"elementor-icon elementor-social-icon elementor-social-icon-linkedin elementor-repeater-item-ea2d6ac\" href=\"https:\/\/www.linkedin.com\/in\/joeramz\/\" target=\"_blank\">\n\t\t\t\t\t\t<span class=\"elementor-screen-only\">Linkedin<\/span>\n\t\t\t\t\t\t<i class=\"fab fa-linkedin\"><\/i>\t\t\t\t\t<\/a>\n\t\t\t\t<\/span>\n\t\t\t\t\t<\/div>\n\t\t\t\t<\/div>\n\t\t\t\t<\/div>\n\t\t\t\t\t<\/div>\n\t\t<\/div>\n\t\t\t\t<div class=\"elementor-column elementor-col-50 elementor-inner-column elementor-element elementor-element-2159cdee\" data-id=\"2159cdee\" data-element_type=\"column\">\n\t\t\t<div class=\"elementor-widget-wrap\">\n\t\t\t\t\t\t\t\t\t<\/div>\n\t\t<\/div>\n\t\t\t\t\t\t\t<\/div>\n\t\t<\/section>\n\t\t\t\t\t<\/div>\n\t\t<\/div>\n\t\t\t\t\t\t\t<\/div>\n\t\t<\/section>\n\t\t\t\t\t\t\t<\/div>\n\t\t","protected":false},"excerpt":{"rendered":"<p>En el campo de la medicina est\u00e9tica, la tendencia a combinar tratamientos ha demostrado ser una estrategia efectiva para potenciar resultados. Entre estas combinaciones, destaca la integraci\u00f3n del plasma rico en plaquetas (PRP) con tecnolog\u00edas lum\u00ednicas como el l\u00e1ser, la luz LED o la luz pulsada intensa (IPL).<\/p>\n","protected":false},"author":1,"featured_media":6079,"comment_status":"closed","ping_status":"open","sticky":false,"template":"","format":"standard","meta":{"neve_meta_sidebar":"full-width","neve_meta_container":"","neve_meta_enable_content_width":"","neve_meta_content_width":70,"neve_meta_title_alignment":"center","neve_meta_author_avatar":"","neve_post_elements_order":"[\"content\",\"tags\",\"sharing-icons\",\"post-navigation\"]","neve_meta_disable_header":"off","neve_meta_disable_footer":"","neve_meta_disable_title":"","neve_meta_reading_time":"","_ti_tpc_template_sync":false,"_ti_tpc_template_id":"","footnotes":""},"categories":[17],"tags":[13,42,15,16],"class_list":["post-6073","post","type-post","status-publish","format-standard","has-post-thumbnail","hentry","category-noticias","tag-medicina-regenerativa","tag-medicos","tag-plasma-rico-en-plaquetas","tag-prp"],"yoast_head":"<!-- This site is optimized with the Yoast SEO plugin v27.4 - https:\/\/yoast.com\/product\/yoast-seo-wordpress\/ -->\n<title>PRP combinado con l\u00e1ser y fototerapia<\/title>\n<meta name=\"description\" content=\"Combin\u00e1 PRP con l\u00e1ser o fototerapia para potenciar tus tratamientos est\u00e9ticos. Descubr\u00ed beneficios, protocolos y resultados.\" \/>\n<meta name=\"robots\" content=\"index, follow, max-snippet:-1, max-image-preview:large, max-video-preview:-1\" \/>\n<link rel=\"canonical\" href=\"https:\/\/bio-teach.com\/kitsprp\/prp-laser-fototerapia-estetica-avanzada\/\" \/>\n<meta property=\"og:locale\" content=\"es_ES\" \/>\n<meta property=\"og:type\" content=\"article\" \/>\n<meta property=\"og:title\" content=\"PRP combinado con l\u00e1ser y fototerapia\" \/>\n<meta property=\"og:description\" content=\"Combin\u00e1 PRP con l\u00e1ser o fototerapia para potenciar tus tratamientos est\u00e9ticos. Descubr\u00ed beneficios, protocolos y resultados.\" \/>\n<meta property=\"og:url\" content=\"https:\/\/bio-teach.com\/kitsprp\/prp-laser-fototerapia-estetica-avanzada\/\" \/>\n<meta property=\"og:site_name\" content=\"KITS PRP\" \/>\n<meta property=\"article:published_time\" content=\"2025-09-30T19:45:06+00:00\" \/>\n<meta property=\"article:modified_time\" content=\"2025-10-01T00:08:32+00:00\" \/>\n<meta property=\"og:image\" content=\"https:\/\/ml2wibi8up3f.i.optimole.com\/uueflVA-VLKBpdL1\/w:auto\/h:auto\/q:auto\/https:\/\/bio-teach.com\/kitsprp\/wp-content\/uploads\/2025\/09\/PRP-combinado-con-laser-y-fototerapia.webp\" \/>\n\t<meta property=\"og:image:width\" content=\"1280\" \/>\n\t<meta property=\"og:image:height\" content=\"720\" \/>\n\t<meta property=\"og:image:type\" content=\"image\/webp\" \/>\n<meta name=\"author\" content=\"jramirez\" \/>\n<meta name=\"twitter:card\" content=\"summary_large_image\" \/>\n<meta name=\"twitter:label1\" content=\"Escrito por\" \/>\n\t<meta name=\"twitter:data1\" content=\"jramirez\" \/>\n\t<meta name=\"twitter:label2\" content=\"Tiempo de lectura\" \/>\n\t<meta name=\"twitter:data2\" content=\"3 minutos\" \/>\n<script type=\"application\/ld+json\" class=\"yoast-schema-graph\">{\"@context\":\"https:\\\/\\\/schema.org\",\"@graph\":[{\"@type\":\"Article\",\"@id\":\"https:\\\/\\\/bio-teach.com\\\/kitsprp\\\/prp-laser-fototerapia-estetica-avanzada\\\/#article\",\"isPartOf\":{\"@id\":\"https:\\\/\\\/bio-teach.com\\\/kitsprp\\\/prp-laser-fototerapia-estetica-avanzada\\\/\"},\"author\":{\"name\":\"jramirez\",\"@id\":\"https:\\\/\\\/bio-teach.com\\\/kitsprp\\\/#\\\/schema\\\/person\\\/d32b2dfe603cd6981808973bc26d1905\"},\"headline\":\"PRP combinado con l\u00e1ser y fototerapia | Est\u00e9tica avanzada y resultados cl\u00ednicos\",\"datePublished\":\"2025-09-30T19:45:06+00:00\",\"dateModified\":\"2025-10-01T00:08:32+00:00\",\"mainEntityOfPage\":{\"@id\":\"https:\\\/\\\/bio-teach.com\\\/kitsprp\\\/prp-laser-fototerapia-estetica-avanzada\\\/\"},\"wordCount\":542,\"publisher\":{\"@id\":\"https:\\\/\\\/bio-teach.com\\\/kitsprp\\\/#organization\"},\"image\":{\"@id\":\"https:\\\/\\\/bio-teach.com\\\/kitsprp\\\/prp-laser-fototerapia-estetica-avanzada\\\/#primaryimage\"},\"thumbnailUrl\":\"https:\\/\\/bio-teach.com\\/kitsprp\\/wp-content\\/uploads\\/2025\\/09\\/PRP-combinado-con-laser-y-fototerapia.webp\",\"keywords\":[\"Medicina regenerativa\",\"M\u00e9dicos\",\"Plasma rico en plaquetas\",\"PRP\"],\"articleSection\":[\"Noticias\"],\"inLanguage\":\"es\"},{\"@type\":\"WebPage\",\"@id\":\"https:\\\/\\\/bio-teach.com\\\/kitsprp\\\/prp-laser-fototerapia-estetica-avanzada\\\/\",\"url\":\"https:\\\/\\\/bio-teach.com\\\/kitsprp\\\/prp-laser-fototerapia-estetica-avanzada\\\/\",\"name\":\"PRP combinado con l\u00e1ser y fototerapia\",\"isPartOf\":{\"@id\":\"https:\\\/\\\/bio-teach.com\\\/kitsprp\\\/#website\"},\"primaryImageOfPage\":{\"@id\":\"https:\\\/\\\/bio-teach.com\\\/kitsprp\\\/prp-laser-fototerapia-estetica-avanzada\\\/#primaryimage\"},\"image\":{\"@id\":\"https:\\\/\\\/bio-teach.com\\\/kitsprp\\\/prp-laser-fototerapia-estetica-avanzada\\\/#primaryimage\"},\"thumbnailUrl\":\"https:\\/\\/bio-teach.com\\/kitsprp\\/wp-content\\/uploads\\/2025\\/09\\/PRP-combinado-con-laser-y-fototerapia.webp\",\"datePublished\":\"2025-09-30T19:45:06+00:00\",\"dateModified\":\"2025-10-01T00:08:32+00:00\",\"description\":\"Combin\u00e1 PRP con l\u00e1ser o fototerapia para potenciar tus tratamientos est\u00e9ticos. Descubr\u00ed beneficios, protocolos y resultados.\",\"breadcrumb\":{\"@id\":\"https:\\\/\\\/bio-teach.com\\\/kitsprp\\\/prp-laser-fototerapia-estetica-avanzada\\\/#breadcrumb\"},\"inLanguage\":\"es\",\"potentialAction\":[{\"@type\":\"ReadAction\",\"target\":[\"https:\\\/\\\/bio-teach.com\\\/kitsprp\\\/prp-laser-fototerapia-estetica-avanzada\\\/\"]}]},{\"@type\":\"ImageObject\",\"inLanguage\":\"es\",\"@id\":\"https:\\\/\\\/bio-teach.com\\\/kitsprp\\\/prp-laser-fototerapia-estetica-avanzada\\\/#primaryimage\",\"url\":\"https:\\/\\/bio-teach.com\\/kitsprp\\/wp-content\\/uploads\\/2025\\/09\\/PRP-combinado-con-laser-y-fototerapia.webp\",\"contentUrl\":\"https:\\/\\/bio-teach.com\\/kitsprp\\/wp-content\\/uploads\\/2025\\/09\\/PRP-combinado-con-laser-y-fototerapia.webp\",\"width\":1280,\"height\":720,\"caption\":\"PRP combinado con l\u00e1ser y fototerapia\"},{\"@type\":\"BreadcrumbList\",\"@id\":\"https:\\\/\\\/bio-teach.com\\\/kitsprp\\\/prp-laser-fototerapia-estetica-avanzada\\\/#breadcrumb\",\"itemListElement\":[{\"@type\":\"ListItem\",\"position\":1,\"name\":\"Portada\",\"item\":\"https:\\\/\\\/bio-teach.com\\\/kitsprp\\\/\"},{\"@type\":\"ListItem\",\"position\":2,\"name\":\"PRP combinado con l\u00e1ser y fototerapia | Est\u00e9tica avanzada y resultados cl\u00ednicos\"}]},{\"@type\":\"WebSite\",\"@id\":\"https:\\\/\\\/bio-teach.com\\\/kitsprp\\\/#website\",\"url\":\"https:\\\/\\\/bio-teach.com\\\/kitsprp\\\/\",\"name\":\"KITS PRP\",\"description\":\"KITS PRP\",\"publisher\":{\"@id\":\"https:\\\/\\\/bio-teach.com\\\/kitsprp\\\/#organization\"},\"potentialAction\":[{\"@type\":\"SearchAction\",\"target\":{\"@type\":\"EntryPoint\",\"urlTemplate\":\"https:\\\/\\\/bio-teach.com\\\/kitsprp\\\/?s={search_term_string}\"},\"query-input\":{\"@type\":\"PropertyValueSpecification\",\"valueRequired\":true,\"valueName\":\"search_term_string\"}}],\"inLanguage\":\"es\"},{\"@type\":\"Organization\",\"@id\":\"https:\\\/\\\/bio-teach.com\\\/kitsprp\\\/#organization\",\"name\":\"KITS PRP\",\"url\":\"https:\\\/\\\/bio-teach.com\\\/kitsprp\\\/\",\"logo\":{\"@type\":\"ImageObject\",\"inLanguage\":\"es\",\"@id\":\"https:\\\/\\\/bio-teach.com\\\/kitsprp\\\/#\\\/schema\\\/logo\\\/image\\\/\",\"url\":\"https:\\/\\/bio-teach.com\\/kitsprp\\/wp-content\\/uploads\\/2021\\/11\\/cropped-logo-bioteach-min.png\",\"contentUrl\":\"https:\\/\\/bio-teach.com\\/kitsprp\\/wp-content\\/uploads\\/2021\\/11\\/cropped-logo-bioteach-min.png\",\"width\":600,\"height\":250,\"caption\":\"KITS PRP\"},\"image\":{\"@id\":\"https:\\\/\\\/bio-teach.com\\\/kitsprp\\\/#\\\/schema\\\/logo\\\/image\\\/\"}},{\"@type\":\"Person\",\"@id\":\"https:\\\/\\\/bio-teach.com\\\/kitsprp\\\/#\\\/schema\\\/person\\\/d32b2dfe603cd6981808973bc26d1905\",\"name\":\"jramirez\",\"image\":{\"@type\":\"ImageObject\",\"inLanguage\":\"es\",\"@id\":\"https:\\/\\/bio-teach.com\\/kitsprp\\/wp-content\\/uploads\\/2023\\/05\\/cropped-Favicon-Bio-Teach.jpeg\",\"url\":\"https:\\/\\/bio-teach.com\\/kitsprp\\/wp-content\\/uploads\\/2023\\/05\\/cropped-Favicon-Bio-Teach.jpeg\",\"contentUrl\":\"https:\\/\\/bio-teach.com\\/kitsprp\\/wp-content\\/uploads\\/2023\\/05\\/cropped-Favicon-Bio-Teach.jpeg\",\"caption\":\"jramirez\"},\"sameAs\":[\"https:\\\/\\\/bio-teach.com\\\/kitsprp\"],\"url\":\"https:\\\/\\\/bio-teach.com\\\/kitsprp\\\/author\\\/jramirez\\\/\"}]}<\/script>\n<!-- \/ Yoast SEO plugin. -->","yoast_head_json":{"title":"PRP combinado con l\u00e1ser y fototerapia","description":"Combin\u00e1 PRP con l\u00e1ser o fototerapia para potenciar tus tratamientos est\u00e9ticos. Descubr\u00ed beneficios, protocolos y resultados.","robots":{"index":"index","follow":"follow","max-snippet":"max-snippet:-1","max-image-preview":"max-image-preview:large","max-video-preview":"max-video-preview:-1"},"canonical":"https:\/\/bio-teach.com\/kitsprp\/prp-laser-fototerapia-estetica-avanzada\/","og_locale":"es_ES","og_type":"article","og_title":"PRP combinado con l\u00e1ser y fototerapia","og_description":"Combin\u00e1 PRP con l\u00e1ser o fototerapia para potenciar tus tratamientos est\u00e9ticos. Descubr\u00ed beneficios, protocolos y resultados.","og_url":"https:\/\/bio-teach.com\/kitsprp\/prp-laser-fototerapia-estetica-avanzada\/","og_site_name":"KITS PRP","article_published_time":"2025-09-30T19:45:06+00:00","article_modified_time":"2025-10-01T00:08:32+00:00","og_image":[{"width":1280,"height":720,"url":"https:\/\/ml2wibi8up3f.i.optimole.com\/uueflVA-VLKBpdL1\/w:auto\/h:auto\/q:auto\/https:\/\/bio-teach.com\/kitsprp\/wp-content\/uploads\/2025\/09\/PRP-combinado-con-laser-y-fototerapia.webp","type":"image\/webp"}],"author":"jramirez","twitter_card":"summary_large_image","twitter_misc":{"Escrito por":"jramirez","Tiempo de lectura":"3 minutos"},"schema":{"@context":"https:\/\/schema.org","@graph":[{"@type":"Article","@id":"https:\/\/bio-teach.com\/kitsprp\/prp-laser-fototerapia-estetica-avanzada\/#article","isPartOf":{"@id":"https:\/\/bio-teach.com\/kitsprp\/prp-laser-fototerapia-estetica-avanzada\/"},"author":{"name":"jramirez","@id":"https:\/\/bio-teach.com\/kitsprp\/#\/schema\/person\/d32b2dfe603cd6981808973bc26d1905"},"headline":"PRP combinado con l\u00e1ser y fototerapia | Est\u00e9tica avanzada y resultados cl\u00ednicos","datePublished":"2025-09-30T19:45:06+00:00","dateModified":"2025-10-01T00:08:32+00:00","mainEntityOfPage":{"@id":"https:\/\/bio-teach.com\/kitsprp\/prp-laser-fototerapia-estetica-avanzada\/"},"wordCount":542,"publisher":{"@id":"https:\/\/bio-teach.com\/kitsprp\/#organization"},"image":{"@id":"https:\/\/bio-teach.com\/kitsprp\/prp-laser-fototerapia-estetica-avanzada\/#primaryimage"},"thumbnailUrl":"https:\/\/ml2wibi8up3f.i.optimole.com\/uueflVA-VLKBpdL1\/w:auto\/h:auto\/q:auto\/https:\/\/bio-teach.com\/kitsprp\/wp-content\/uploads\/2025\/09\/PRP-combinado-con-laser-y-fototerapia.webp","keywords":["Medicina regenerativa","M\u00e9dicos","Plasma rico en plaquetas","PRP"],"articleSection":["Noticias"],"inLanguage":"es"},{"@type":"WebPage","@id":"https:\/\/bio-teach.com\/kitsprp\/prp-laser-fototerapia-estetica-avanzada\/","url":"https:\/\/bio-teach.com\/kitsprp\/prp-laser-fototerapia-estetica-avanzada\/","name":"PRP combinado con l\u00e1ser y fototerapia","isPartOf":{"@id":"https:\/\/bio-teach.com\/kitsprp\/#website"},"primaryImageOfPage":{"@id":"https:\/\/bio-teach.com\/kitsprp\/prp-laser-fototerapia-estetica-avanzada\/#primaryimage"},"image":{"@id":"https:\/\/bio-teach.com\/kitsprp\/prp-laser-fototerapia-estetica-avanzada\/#primaryimage"},"thumbnailUrl":"https:\/\/ml2wibi8up3f.i.optimole.com\/uueflVA-VLKBpdL1\/w:auto\/h:auto\/q:auto\/https:\/\/bio-teach.com\/kitsprp\/wp-content\/uploads\/2025\/09\/PRP-combinado-con-laser-y-fototerapia.webp","datePublished":"2025-09-30T19:45:06+00:00","dateModified":"2025-10-01T00:08:32+00:00","description":"Combin\u00e1 PRP con l\u00e1ser o fototerapia para potenciar tus tratamientos est\u00e9ticos. Descubr\u00ed beneficios, protocolos y resultados.","breadcrumb":{"@id":"https:\/\/bio-teach.com\/kitsprp\/prp-laser-fototerapia-estetica-avanzada\/#breadcrumb"},"inLanguage":"es","potentialAction":[{"@type":"ReadAction","target":["https:\/\/bio-teach.com\/kitsprp\/prp-laser-fototerapia-estetica-avanzada\/"]}]},{"@type":"ImageObject","inLanguage":"es","@id":"https:\/\/bio-teach.com\/kitsprp\/prp-laser-fototerapia-estetica-avanzada\/#primaryimage","url":"https:\/\/ml2wibi8up3f.i.optimole.com\/uueflVA-VLKBpdL1\/w:auto\/h:auto\/q:auto\/https:\/\/bio-teach.com\/kitsprp\/wp-content\/uploads\/2025\/09\/PRP-combinado-con-laser-y-fototerapia.webp","contentUrl":"https:\/\/ml2wibi8up3f.i.optimole.com\/uueflVA-VLKBpdL1\/w:auto\/h:auto\/q:auto\/https:\/\/bio-teach.com\/kitsprp\/wp-content\/uploads\/2025\/09\/PRP-combinado-con-laser-y-fototerapia.webp","width":1280,"height":720,"caption":"PRP combinado con l\u00e1ser y fototerapia"},{"@type":"BreadcrumbList","@id":"https:\/\/bio-teach.com\/kitsprp\/prp-laser-fototerapia-estetica-avanzada\/#breadcrumb","itemListElement":[{"@type":"ListItem","position":1,"name":"Portada","item":"https:\/\/bio-teach.com\/kitsprp\/"},{"@type":"ListItem","position":2,"name":"PRP combinado con l\u00e1ser y fototerapia | Est\u00e9tica avanzada y resultados cl\u00ednicos"}]},{"@type":"WebSite","@id":"https:\/\/bio-teach.com\/kitsprp\/#website","url":"https:\/\/bio-teach.com\/kitsprp\/","name":"KITS PRP","description":"KITS PRP","publisher":{"@id":"https:\/\/bio-teach.com\/kitsprp\/#organization"},"potentialAction":[{"@type":"SearchAction","target":{"@type":"EntryPoint","urlTemplate":"https:\/\/bio-teach.com\/kitsprp\/?s={search_term_string}"},"query-input":{"@type":"PropertyValueSpecification","valueRequired":true,"valueName":"search_term_string"}}],"inLanguage":"es"},{"@type":"Organization","@id":"https:\/\/bio-teach.com\/kitsprp\/#organization","name":"KITS PRP","url":"https:\/\/bio-teach.com\/kitsprp\/","logo":{"@type":"ImageObject","inLanguage":"es","@id":"https:\/\/bio-teach.com\/kitsprp\/#\/schema\/logo\/image\/","url":"https:\/\/ml2wibi8up3f.i.optimole.com\/uueflVA-JMGWjaRd\/w:auto\/h:auto\/q:auto\/https:\/\/bio-teach.com\/kitsprp\/wp-content\/uploads\/2021\/11\/cropped-logo-bioteach-min.png","contentUrl":"https:\/\/ml2wibi8up3f.i.optimole.com\/uueflVA-JMGWjaRd\/w:auto\/h:auto\/q:auto\/https:\/\/bio-teach.com\/kitsprp\/wp-content\/uploads\/2021\/11\/cropped-logo-bioteach-min.png","width":600,"height":250,"caption":"KITS PRP"},"image":{"@id":"https:\/\/bio-teach.com\/kitsprp\/#\/schema\/logo\/image\/"}},{"@type":"Person","@id":"https:\/\/bio-teach.com\/kitsprp\/#\/schema\/person\/d32b2dfe603cd6981808973bc26d1905","name":"jramirez","image":{"@type":"ImageObject","inLanguage":"es","@id":"https:\/\/ml2wibi8up3f.i.optimole.com\/uueflVA-vlqW7zdB\/w:auto\/h:auto\/q:auto\/https:\/\/bio-teach.com\/kitsprp\/wp-content\/uploads\/2023\/05\/cropped-Favicon-Bio-Teach.jpeg","url":"https:\/\/ml2wibi8up3f.i.optimole.com\/uueflVA-vlqW7zdB\/w:auto\/h:auto\/q:auto\/https:\/\/bio-teach.com\/kitsprp\/wp-content\/uploads\/2023\/05\/cropped-Favicon-Bio-Teach.jpeg","contentUrl":"https:\/\/ml2wibi8up3f.i.optimole.com\/uueflVA-vlqW7zdB\/w:auto\/h:auto\/q:auto\/https:\/\/bio-teach.com\/kitsprp\/wp-content\/uploads\/2023\/05\/cropped-Favicon-Bio-Teach.jpeg","caption":"jramirez"},"sameAs":["https:\/\/bio-teach.com\/kitsprp"],"url":"https:\/\/bio-teach.com\/kitsprp\/author\/jramirez\/"}]}},"_links":{"self":[{"href":"https:\/\/bio-teach.com\/kitsprp\/wp-json\/wp\/v2\/posts\/6073","targetHints":{"allow":["GET"]}}],"collection":[{"href":"https:\/\/bio-teach.com\/kitsprp\/wp-json\/wp\/v2\/posts"}],"about":[{"href":"https:\/\/bio-teach.com\/kitsprp\/wp-json\/wp\/v2\/types\/post"}],"author":[{"embeddable":true,"href":"https:\/\/bio-teach.com\/kitsprp\/wp-json\/wp\/v2\/users\/1"}],"replies":[{"embeddable":true,"href":"https:\/\/bio-teach.com\/kitsprp\/wp-json\/wp\/v2\/comments?post=6073"}],"version-history":[{"count":8,"href":"https:\/\/bio-teach.com\/kitsprp\/wp-json\/wp\/v2\/posts\/6073\/revisions"}],"predecessor-version":[{"id":6084,"href":"https:\/\/bio-teach.com\/kitsprp\/wp-json\/wp\/v2\/posts\/6073\/revisions\/6084"}],"wp:featuredmedia":[{"embeddable":true,"href":"https:\/\/bio-teach.com\/kitsprp\/wp-json\/wp\/v2\/media\/6079"}],"wp:attachment":[{"href":"https:\/\/bio-teach.com\/kitsprp\/wp-json\/wp\/v2\/media?parent=6073"}],"wp:term":[{"taxonomy":"category","embeddable":true,"href":"https:\/\/bio-teach.com\/kitsprp\/wp-json\/wp\/v2\/categories?post=6073"},{"taxonomy":"post_tag","embeddable":true,"href":"https:\/\/bio-teach.com\/kitsprp\/wp-json\/wp\/v2\/tags?post=6073"}],"curies":[{"name":"wp","href":"https:\/\/api.w.org\/{rel}","templated":true}]}}