{"id":6474,"date":"2026-01-20T21:10:53","date_gmt":"2026-01-20T21:10:53","guid":{"rendered":"https:\/\/bio-teach.com\/kitsprp\/?p=6474"},"modified":"2026-01-21T16:06:31","modified_gmt":"2026-01-21T16:06:31","slug":"uso-de-prp-en-cicatrices-post-quemadura-y-quirurgicas-revision-sistematica-y-metaanalisis-recientes","status":"publish","type":"post","link":"https:\/\/bio-teach.com\/kitsprp\/uso-de-prp-en-cicatrices-post-quemadura-y-quirurgicas-revision-sistematica-y-metaanalisis-recientes\/","title":{"rendered":"Uso de PRP en cicatrices post-quemadura y quir\u00fargicas: revisi\u00f3n sistem\u00e1tica y metaan\u00e1lisis recientes"},"content":{"rendered":"\t\t<div data-elementor-type=\"wp-post\" data-elementor-id=\"6474\" class=\"elementor elementor-6474\">\n\t\t\t\t\t\t\t\t\t<section class=\"elementor-section elementor-top-section elementor-element elementor-element-4f0308f8 elementor-section-boxed elementor-section-height-default elementor-section-height-default\" data-id=\"4f0308f8\" data-element_type=\"section\">\n\t\t\t\t\t\t<div class=\"elementor-container elementor-column-gap-default\">\n\t\t\t\t\t<div class=\"elementor-column elementor-col-100 elementor-top-column elementor-element elementor-element-1f8f3cc0\" data-id=\"1f8f3cc0\" data-element_type=\"column\">\n\t\t\t<div class=\"elementor-widget-wrap elementor-element-populated\">\n\t\t\t\t\t\t\t\t<div class=\"elementor-element elementor-element-1850d188 elementor-widget elementor-widget-heading\" data-id=\"1850d188\" data-element_type=\"widget\" data-widget_type=\"heading.default\">\n\t\t\t\t<div class=\"elementor-widget-container\">\n\t\t\t<h1 class=\"elementor-heading-title elementor-size-default\">Uso de PRP en cicatrices post-quemadura y quir\u00fargicas: revisi\u00f3n sistem\u00e1tica y metaan\u00e1lisis recientes<\/h1>\t\t<\/div>\n\t\t\t\t<\/div>\n\t\t\t\t\t<\/div>\n\t\t<\/div>\n\t\t\t\t\t\t\t<\/div>\n\t\t<\/section>\n\t\t\t\t<section class=\"elementor-section elementor-top-section elementor-element elementor-element-72fa57e9 elementor-section-boxed elementor-section-height-default elementor-section-height-default\" data-id=\"72fa57e9\" data-element_type=\"section\">\n\t\t\t\t\t\t<div class=\"elementor-container elementor-column-gap-default\">\n\t\t\t\t\t<div class=\"elementor-column elementor-col-100 elementor-top-column elementor-element elementor-element-95c6a0f\" data-id=\"95c6a0f\" data-element_type=\"column\">\n\t\t\t<div class=\"elementor-widget-wrap elementor-element-populated\">\n\t\t\t\t\t\t\t\t<div class=\"elementor-element elementor-element-3e0ac8f elementor-widget elementor-widget-heading\" data-id=\"3e0ac8f\" data-element_type=\"widget\" data-widget_type=\"heading.default\">\n\t\t\t\t<div class=\"elementor-widget-container\">\n\t\t\t<h5 class=\"elementor-heading-title elementor-size-default\">Publicado el 21 de ENERO de 2026<\/h5>\t\t<\/div>\n\t\t\t\t<\/div>\n\t\t\t\t\t<\/div>\n\t\t<\/div>\n\t\t\t\t\t\t\t<\/div>\n\t\t<\/section>\n\t\t\t\t<section class=\"elementor-section elementor-top-section elementor-element elementor-element-2bf7e37a elementor-section-boxed elementor-section-height-default elementor-section-height-default\" data-id=\"2bf7e37a\" data-element_type=\"section\">\n\t\t\t\t\t\t<div class=\"elementor-container elementor-column-gap-default\">\n\t\t\t\t\t<div class=\"elementor-column elementor-col-100 elementor-top-column elementor-element elementor-element-2c3074b5\" data-id=\"2c3074b5\" data-element_type=\"column\">\n\t\t\t<div class=\"elementor-widget-wrap elementor-element-populated\">\n\t\t\t\t\t\t\t\t<div class=\"elementor-element elementor-element-288d6619 elementor-widget elementor-widget-image\" data-id=\"288d6619\" data-element_type=\"widget\" data-widget_type=\"image.default\">\n\t\t\t\t<div class=\"elementor-widget-container\">\n\t\t\t\t\t\t\t\t\t\t\t\t\t\t\t<img decoding=\"async\" width=\"1280\" height=\"720\" src=\"https:\/\/ml2wibi8up3f.i.optimole.com\/uueflVA-E3gNF-8P\/w:auto\/h:auto\/q:auto\/https:\/\/bio-teach.com\/kitsprp\/wp-content\/uploads\/2026\/01\/PRP-en-cicatrices-quemaduras-y-quirurgicas.webp\" class=\"attachment-full size-full\" alt=\"Uso de PRP en cicatrices post-quemadura y quir\u00fargicas en contexto cl\u00ednico de medicina regenerativa\" \/>\t\t\t\t\t\t\t\t\t\t\t\t\t\t\t<\/div>\n\t\t\t\t<\/div>\n\t\t\t\t\t<\/div>\n\t\t<\/div>\n\t\t\t\t\t\t\t<\/div>\n\t\t<\/section>\n\t\t\t\t<section class=\"elementor-section elementor-top-section elementor-element elementor-element-5f92d5d1 elementor-section-boxed elementor-section-height-default elementor-section-height-default\" data-id=\"5f92d5d1\" data-element_type=\"section\">\n\t\t\t\t\t\t<div class=\"elementor-container elementor-column-gap-default\">\n\t\t\t\t\t<div class=\"elementor-column elementor-col-100 elementor-top-column elementor-element elementor-element-3f851f96\" data-id=\"3f851f96\" data-element_type=\"column\">\n\t\t\t<div class=\"elementor-widget-wrap elementor-element-populated\">\n\t\t\t\t\t\t\t\t<div class=\"elementor-element elementor-element-323d8593 elementor-widget elementor-widget-text-editor\" data-id=\"323d8593\" data-element_type=\"widget\" data-widget_type=\"text-editor.default\">\n\t\t\t\t<div class=\"elementor-widget-container\">\n\t\t\t\t\t\t\t<p class=\"big\">\nEl uso de <b>PRP en cicatrices<\/b> ha despertado un creciente inter\u00e9s dentro de la medicina regenerativa y la cirug\u00eda reconstructiva, especialmente por su potencial para mejorar la calidad del tejido cicatricial en distintos contextos cl\u00ednicos.<\/p>\n<p class=\"big\">En particular, su aplicaci\u00f3n en <b>cicatrices post-quemadura y quir\u00fargicas<\/b> ha sido objeto de m\u00faltiples estudios recientes, incluidas revisiones sistem\u00e1ticas y metaan\u00e1lisis, que eval\u00faan su impacto sobre la regeneraci\u00f3n cut\u00e1nea, la organizaci\u00f3n del col\u00e1geno y la funcionalidad del tejido.<\/p>\n<p class=\"big\">Este art\u00edculo est\u00e1 dirigido a profesionales de la salud que trabajan en cirug\u00eda, dermatolog\u00eda y medicina regenerativa, y que buscan <b>comprender el alcance cl\u00ednico del PRP<\/b> a partir de la evidencia cient\u00edfica disponible, as\u00ed como sus posibles aplicaciones dentro de protocolos m\u00e9dicos controlados.<\/p>\n<p class=\"big\">A continuaci\u00f3n, se presenta una revisi\u00f3n clara y estructurada sobre <b>el papel del plasma rico en plaquetas en el tratamiento de cicatrices<\/b>, los principales hallazgos cl\u00ednicos publicados y las consideraciones actuales desde un enfoque profesional.<\/p>\n\t\t\t\t\t\t<\/div>\n\t\t\t\t<\/div>\n\t\t\t\t<div class=\"elementor-element elementor-element-3bf5947 elementor-toc--minimized-on-tablet elementor-widget elementor-widget-table-of-contents\" data-id=\"3bf5947\" data-element_type=\"widget\" data-settings=\"{&quot;headings_by_tags&quot;:[&quot;h2&quot;],&quot;exclude_headings_by_selector&quot;:[],&quot;_animation&quot;:&quot;none&quot;,&quot;marker_view&quot;:&quot;numbers&quot;,&quot;minimize_box&quot;:&quot;yes&quot;,&quot;minimized_on&quot;:&quot;tablet&quot;,&quot;hierarchical_view&quot;:&quot;yes&quot;,&quot;min_height&quot;:{&quot;unit&quot;:&quot;px&quot;,&quot;size&quot;:&quot;&quot;,&quot;sizes&quot;:[]},&quot;min_height_tablet&quot;:{&quot;unit&quot;:&quot;px&quot;,&quot;size&quot;:&quot;&quot;,&quot;sizes&quot;:[]},&quot;min_height_mobile&quot;:{&quot;unit&quot;:&quot;px&quot;,&quot;size&quot;:&quot;&quot;,&quot;sizes&quot;:[]}}\" data-widget_type=\"table-of-contents.default\">\n\t\t\t\t<div class=\"elementor-widget-container\">\n\t\t\t\t\t<div class=\"elementor-toc__header\">\n\t\t\t<h4 class=\"elementor-toc__header-title\">Contenido del art\u00edculo<\/h4>\t\t\t\t\t\t\t<div class=\"elementor-toc__toggle-button elementor-toc__toggle-button--expand\"><i class=\"fas fa-chevron-down\"><\/i><\/div>\n\t\t\t\t<div class=\"elementor-toc__toggle-button elementor-toc__toggle-button--collapse\"><i class=\"fas fa-chevron-up\"><\/i><\/div>\n\t\t\t\t\t<\/div>\n\t\t<div class=\"elementor-toc__body\">\n\t\t\t<div class=\"elementor-toc__spinner-container\">\n\t\t\t\t<i class=\"elementor-toc__spinner eicon-loading eicon-animation-spin\" aria-hidden=\"true\"><\/i>\n\t\t\t<\/div>\n\t\t<\/div>\n\t\t\t\t<\/div>\n\t\t\t\t<\/div>\n\t\t\t\t<div class=\"elementor-element elementor-element-35d91bbd elementor-widget-divider--view-line elementor-widget elementor-widget-divider\" data-id=\"35d91bbd\" data-element_type=\"widget\" data-widget_type=\"divider.default\">\n\t\t\t\t<div class=\"elementor-widget-container\">\n\t\t\t\t\t<div class=\"elementor-divider\">\n\t\t\t<span class=\"elementor-divider-separator\">\n\t\t\t\t\t\t<\/span>\n\t\t<\/div>\n\t\t\t\t<\/div>\n\t\t\t\t<\/div>\n\t\t\t\t<div class=\"elementor-element elementor-element-e20f1f6 elementor-widget elementor-widget-heading\" data-id=\"e20f1f6\" data-element_type=\"widget\" data-widget_type=\"heading.default\">\n\t\t\t\t<div class=\"elementor-widget-container\">\n\t\t\t<h2 class=\"elementor-heading-title elementor-size-default\">\u00bfCu\u00e1l es el rol del PRP en la regeneraci\u00f3n cut\u00e1nea?<\/h2>\t\t<\/div>\n\t\t\t\t<\/div>\n\t\t\t\t<div class=\"elementor-element elementor-element-3126667 elementor-widget elementor-widget-text-editor\" data-id=\"3126667\" data-element_type=\"widget\" data-widget_type=\"text-editor.default\">\n\t\t\t\t<div class=\"elementor-widget-container\">\n\t\t\t\t\t\t\t\t\t\t\t\t\t<\/div>\n\t\t\t\t<\/div>\n\t\t\t\t<div class=\"elementor-element elementor-element-f770850 elementor-widget elementor-widget-text-editor\" data-id=\"f770850\" data-element_type=\"widget\" data-widget_type=\"text-editor.default\">\n\t\t\t\t<div class=\"elementor-widget-container\">\n\t\t\t\t\t\t\t<p data-start=\"483\" data-end=\"836\">En el contexto de la <b>regeneraci\u00f3n cut\u00e1nea<\/b>, el PRP se investiga por su capacidad para <b>estimular la angiog\u00e9nesis<\/b>, <b>modular la respuesta inflamatoria<\/b> y <b>favorecer la reorganizaci\u00f3n del col\u00e1geno<\/b>. Estos mecanismos resultan clave en los procesos de reparaci\u00f3n tisular y explican su creciente inter\u00e9s en aplicaciones dermatol\u00f3gicas y quir\u00fargicas.<\/p>\n<p data-start=\"838\" data-end=\"1124\">Su uso ha sido especialmente analizado en el tratamiento de <b>cicatrices quir\u00fargicas<\/b>, <b>lesiones post-quemadura<\/b> y alteraciones en la calidad del tejido cicatricial, donde no solo se eval\u00faa el cierre de la herida, sino tambi\u00e9n la <bfuncionalidad y estructura del tejido regenerado<\/b>.<\/p>\n<p data-start=\"1126\" data-end=\"1461\">Un aspecto determinante para la efectividad del procedimiento es la <b>calidad del concentrado plaquetario obtenido<\/b>. La estandarizaci\u00f3n del proceso, incluyendo el uso de <a href=\"https:\/\/bio-teach.com\/kitsprp\/tubos-para-prp\/\"><b>tubos espec\u00edficos para PRP<\/b><\/a>, permite una separaci\u00f3n controlada de los componentes sangu\u00edneos y contribuye a una mayor reproducibilidad cl\u00ednica de los resultados.<\/p>\t\t\t\t\t\t<\/div>\n\t\t\t\t<\/div>\n\t\t\t\t<div class=\"elementor-element elementor-element-3441a6a elementor-widget elementor-widget-heading\" data-id=\"3441a6a\" data-element_type=\"widget\" data-widget_type=\"heading.default\">\n\t\t\t\t<div class=\"elementor-widget-container\">\n\t\t\t<h2 class=\"elementor-heading-title elementor-size-default\">Tipos de cicatrices y retos terap\u00e9uticos en el uso de PRP<\/h2>\t\t<\/div>\n\t\t\t\t<\/div>\n\t\t\t\t<div class=\"elementor-element elementor-element-4a258bc elementor-widget elementor-widget-text-editor\" data-id=\"4a258bc\" data-element_type=\"widget\" data-widget_type=\"text-editor.default\">\n\t\t\t\t<div class=\"elementor-widget-container\">\n\t\t\t\t\t\t\t<p><span style=\"font-weight: 400;\">La respuesta cicatricial puede variar de forma significativa seg\u00fan el tipo de lesi\u00f3n, la profundidad del da\u00f1o cut\u00e1neo y las caracter\u00edsticas individuales del paciente. Estas diferencias condicionan los retos terap\u00e9uticos y el enfoque del <\/span><b>PRP en cicatrices<\/b><span style=\"font-weight: 400;\">.<\/span><\/p>\t\t\t\t\t\t<\/div>\n\t\t\t\t<\/div>\n\t\t\t\t<div class=\"elementor-element elementor-element-f386748 elementor-widget elementor-widget-heading\" data-id=\"f386748\" data-element_type=\"widget\" data-widget_type=\"heading.default\">\n\t\t\t\t<div class=\"elementor-widget-container\">\n\t\t\t<h3 class=\"elementor-heading-title elementor-size-default\"> PRP en cicatrices quir\u00fargicas<\/h3>\t\t<\/div>\n\t\t\t\t<\/div>\n\t\t\t\t<div class=\"elementor-element elementor-element-461d370a elementor-widget elementor-widget-text-editor\" data-id=\"461d370a\" data-element_type=\"widget\" data-widget_type=\"text-editor.default\">\n\t\t\t\t<div class=\"elementor-widget-container\">\n\t\t\t\t\t\t\t<p><span style=\"font-weight: 400;\">Las <\/span><b>cicatrices quir\u00fargicas<\/b><span style=\"font-weight: 400;\"> se producen como consecuencia de procedimientos invasivos y su evoluci\u00f3n depende de m\u00faltiples factores, como la t\u00e9cnica empleada, la localizaci\u00f3n anat\u00f3mica y la respuesta biol\u00f3gica del paciente.<\/span><\/p><p><span style=\"font-weight: 400;\">El <\/span><b>PRP en cicatrices quir\u00fargicas<\/b><span style=\"font-weight: 400;\"> se investiga como tratamiento complementario con el objetivo de mejorar la calidad del tejido cicatricial, reducir la fibrosis y favorecer una cicatrizaci\u00f3n m\u00e1s organizada y funcional.<\/span><\/p><p><span style=\"font-weight: 400;\">En este contexto, los protocolos cl\u00ednicos suelen incluir sistemas de <\/span><a href=\"https:\/\/bio-teach.com\/kitsprp\/centrifuja-prp\/\"><b>centrifugaci\u00f3n espec\u00edficos para PRP<\/b><\/a><span style=\"font-weight: 400;\">\u00a0que permiten controlar variables cr\u00edticas como la concentraci\u00f3n plaquetaria y la reproducibilidad del preparado.<\/span><\/p>\t\t\t\t\t\t<\/div>\n\t\t\t\t<\/div>\n\t\t\t\t<div class=\"elementor-element elementor-element-265b5e2 elementor-widget elementor-widget-heading\" data-id=\"265b5e2\" data-element_type=\"widget\" data-widget_type=\"heading.default\">\n\t\t\t\t<div class=\"elementor-widget-container\">\n\t\t\t<h3 class=\"elementor-heading-title elementor-size-default\">PRP en cicatrices post-quemadura<\/h3>\t\t<\/div>\n\t\t\t\t<\/div>\n\t\t\t\t<div class=\"elementor-element elementor-element-ad36f8a elementor-widget elementor-widget-text-editor\" data-id=\"ad36f8a\" data-element_type=\"widget\" data-widget_type=\"text-editor.default\">\n\t\t\t\t<div class=\"elementor-widget-container\">\n\t\t\t\t\t\t\t<p><span style=\"font-weight: 400;\">Las <\/span><b>cicatrices post-quemadura<\/b><span style=\"font-weight: 400;\"> suelen presentar una mayor complejidad cl\u00ednica, con alteraciones en la elasticidad, la vascularizaci\u00f3n y la estructura de la piel.<\/span><\/p><p><span style=\"font-weight: 400;\">El <\/span><b>PRP en cicatrices post-quemadura<\/b><span style=\"font-weight: 400;\"> se ha estudiado por su potencial para favorecer la regeneraci\u00f3n tisular y modular procesos inflamatorios persistentes, siempre dentro de un abordaje terap\u00e9utico integral.<\/span><\/p><p><span style=\"font-weight: 400;\">En estos casos, la aplicaci\u00f3n homog\u00e9nea del concentrado plaquetario puede realizarse mediante <\/span><a href=\"https:\/\/bio-teach.com\/kitsprp\/pistola-mesoterapia-y-pistola-para-prp\/\"><b>dispositivos de mesoterapia y sistemas de aplicaci\u00f3n de PRP<\/b><\/a><span style=\"font-weight: 400;\">\u00a0especialmente en \u00e1reas cut\u00e1neas extensas o irregulares.<\/span><\/p>\t\t\t\t\t\t<\/div>\n\t\t\t\t<\/div>\n\t\t\t\t<div class=\"elementor-element elementor-element-5cfd406 elementor-widget elementor-widget-heading\" data-id=\"5cfd406\" data-element_type=\"widget\" data-widget_type=\"heading.default\">\n\t\t\t\t<div class=\"elementor-widget-container\">\n\t\t\t<h2 class=\"elementor-heading-title elementor-size-default\">Evidencia cient\u00edfica reciente sobre PRP en cicatrices\n<\/h2>\t\t<\/div>\n\t\t\t\t<\/div>\n\t\t\t\t<div class=\"elementor-element elementor-element-9b7de0b elementor-widget elementor-widget-text-editor\" data-id=\"9b7de0b\" data-element_type=\"widget\" data-widget_type=\"text-editor.default\">\n\t\t\t\t<div class=\"elementor-widget-container\">\n\t\t\t\t\t\t\t<p><span style=\"font-weight: 400;\">Las <\/span><b>revisiones sistem\u00e1ticas y metaan\u00e1lisis<\/b><span style=\"font-weight: 400;\"> publicados en los \u00faltimos a\u00f1os han analizado m\u00faltiples estudios cl\u00ednicos sobre el <\/span><b>uso de PRP en cicatrices<\/b><span style=\"font-weight: 400;\">, evaluando variables como:<\/span><\/p><ul><li style=\"font-weight: 400;\" aria-level=\"1\"><span style=\"font-weight: 400;\">Calidad del tejido cicatricial<\/span><\/li><li style=\"font-weight: 400;\" aria-level=\"1\"><span style=\"font-weight: 400;\">Elasticidad y grosor de la piel<\/span><\/li><li style=\"font-weight: 400;\" aria-level=\"1\"><span style=\"font-weight: 400;\">Grado de vascularizaci\u00f3n<\/span><\/li><li style=\"font-weight: 400;\" aria-level=\"1\"><span style=\"font-weight: 400;\">S\u00edntomas asociados, como rigidez o molestias<\/span><\/li><\/ul><p><span style=\"font-weight: 400;\">En conjunto, los resultados sugieren que el <\/span><b>PRP en cicatrices puede aportar beneficios en determinados contextos cl\u00ednicos<\/b><span style=\"font-weight: 400;\">. No obstante, la heterogeneidad de los estudios y las diferencias en los protocolos de preparaci\u00f3n y aplicaci\u00f3n limitan la obtenci\u00f3n de conclusiones definitivas.<\/span><\/p><p><span style=\"font-weight: 400;\">Esta variabilidad metodol\u00f3gica ha puesto de relieve la importancia de emplear <\/span><a href=\"https:\/\/bio-teach.com\/kitsprp\/\"><b>sistemas para PRP utilizados en entornos cl\u00ednicos<\/b><\/a><span style=\"font-weight: 400;\">\u00a0que permitan reducir diferencias t\u00e9cnicas entre procedimientos.<\/span><\/p>\t\t\t\t\t\t<\/div>\n\t\t\t\t<\/div>\n\t\t\t\t<div class=\"elementor-element elementor-element-223c0dd elementor-widget elementor-widget-heading\" data-id=\"223c0dd\" data-element_type=\"widget\" data-widget_type=\"heading.default\">\n\t\t\t\t<div class=\"elementor-widget-container\">\n\t\t\t<h2 class=\"elementor-heading-title elementor-size-default\">Mecanismos de acci\u00f3n del PRP en el tejido cicatricial<\/h2>\t\t<\/div>\n\t\t\t\t<\/div>\n\t\t\t\t<div class=\"elementor-element elementor-element-46dce8e elementor-widget elementor-widget-text-editor\" data-id=\"46dce8e\" data-element_type=\"widget\" data-widget_type=\"text-editor.default\">\n\t\t\t\t<div class=\"elementor-widget-container\">\n\t\t\t\t\t\t\t<p><span style=\"font-weight: 400;\">El inter\u00e9s por el <\/span><b>plasma rico en plaquetas en cicatrices<\/b><span style=\"font-weight: 400;\"> se basa en diversos mecanismos biol\u00f3gicos implicados en la reparaci\u00f3n cut\u00e1nea:<\/span><\/p><ul><li style=\"font-weight: 400;\" aria-level=\"1\"><span style=\"font-weight: 400;\">Estimulaci\u00f3n de fibroblastos<\/span><\/li><li style=\"font-weight: 400;\" aria-level=\"1\"><span style=\"font-weight: 400;\">Regulaci\u00f3n de la s\u00edntesis y reorganizaci\u00f3n del col\u00e1geno<\/span><\/li><li style=\"font-weight: 400;\" aria-level=\"1\"><span style=\"font-weight: 400;\">Promoci\u00f3n de la angiog\u00e9nesis<\/span><\/li><li style=\"font-weight: 400;\" aria-level=\"1\"><span style=\"font-weight: 400;\">Modulaci\u00f3n de la respuesta inflamatoria<\/span><\/li><\/ul><p><span style=\"font-weight: 400;\">Estos mecanismos explican por qu\u00e9 el <\/span><b>PRP en cicatrices<\/b><span style=\"font-weight: 400;\"> se eval\u00faa como una herramienta complementaria dentro de las estrategias de <\/span><b>medicina regenerativa cut\u00e1nea<\/b><span style=\"font-weight: 400;\">.<\/span><\/p>\t\t\t\t\t\t<\/div>\n\t\t\t\t<\/div>\n\t\t\t\t<div class=\"elementor-element elementor-element-0d55018 elementor-widget elementor-widget-heading\" data-id=\"0d55018\" data-element_type=\"widget\" data-widget_type=\"heading.default\">\n\t\t\t\t<div class=\"elementor-widget-container\">\n\t\t\t<h2 class=\"elementor-heading-title elementor-size-default\">Aplicaciones actuales del PRP en cicatrices y consideraciones cl\u00ednicas<\/h2>\t\t<\/div>\n\t\t\t\t<\/div>\n\t\t\t\t<div class=\"elementor-element elementor-element-22f15ea elementor-widget elementor-widget-text-editor\" data-id=\"22f15ea\" data-element_type=\"widget\" data-widget_type=\"text-editor.default\">\n\t\t\t\t<div class=\"elementor-widget-container\">\n\t\t\t\t\t\t\t<p><span style=\"font-weight: 400;\">En la pr\u00e1ctica cl\u00ednica, el <\/span><b>uso de PRP en cicatrices<\/b><span style=\"font-weight: 400;\"> se encuentra en evoluci\u00f3n y suele considerarse como complemento a otros tratamientos, especialmente en:<\/span><\/p><ul><li style=\"font-weight: 400;\" aria-level=\"1\"><span style=\"font-weight: 400;\">Cicatrices quir\u00fargicas complejas<\/span><span style=\"font-weight: 400;\"><br \/><\/span><\/li><li style=\"font-weight: 400;\" aria-level=\"1\"><span style=\"font-weight: 400;\">Secuelas cut\u00e1neas derivadas de quemaduras<\/span><span style=\"font-weight: 400;\"><br \/><\/span><\/li><li style=\"font-weight: 400;\" aria-level=\"1\"><span style=\"font-weight: 400;\">Procesos de cicatrizaci\u00f3n alterada o retardada<\/span><span style=\"font-weight: 400;\"><br \/><br \/><\/span><\/li><\/ul><p><span style=\"font-weight: 400;\">Los especialistas subrayan la necesidad de establecer <\/span><b>protocolos estandarizados<\/b><span style=\"font-weight: 400;\">, as\u00ed como de una adecuada selecci\u00f3n de pacientes y de <\/span><b>material m\u00e9dico espec\u00edfico para PRP<\/b><span style=\"font-weight: 400;\">, con el fin de garantizar la seguridad y la reproducibilidad de los resultados.<\/span><\/p>\t\t\t\t\t\t<\/div>\n\t\t\t\t<\/div>\n\t\t\t\t<div class=\"elementor-element elementor-element-fe8b434 elementor-widget elementor-widget-heading\" data-id=\"fe8b434\" data-element_type=\"widget\" data-widget_type=\"heading.default\">\n\t\t\t\t<div class=\"elementor-widget-container\">\n\t\t\t<h2 class=\"elementor-heading-title elementor-size-default\">PRP en cicatrices y regeneraci\u00f3n cut\u00e1nea: una herramienta en evoluci\u00f3n cl\u00ednica<\/h2>\t\t<\/div>\n\t\t\t\t<\/div>\n\t\t\t\t<div class=\"elementor-element elementor-element-2df574d elementor-widget elementor-widget-text-editor\" data-id=\"2df574d\" data-element_type=\"widget\" data-widget_type=\"text-editor.default\">\n\t\t\t\t<div class=\"elementor-widget-container\">\n\t\t\t\t\t\t\t<p><span style=\"font-weight: 400;\">El creciente inter\u00e9s por el <\/span><b>PRP en cicatrices post-quemadura y quir\u00fargicas<\/b><span style=\"font-weight: 400;\"> refleja la b\u00fasqueda de soluciones regenerativas orientadas a mejorar la calidad del tejido cicatricial. Esta evoluci\u00f3n ha incrementado la necesidad de contar con <\/span><a href=\"https:\/\/bio-teach.com\/kitsprp\/\"><b>equipamiento y material m\u00e9dico adecuados para procedimientos con PRP<\/b><\/a><span style=\"font-weight: 400;\">, especialmente en contextos cl\u00ednicos y quir\u00fargicos.<\/span><\/p><p><span style=\"font-weight: 400;\">La correcta selecci\u00f3n de estos recursos forma parte de los criterios actuales de calidad en la medicina regenerativa, junto con la formaci\u00f3n t\u00e9cnica y la trazabilidad de los procedimientos.<\/span><\/p>\t\t\t\t\t\t<\/div>\n\t\t\t\t<\/div>\n\t\t\t\t<div class=\"elementor-element elementor-element-e11b9d7 elementor-widget elementor-widget-heading\" data-id=\"e11b9d7\" data-element_type=\"widget\" data-widget_type=\"heading.default\">\n\t\t\t\t<div class=\"elementor-widget-container\">\n\t\t\t<h2 class=\"elementor-heading-title elementor-size-default\">Preguntas frecuentes sobre el uso de PRP en cicatrices.<\/h2>\t\t<\/div>\n\t\t\t\t<\/div>\n\t\t\t\t<div class=\"elementor-element elementor-element-d690c96 elementor-widget elementor-widget-text-editor\" data-id=\"d690c96\" data-element_type=\"widget\" data-widget_type=\"text-editor.default\">\n\t\t\t\t<div class=\"elementor-widget-container\">\n\t\t\t\t\t\t\t\t\t\t\t\t\t<\/div>\n\t\t\t\t<\/div>\n\t\t\t\t<div class=\"elementor-element elementor-element-1a04e24 elementor-widget elementor-widget-accordion\" data-id=\"1a04e24\" data-element_type=\"widget\" data-widget_type=\"accordion.default\">\n\t\t\t\t<div class=\"elementor-widget-container\">\n\t\t\t\t\t<div class=\"elementor-accordion\" role=\"tablist\">\n\t\t\t\t\t\t\t<div class=\"elementor-accordion-item\">\n\t\t\t\t\t<div id=\"elementor-tab-title-2721\" class=\"elementor-tab-title\" data-tab=\"1\" role=\"tab\" aria-controls=\"elementor-tab-content-2721\" aria-expanded=\"false\">\n\t\t\t\t\t\t\t\t\t\t\t\t\t<span class=\"elementor-accordion-icon elementor-accordion-icon-left\" aria-hidden=\"true\">\n\t\t\t\t\t\t\t\t\t\t\t\t\t\t\t<span class=\"elementor-accordion-icon-closed\"><i class=\"fas fa-plus\"><\/i><\/span>\n\t\t\t\t\t\t\t\t<span class=\"elementor-accordion-icon-opened\"><i class=\"fas fa-minus\"><\/i><\/span>\n\t\t\t\t\t\t\t\t\t\t\t\t\t\t<\/span>\n\t\t\t\t\t\t\t\t\t\t\t\t<a class=\"elementor-accordion-title\" href=\"\">\u00bfEl PRP puede utilizarse en cualquier tipo de cicatriz?<\/a>\n\t\t\t\t\t<\/div>\n\t\t\t\t\t<div id=\"elementor-tab-content-2721\" class=\"elementor-tab-content elementor-clearfix\" data-tab=\"1\" role=\"tabpanel\" aria-labelledby=\"elementor-tab-title-2721\"><p><span style=\"font-weight: 400;\">No necesariamente. El <\/span><b>PRP en cicatrices<\/b><span style=\"font-weight: 400;\"> se eval\u00faa principalmente en aquellas con alteraciones funcionales o estructurales relevantes y siempre bajo criterio m\u00e9dico.<\/span><\/p><\/div>\n\t\t\t\t<\/div>\n\t\t\t\t\t\t\t<div class=\"elementor-accordion-item\">\n\t\t\t\t\t<div id=\"elementor-tab-title-2722\" class=\"elementor-tab-title\" data-tab=\"2\" role=\"tab\" aria-controls=\"elementor-tab-content-2722\" aria-expanded=\"false\">\n\t\t\t\t\t\t\t\t\t\t\t\t\t<span class=\"elementor-accordion-icon elementor-accordion-icon-left\" aria-hidden=\"true\">\n\t\t\t\t\t\t\t\t\t\t\t\t\t\t\t<span class=\"elementor-accordion-icon-closed\"><i class=\"fas fa-plus\"><\/i><\/span>\n\t\t\t\t\t\t\t\t<span class=\"elementor-accordion-icon-opened\"><i class=\"fas fa-minus\"><\/i><\/span>\n\t\t\t\t\t\t\t\t\t\t\t\t\t\t<\/span>\n\t\t\t\t\t\t\t\t\t\t\t\t<a class=\"elementor-accordion-title\" href=\"\">\u00bfEl PRP sustituye otros tratamientos para cicatrices?<\/a>\n\t\t\t\t\t<\/div>\n\t\t\t\t\t<div id=\"elementor-tab-content-2722\" class=\"elementor-tab-content elementor-clearfix\" data-tab=\"2\" role=\"tabpanel\" aria-labelledby=\"elementor-tab-title-2722\"><p><span style=\"font-weight: 400;\">No. El PRP se investiga como una herramienta complementaria dentro de un abordaje terap\u00e9utico m\u00e1s amplio.<\/span><\/p><\/div>\n\t\t\t\t<\/div>\n\t\t\t\t\t\t\t<div class=\"elementor-accordion-item\">\n\t\t\t\t\t<div id=\"elementor-tab-title-2723\" class=\"elementor-tab-title\" data-tab=\"3\" role=\"tab\" aria-controls=\"elementor-tab-content-2723\" aria-expanded=\"false\">\n\t\t\t\t\t\t\t\t\t\t\t\t\t<span class=\"elementor-accordion-icon elementor-accordion-icon-left\" aria-hidden=\"true\">\n\t\t\t\t\t\t\t\t\t\t\t\t\t\t\t<span class=\"elementor-accordion-icon-closed\"><i class=\"fas fa-plus\"><\/i><\/span>\n\t\t\t\t\t\t\t\t<span class=\"elementor-accordion-icon-opened\"><i class=\"fas fa-minus\"><\/i><\/span>\n\t\t\t\t\t\t\t\t\t\t\t\t\t\t<\/span>\n\t\t\t\t\t\t\t\t\t\t\t\t<a class=\"elementor-accordion-title\" href=\"\">\u00bfExiste evidencia cient\u00edfica s\u00f3lida sobre el PRP en cicatrices?<\/a>\n\t\t\t\t\t<\/div>\n\t\t\t\t\t<div id=\"elementor-tab-content-2723\" class=\"elementor-tab-content elementor-clearfix\" data-tab=\"3\" role=\"tabpanel\" aria-labelledby=\"elementor-tab-title-2723\"><p><span style=\"font-weight: 400;\">Las revisiones sistem\u00e1ticas y metaan\u00e1lisis muestran resultados prometedores, aunque a\u00fan se requieren estudios m\u00e1s homog\u00e9neos y protocolos estandarizados.<\/span><\/p><\/div>\n\t\t\t\t<\/div>\n\t\t\t\t\t\t\t\t<\/div>\n\t\t\t\t<\/div>\n\t\t\t\t<\/div>\n\t\t\t\t<div class=\"elementor-element elementor-element-53ae1e47 elementor-widget-divider--view-line elementor-widget elementor-widget-divider\" data-id=\"53ae1e47\" data-element_type=\"widget\" data-widget_type=\"divider.default\">\n\t\t\t\t<div class=\"elementor-widget-container\">\n\t\t\t\t\t<div class=\"elementor-divider\">\n\t\t\t<span class=\"elementor-divider-separator\">\n\t\t\t\t\t\t<\/span>\n\t\t<\/div>\n\t\t\t\t<\/div>\n\t\t\t\t<\/div>\n\t\t\t\t\t<\/div>\n\t\t<\/div>\n\t\t\t\t\t\t\t<\/div>\n\t\t<\/section>\n\t\t\t\t<section class=\"elementor-section elementor-top-section elementor-element elementor-element-f984161 elementor-section-boxed elementor-section-height-default elementor-section-height-default\" data-id=\"f984161\" data-element_type=\"section\">\n\t\t\t\t\t\t<div class=\"elementor-container elementor-column-gap-default\">\n\t\t\t\t\t<div class=\"elementor-column elementor-col-100 elementor-top-column elementor-element elementor-element-5b7fb03\" data-id=\"5b7fb03\" data-element_type=\"column\">\n\t\t\t<div class=\"elementor-widget-wrap\">\n\t\t\t\t\t\t\t\t\t<\/div>\n\t\t<\/div>\n\t\t\t\t\t\t\t<\/div>\n\t\t<\/section>\n\t\t\t\t<section class=\"elementor-section elementor-top-section elementor-element elementor-element-4a914844 elementor-section-boxed elementor-section-height-default elementor-section-height-default\" data-id=\"4a914844\" data-element_type=\"section\">\n\t\t\t\t\t\t<div class=\"elementor-container elementor-column-gap-default\">\n\t\t\t\t\t<div class=\"elementor-column elementor-col-100 elementor-top-column elementor-element elementor-element-43a6cf1e\" data-id=\"43a6cf1e\" data-element_type=\"column\">\n\t\t\t<div class=\"elementor-widget-wrap elementor-element-populated\">\n\t\t\t\t\t\t\t\t<section class=\"elementor-section elementor-inner-section elementor-element elementor-element-4050fdf0 elementor-section-boxed elementor-section-height-default elementor-section-height-default\" data-id=\"4050fdf0\" data-element_type=\"section\">\n\t\t\t\t\t\t<div class=\"elementor-container elementor-column-gap-default\">\n\t\t\t\t\t<div class=\"elementor-column elementor-col-50 elementor-inner-column elementor-element elementor-element-c4aad47\" data-id=\"c4aad47\" data-element_type=\"column\">\n\t\t\t<div class=\"elementor-widget-wrap elementor-element-populated\">\n\t\t\t\t\t\t\t\t<div class=\"elementor-element elementor-element-61f19fd9 elementor-widget elementor-widget-text-editor\" data-id=\"61f19fd9\" data-element_type=\"widget\" data-widget_type=\"text-editor.default\">\n\t\t\t\t<div class=\"elementor-widget-container\">\n\t\t\t\t\t\t\t<p>Joe Ramirez<\/p><p>Director Comercial de Bio-Teach Medical<\/p>\t\t\t\t\t\t<\/div>\n\t\t\t\t<\/div>\n\t\t\t\t<div class=\"elementor-element elementor-element-a4b70d e-grid-align-left elementor-shape-rounded elementor-grid-0 elementor-widget elementor-widget-social-icons\" data-id=\"a4b70d\" data-element_type=\"widget\" data-widget_type=\"social-icons.default\">\n\t\t\t\t<div class=\"elementor-widget-container\">\n\t\t\t\t\t<div class=\"elementor-social-icons-wrapper elementor-grid\">\n\t\t\t\t\t\t\t<span class=\"elementor-grid-item\">\n\t\t\t\t\t<a class=\"elementor-icon elementor-social-icon elementor-social-icon-linkedin elementor-repeater-item-ea2d6ac\" href=\"https:\/\/www.linkedin.com\/in\/joeramz\/\" target=\"_blank\">\n\t\t\t\t\t\t<span class=\"elementor-screen-only\">Linkedin<\/span>\n\t\t\t\t\t\t<i class=\"fab fa-linkedin\"><\/i>\t\t\t\t\t<\/a>\n\t\t\t\t<\/span>\n\t\t\t\t\t<\/div>\n\t\t\t\t<\/div>\n\t\t\t\t<\/div>\n\t\t\t\t\t<\/div>\n\t\t<\/div>\n\t\t\t\t<div class=\"elementor-column elementor-col-50 elementor-inner-column elementor-element elementor-element-2159cdee\" data-id=\"2159cdee\" data-element_type=\"column\">\n\t\t\t<div class=\"elementor-widget-wrap\">\n\t\t\t\t\t\t\t\t\t<\/div>\n\t\t<\/div>\n\t\t\t\t\t\t\t<\/div>\n\t\t<\/section>\n\t\t\t\t\t<\/div>\n\t\t<\/div>\n\t\t\t\t\t\t\t<\/div>\n\t\t<\/section>\n\t\t\t\t\t\t\t<\/div>\n\t\t","protected":false},"excerpt":{"rendered":"<p>El uso del PRP en cicatrices post-quemadura y quir\u00fargicas ha sido objeto de an\u00e1lisis en estudios recientes, revisiones sistem\u00e1ticas y metaan\u00e1lisis que eval\u00faan su papel en la regeneraci\u00f3n cut\u00e1nea y la calidad del tejido cicatricial.<\/p>\n","protected":false},"author":1,"featured_media":6490,"comment_status":"closed","ping_status":"open","sticky":false,"template":"","format":"standard","meta":{"neve_meta_sidebar":"full-width","neve_meta_container":"","neve_meta_enable_content_width":"","neve_meta_content_width":70,"neve_meta_title_alignment":"center","neve_meta_author_avatar":"","neve_post_elements_order":"[\"content\",\"tags\",\"sharing-icons\",\"post-navigation\"]","neve_meta_disable_header":"off","neve_meta_disable_footer":"","neve_meta_disable_title":"","neve_meta_reading_time":"","_ti_tpc_template_sync":false,"_ti_tpc_template_id":"","footnotes":""},"categories":[17],"tags":[82,16,81,19,40],"class_list":["post-6474","post","type-post","status-publish","format-standard","has-post-thumbnail","hentry","category-noticias","tag-cicatrices","tag-prp","tag-quemaduras","tag-trasplante-capilar","tag-tubos-prp"],"yoast_head":"<!-- This site is optimized with the Yoast SEO plugin v27.4 - https:\/\/yoast.com\/product\/yoast-seo-wordpress\/ -->\n<title>Uso de PRP en cicatrices post-quemadura y quir\u00fargicas<\/title>\n<meta name=\"description\" content=\"Uso del PRP en cicatrices post-quemadura y quir\u00fargicas: revisi\u00f3n de la evidencia cient\u00edfica basada en estudios recientes.\" \/>\n<meta name=\"robots\" content=\"index, follow, max-snippet:-1, max-image-preview:large, max-video-preview:-1\" \/>\n<link rel=\"canonical\" href=\"https:\/\/bio-teach.com\/kitsprp\/uso-de-prp-en-cicatrices-post-quemadura-y-quirurgicas-revision-sistematica-y-metaanalisis-recientes\/\" \/>\n<meta property=\"og:locale\" content=\"es_ES\" \/>\n<meta property=\"og:type\" content=\"article\" \/>\n<meta property=\"og:title\" content=\"Uso de PRP en cicatrices post-quemadura y quir\u00fargicas\" \/>\n<meta property=\"og:description\" content=\"Uso del PRP en cicatrices post-quemadura y quir\u00fargicas: revisi\u00f3n de la evidencia cient\u00edfica basada en estudios recientes.\" \/>\n<meta property=\"og:url\" content=\"https:\/\/bio-teach.com\/kitsprp\/uso-de-prp-en-cicatrices-post-quemadura-y-quirurgicas-revision-sistematica-y-metaanalisis-recientes\/\" \/>\n<meta property=\"og:site_name\" content=\"KITS PRP\" \/>\n<meta property=\"article:published_time\" content=\"2026-01-20T21:10:53+00:00\" \/>\n<meta property=\"article:modified_time\" content=\"2026-01-21T16:06:31+00:00\" \/>\n<meta property=\"og:image\" content=\"https:\/\/ml2wibi8up3f.i.optimole.com\/uueflVA-E3gNF-8P\/w:auto\/h:auto\/q:auto\/https:\/\/bio-teach.com\/kitsprp\/wp-content\/uploads\/2026\/01\/PRP-en-cicatrices-quemaduras-y-quirurgicas.webp\" \/>\n\t<meta property=\"og:image:width\" content=\"1280\" \/>\n\t<meta property=\"og:image:height\" content=\"720\" \/>\n\t<meta property=\"og:image:type\" content=\"image\/webp\" \/>\n<meta name=\"author\" content=\"jramirez\" \/>\n<meta name=\"twitter:card\" content=\"summary_large_image\" \/>\n<meta name=\"twitter:label1\" content=\"Escrito por\" \/>\n\t<meta name=\"twitter:data1\" content=\"jramirez\" \/>\n\t<meta name=\"twitter:label2\" content=\"Tiempo de lectura\" \/>\n\t<meta name=\"twitter:data2\" content=\"2 minutos\" \/>\n<script type=\"application\/ld+json\" class=\"yoast-schema-graph\">{\"@context\":\"https:\\\/\\\/schema.org\",\"@graph\":[{\"@type\":\"Article\",\"@id\":\"https:\\\/\\\/bio-teach.com\\\/kitsprp\\\/uso-de-prp-en-cicatrices-post-quemadura-y-quirurgicas-revision-sistematica-y-metaanalisis-recientes\\\/#article\",\"isPartOf\":{\"@id\":\"https:\\\/\\\/bio-teach.com\\\/kitsprp\\\/uso-de-prp-en-cicatrices-post-quemadura-y-quirurgicas-revision-sistematica-y-metaanalisis-recientes\\\/\"},\"author\":{\"name\":\"jramirez\",\"@id\":\"https:\\\/\\\/bio-teach.com\\\/kitsprp\\\/#\\\/schema\\\/person\\\/d32b2dfe603cd6981808973bc26d1905\"},\"headline\":\"Uso de PRP en cicatrices post-quemadura y quir\u00fargicas: revisi\u00f3n sistem\u00e1tica y metaan\u00e1lisis recientes\",\"datePublished\":\"2026-01-20T21:10:53+00:00\",\"dateModified\":\"2026-01-21T16:06:31+00:00\",\"mainEntityOfPage\":{\"@id\":\"https:\\\/\\\/bio-teach.com\\\/kitsprp\\\/uso-de-prp-en-cicatrices-post-quemadura-y-quirurgicas-revision-sistematica-y-metaanalisis-recientes\\\/\"},\"wordCount\":324,\"publisher\":{\"@id\":\"https:\\\/\\\/bio-teach.com\\\/kitsprp\\\/#organization\"},\"image\":{\"@id\":\"https:\\\/\\\/bio-teach.com\\\/kitsprp\\\/uso-de-prp-en-cicatrices-post-quemadura-y-quirurgicas-revision-sistematica-y-metaanalisis-recientes\\\/#primaryimage\"},\"thumbnailUrl\":\"https:\\/\\/bio-teach.com\\/kitsprp\\/wp-content\\/uploads\\/2026\\/01\\/PRP-en-cicatrices-quemaduras-y-quirurgicas.webp\",\"keywords\":[\"cicatrices\",\"PRP\",\"quemaduras\",\"Trasplante capilar\",\"tubos prp\"],\"articleSection\":[\"Noticias\"],\"inLanguage\":\"es\"},{\"@type\":\"WebPage\",\"@id\":\"https:\\\/\\\/bio-teach.com\\\/kitsprp\\\/uso-de-prp-en-cicatrices-post-quemadura-y-quirurgicas-revision-sistematica-y-metaanalisis-recientes\\\/\",\"url\":\"https:\\\/\\\/bio-teach.com\\\/kitsprp\\\/uso-de-prp-en-cicatrices-post-quemadura-y-quirurgicas-revision-sistematica-y-metaanalisis-recientes\\\/\",\"name\":\"Uso de PRP en cicatrices post-quemadura y quir\u00fargicas\",\"isPartOf\":{\"@id\":\"https:\\\/\\\/bio-teach.com\\\/kitsprp\\\/#website\"},\"primaryImageOfPage\":{\"@id\":\"https:\\\/\\\/bio-teach.com\\\/kitsprp\\\/uso-de-prp-en-cicatrices-post-quemadura-y-quirurgicas-revision-sistematica-y-metaanalisis-recientes\\\/#primaryimage\"},\"image\":{\"@id\":\"https:\\\/\\\/bio-teach.com\\\/kitsprp\\\/uso-de-prp-en-cicatrices-post-quemadura-y-quirurgicas-revision-sistematica-y-metaanalisis-recientes\\\/#primaryimage\"},\"thumbnailUrl\":\"https:\\/\\/bio-teach.com\\/kitsprp\\/wp-content\\/uploads\\/2026\\/01\\/PRP-en-cicatrices-quemaduras-y-quirurgicas.webp\",\"datePublished\":\"2026-01-20T21:10:53+00:00\",\"dateModified\":\"2026-01-21T16:06:31+00:00\",\"description\":\"Uso del PRP en cicatrices post-quemadura y quir\u00fargicas: revisi\u00f3n de la evidencia cient\u00edfica basada en estudios recientes.\",\"breadcrumb\":{\"@id\":\"https:\\\/\\\/bio-teach.com\\\/kitsprp\\\/uso-de-prp-en-cicatrices-post-quemadura-y-quirurgicas-revision-sistematica-y-metaanalisis-recientes\\\/#breadcrumb\"},\"inLanguage\":\"es\",\"potentialAction\":[{\"@type\":\"ReadAction\",\"target\":[\"https:\\\/\\\/bio-teach.com\\\/kitsprp\\\/uso-de-prp-en-cicatrices-post-quemadura-y-quirurgicas-revision-sistematica-y-metaanalisis-recientes\\\/\"]}]},{\"@type\":\"ImageObject\",\"inLanguage\":\"es\",\"@id\":\"https:\\\/\\\/bio-teach.com\\\/kitsprp\\\/uso-de-prp-en-cicatrices-post-quemadura-y-quirurgicas-revision-sistematica-y-metaanalisis-recientes\\\/#primaryimage\",\"url\":\"https:\\/\\/bio-teach.com\\/kitsprp\\/wp-content\\/uploads\\/2026\\/01\\/PRP-en-cicatrices-quemaduras-y-quirurgicas.webp\",\"contentUrl\":\"https:\\/\\/bio-teach.com\\/kitsprp\\/wp-content\\/uploads\\/2026\\/01\\/PRP-en-cicatrices-quemaduras-y-quirurgicas.webp\",\"width\":1280,\"height\":720,\"caption\":\"Uso de PRP en cicatrices post-quemadura y quir\u00fargicas en contexto cl\u00ednico de medicina regenerativa\"},{\"@type\":\"BreadcrumbList\",\"@id\":\"https:\\\/\\\/bio-teach.com\\\/kitsprp\\\/uso-de-prp-en-cicatrices-post-quemadura-y-quirurgicas-revision-sistematica-y-metaanalisis-recientes\\\/#breadcrumb\",\"itemListElement\":[{\"@type\":\"ListItem\",\"position\":1,\"name\":\"Portada\",\"item\":\"https:\\\/\\\/bio-teach.com\\\/kitsprp\\\/\"},{\"@type\":\"ListItem\",\"position\":2,\"name\":\"Uso de PRP en cicatrices post-quemadura y quir\u00fargicas: revisi\u00f3n sistem\u00e1tica y metaan\u00e1lisis recientes\"}]},{\"@type\":\"WebSite\",\"@id\":\"https:\\\/\\\/bio-teach.com\\\/kitsprp\\\/#website\",\"url\":\"https:\\\/\\\/bio-teach.com\\\/kitsprp\\\/\",\"name\":\"KITS PRP\",\"description\":\"KITS PRP\",\"publisher\":{\"@id\":\"https:\\\/\\\/bio-teach.com\\\/kitsprp\\\/#organization\"},\"potentialAction\":[{\"@type\":\"SearchAction\",\"target\":{\"@type\":\"EntryPoint\",\"urlTemplate\":\"https:\\\/\\\/bio-teach.com\\\/kitsprp\\\/?s={search_term_string}\"},\"query-input\":{\"@type\":\"PropertyValueSpecification\",\"valueRequired\":true,\"valueName\":\"search_term_string\"}}],\"inLanguage\":\"es\"},{\"@type\":\"Organization\",\"@id\":\"https:\\\/\\\/bio-teach.com\\\/kitsprp\\\/#organization\",\"name\":\"KITS PRP\",\"url\":\"https:\\\/\\\/bio-teach.com\\\/kitsprp\\\/\",\"logo\":{\"@type\":\"ImageObject\",\"inLanguage\":\"es\",\"@id\":\"https:\\\/\\\/bio-teach.com\\\/kitsprp\\\/#\\\/schema\\\/logo\\\/image\\\/\",\"url\":\"https:\\/\\/bio-teach.com\\/kitsprp\\/wp-content\\/uploads\\/2021\\/11\\/cropped-logo-bioteach-min.png\",\"contentUrl\":\"https:\\/\\/bio-teach.com\\/kitsprp\\/wp-content\\/uploads\\/2021\\/11\\/cropped-logo-bioteach-min.png\",\"width\":600,\"height\":250,\"caption\":\"KITS PRP\"},\"image\":{\"@id\":\"https:\\\/\\\/bio-teach.com\\\/kitsprp\\\/#\\\/schema\\\/logo\\\/image\\\/\"}},{\"@type\":\"Person\",\"@id\":\"https:\\\/\\\/bio-teach.com\\\/kitsprp\\\/#\\\/schema\\\/person\\\/d32b2dfe603cd6981808973bc26d1905\",\"name\":\"jramirez\",\"image\":{\"@type\":\"ImageObject\",\"inLanguage\":\"es\",\"@id\":\"https:\\/\\/bio-teach.com\\/kitsprp\\/wp-content\\/uploads\\/2023\\/05\\/cropped-Favicon-Bio-Teach.jpeg\",\"url\":\"https:\\/\\/bio-teach.com\\/kitsprp\\/wp-content\\/uploads\\/2023\\/05\\/cropped-Favicon-Bio-Teach.jpeg\",\"contentUrl\":\"https:\\/\\/bio-teach.com\\/kitsprp\\/wp-content\\/uploads\\/2023\\/05\\/cropped-Favicon-Bio-Teach.jpeg\",\"caption\":\"jramirez\"},\"sameAs\":[\"https:\\\/\\\/bio-teach.com\\\/kitsprp\"],\"url\":\"https:\\\/\\\/bio-teach.com\\\/kitsprp\\\/author\\\/jramirez\\\/\"}]}<\/script>\n<!-- \/ Yoast SEO plugin. -->","yoast_head_json":{"title":"Uso de PRP en cicatrices post-quemadura y quir\u00fargicas","description":"Uso del PRP en cicatrices post-quemadura y quir\u00fargicas: revisi\u00f3n de la evidencia cient\u00edfica basada en estudios recientes.","robots":{"index":"index","follow":"follow","max-snippet":"max-snippet:-1","max-image-preview":"max-image-preview:large","max-video-preview":"max-video-preview:-1"},"canonical":"https:\/\/bio-teach.com\/kitsprp\/uso-de-prp-en-cicatrices-post-quemadura-y-quirurgicas-revision-sistematica-y-metaanalisis-recientes\/","og_locale":"es_ES","og_type":"article","og_title":"Uso de PRP en cicatrices post-quemadura y quir\u00fargicas","og_description":"Uso del PRP en cicatrices post-quemadura y quir\u00fargicas: revisi\u00f3n de la evidencia cient\u00edfica basada en estudios recientes.","og_url":"https:\/\/bio-teach.com\/kitsprp\/uso-de-prp-en-cicatrices-post-quemadura-y-quirurgicas-revision-sistematica-y-metaanalisis-recientes\/","og_site_name":"KITS PRP","article_published_time":"2026-01-20T21:10:53+00:00","article_modified_time":"2026-01-21T16:06:31+00:00","og_image":[{"width":1280,"height":720,"url":"https:\/\/ml2wibi8up3f.i.optimole.com\/uueflVA-E3gNF-8P\/w:auto\/h:auto\/q:auto\/https:\/\/bio-teach.com\/kitsprp\/wp-content\/uploads\/2026\/01\/PRP-en-cicatrices-quemaduras-y-quirurgicas.webp","type":"image\/webp"}],"author":"jramirez","twitter_card":"summary_large_image","twitter_misc":{"Escrito por":"jramirez","Tiempo de lectura":"2 minutos"},"schema":{"@context":"https:\/\/schema.org","@graph":[{"@type":"Article","@id":"https:\/\/bio-teach.com\/kitsprp\/uso-de-prp-en-cicatrices-post-quemadura-y-quirurgicas-revision-sistematica-y-metaanalisis-recientes\/#article","isPartOf":{"@id":"https:\/\/bio-teach.com\/kitsprp\/uso-de-prp-en-cicatrices-post-quemadura-y-quirurgicas-revision-sistematica-y-metaanalisis-recientes\/"},"author":{"name":"jramirez","@id":"https:\/\/bio-teach.com\/kitsprp\/#\/schema\/person\/d32b2dfe603cd6981808973bc26d1905"},"headline":"Uso de PRP en cicatrices post-quemadura y quir\u00fargicas: revisi\u00f3n sistem\u00e1tica y metaan\u00e1lisis recientes","datePublished":"2026-01-20T21:10:53+00:00","dateModified":"2026-01-21T16:06:31+00:00","mainEntityOfPage":{"@id":"https:\/\/bio-teach.com\/kitsprp\/uso-de-prp-en-cicatrices-post-quemadura-y-quirurgicas-revision-sistematica-y-metaanalisis-recientes\/"},"wordCount":324,"publisher":{"@id":"https:\/\/bio-teach.com\/kitsprp\/#organization"},"image":{"@id":"https:\/\/bio-teach.com\/kitsprp\/uso-de-prp-en-cicatrices-post-quemadura-y-quirurgicas-revision-sistematica-y-metaanalisis-recientes\/#primaryimage"},"thumbnailUrl":"https:\/\/ml2wibi8up3f.i.optimole.com\/uueflVA-E3gNF-8P\/w:auto\/h:auto\/q:auto\/https:\/\/bio-teach.com\/kitsprp\/wp-content\/uploads\/2026\/01\/PRP-en-cicatrices-quemaduras-y-quirurgicas.webp","keywords":["cicatrices","PRP","quemaduras","Trasplante capilar","tubos prp"],"articleSection":["Noticias"],"inLanguage":"es"},{"@type":"WebPage","@id":"https:\/\/bio-teach.com\/kitsprp\/uso-de-prp-en-cicatrices-post-quemadura-y-quirurgicas-revision-sistematica-y-metaanalisis-recientes\/","url":"https:\/\/bio-teach.com\/kitsprp\/uso-de-prp-en-cicatrices-post-quemadura-y-quirurgicas-revision-sistematica-y-metaanalisis-recientes\/","name":"Uso de PRP en cicatrices post-quemadura y quir\u00fargicas","isPartOf":{"@id":"https:\/\/bio-teach.com\/kitsprp\/#website"},"primaryImageOfPage":{"@id":"https:\/\/bio-teach.com\/kitsprp\/uso-de-prp-en-cicatrices-post-quemadura-y-quirurgicas-revision-sistematica-y-metaanalisis-recientes\/#primaryimage"},"image":{"@id":"https:\/\/bio-teach.com\/kitsprp\/uso-de-prp-en-cicatrices-post-quemadura-y-quirurgicas-revision-sistematica-y-metaanalisis-recientes\/#primaryimage"},"thumbnailUrl":"https:\/\/ml2wibi8up3f.i.optimole.com\/uueflVA-E3gNF-8P\/w:auto\/h:auto\/q:auto\/https:\/\/bio-teach.com\/kitsprp\/wp-content\/uploads\/2026\/01\/PRP-en-cicatrices-quemaduras-y-quirurgicas.webp","datePublished":"2026-01-20T21:10:53+00:00","dateModified":"2026-01-21T16:06:31+00:00","description":"Uso del PRP en cicatrices post-quemadura y quir\u00fargicas: revisi\u00f3n de la evidencia cient\u00edfica basada en estudios recientes.","breadcrumb":{"@id":"https:\/\/bio-teach.com\/kitsprp\/uso-de-prp-en-cicatrices-post-quemadura-y-quirurgicas-revision-sistematica-y-metaanalisis-recientes\/#breadcrumb"},"inLanguage":"es","potentialAction":[{"@type":"ReadAction","target":["https:\/\/bio-teach.com\/kitsprp\/uso-de-prp-en-cicatrices-post-quemadura-y-quirurgicas-revision-sistematica-y-metaanalisis-recientes\/"]}]},{"@type":"ImageObject","inLanguage":"es","@id":"https:\/\/bio-teach.com\/kitsprp\/uso-de-prp-en-cicatrices-post-quemadura-y-quirurgicas-revision-sistematica-y-metaanalisis-recientes\/#primaryimage","url":"https:\/\/ml2wibi8up3f.i.optimole.com\/uueflVA-E3gNF-8P\/w:auto\/h:auto\/q:auto\/https:\/\/bio-teach.com\/kitsprp\/wp-content\/uploads\/2026\/01\/PRP-en-cicatrices-quemaduras-y-quirurgicas.webp","contentUrl":"https:\/\/ml2wibi8up3f.i.optimole.com\/uueflVA-E3gNF-8P\/w:auto\/h:auto\/q:auto\/https:\/\/bio-teach.com\/kitsprp\/wp-content\/uploads\/2026\/01\/PRP-en-cicatrices-quemaduras-y-quirurgicas.webp","width":1280,"height":720,"caption":"Uso de PRP en cicatrices post-quemadura y quir\u00fargicas en contexto cl\u00ednico de medicina regenerativa"},{"@type":"BreadcrumbList","@id":"https:\/\/bio-teach.com\/kitsprp\/uso-de-prp-en-cicatrices-post-quemadura-y-quirurgicas-revision-sistematica-y-metaanalisis-recientes\/#breadcrumb","itemListElement":[{"@type":"ListItem","position":1,"name":"Portada","item":"https:\/\/bio-teach.com\/kitsprp\/"},{"@type":"ListItem","position":2,"name":"Uso de PRP en cicatrices post-quemadura y quir\u00fargicas: revisi\u00f3n sistem\u00e1tica y metaan\u00e1lisis recientes"}]},{"@type":"WebSite","@id":"https:\/\/bio-teach.com\/kitsprp\/#website","url":"https:\/\/bio-teach.com\/kitsprp\/","name":"KITS PRP","description":"KITS PRP","publisher":{"@id":"https:\/\/bio-teach.com\/kitsprp\/#organization"},"potentialAction":[{"@type":"SearchAction","target":{"@type":"EntryPoint","urlTemplate":"https:\/\/bio-teach.com\/kitsprp\/?s={search_term_string}"},"query-input":{"@type":"PropertyValueSpecification","valueRequired":true,"valueName":"search_term_string"}}],"inLanguage":"es"},{"@type":"Organization","@id":"https:\/\/bio-teach.com\/kitsprp\/#organization","name":"KITS PRP","url":"https:\/\/bio-teach.com\/kitsprp\/","logo":{"@type":"ImageObject","inLanguage":"es","@id":"https:\/\/bio-teach.com\/kitsprp\/#\/schema\/logo\/image\/","url":"https:\/\/ml2wibi8up3f.i.optimole.com\/uueflVA-JMGWjaRd\/w:auto\/h:auto\/q:auto\/https:\/\/bio-teach.com\/kitsprp\/wp-content\/uploads\/2021\/11\/cropped-logo-bioteach-min.png","contentUrl":"https:\/\/ml2wibi8up3f.i.optimole.com\/uueflVA-JMGWjaRd\/w:auto\/h:auto\/q:auto\/https:\/\/bio-teach.com\/kitsprp\/wp-content\/uploads\/2021\/11\/cropped-logo-bioteach-min.png","width":600,"height":250,"caption":"KITS PRP"},"image":{"@id":"https:\/\/bio-teach.com\/kitsprp\/#\/schema\/logo\/image\/"}},{"@type":"Person","@id":"https:\/\/bio-teach.com\/kitsprp\/#\/schema\/person\/d32b2dfe603cd6981808973bc26d1905","name":"jramirez","image":{"@type":"ImageObject","inLanguage":"es","@id":"https:\/\/ml2wibi8up3f.i.optimole.com\/uueflVA-vlqW7zdB\/w:auto\/h:auto\/q:auto\/https:\/\/bio-teach.com\/kitsprp\/wp-content\/uploads\/2023\/05\/cropped-Favicon-Bio-Teach.jpeg","url":"https:\/\/ml2wibi8up3f.i.optimole.com\/uueflVA-vlqW7zdB\/w:auto\/h:auto\/q:auto\/https:\/\/bio-teach.com\/kitsprp\/wp-content\/uploads\/2023\/05\/cropped-Favicon-Bio-Teach.jpeg","contentUrl":"https:\/\/ml2wibi8up3f.i.optimole.com\/uueflVA-vlqW7zdB\/w:auto\/h:auto\/q:auto\/https:\/\/bio-teach.com\/kitsprp\/wp-content\/uploads\/2023\/05\/cropped-Favicon-Bio-Teach.jpeg","caption":"jramirez"},"sameAs":["https:\/\/bio-teach.com\/kitsprp"],"url":"https:\/\/bio-teach.com\/kitsprp\/author\/jramirez\/"}]}},"_links":{"self":[{"href":"https:\/\/bio-teach.com\/kitsprp\/wp-json\/wp\/v2\/posts\/6474","targetHints":{"allow":["GET"]}}],"collection":[{"href":"https:\/\/bio-teach.com\/kitsprp\/wp-json\/wp\/v2\/posts"}],"about":[{"href":"https:\/\/bio-teach.com\/kitsprp\/wp-json\/wp\/v2\/types\/post"}],"author":[{"embeddable":true,"href":"https:\/\/bio-teach.com\/kitsprp\/wp-json\/wp\/v2\/users\/1"}],"replies":[{"embeddable":true,"href":"https:\/\/bio-teach.com\/kitsprp\/wp-json\/wp\/v2\/comments?post=6474"}],"version-history":[{"count":29,"href":"https:\/\/bio-teach.com\/kitsprp\/wp-json\/wp\/v2\/posts\/6474\/revisions"}],"predecessor-version":[{"id":6529,"href":"https:\/\/bio-teach.com\/kitsprp\/wp-json\/wp\/v2\/posts\/6474\/revisions\/6529"}],"wp:featuredmedia":[{"embeddable":true,"href":"https:\/\/bio-teach.com\/kitsprp\/wp-json\/wp\/v2\/media\/6490"}],"wp:attachment":[{"href":"https:\/\/bio-teach.com\/kitsprp\/wp-json\/wp\/v2\/media?parent=6474"}],"wp:term":[{"taxonomy":"category","embeddable":true,"href":"https:\/\/bio-teach.com\/kitsprp\/wp-json\/wp\/v2\/categories?post=6474"},{"taxonomy":"post_tag","embeddable":true,"href":"https:\/\/bio-teach.com\/kitsprp\/wp-json\/wp\/v2\/tags?post=6474"}],"curies":[{"name":"wp","href":"https:\/\/api.w.org\/{rel}","templated":true}]}}