{"id":6541,"date":"2026-02-25T01:53:09","date_gmt":"2026-02-25T01:53:09","guid":{"rendered":"https:\/\/bio-teach.com\/kitsprp\/?p=6541"},"modified":"2026-02-25T02:04:17","modified_gmt":"2026-02-25T02:04:17","slug":"prp-epidural-en-patologia-discal-lumbar","status":"publish","type":"post","link":"https:\/\/bio-teach.com\/kitsprp\/prp-epidural-en-patologia-discal-lumbar\/","title":{"rendered":"PRP epidural en patolog\u00eda discal lumbar: resultados cl\u00ednicos preliminares"},"content":{"rendered":"\t\t<div data-elementor-type=\"wp-post\" data-elementor-id=\"6541\" class=\"elementor elementor-6541\">\n\t\t\t\t\t\t\t\t\t<section class=\"elementor-section elementor-top-section elementor-element elementor-element-4f0308f8 elementor-section-boxed elementor-section-height-default elementor-section-height-default\" data-id=\"4f0308f8\" data-element_type=\"section\">\n\t\t\t\t\t\t<div class=\"elementor-container elementor-column-gap-default\">\n\t\t\t\t\t<div class=\"elementor-column elementor-col-100 elementor-top-column elementor-element elementor-element-1f8f3cc0\" data-id=\"1f8f3cc0\" data-element_type=\"column\">\n\t\t\t<div class=\"elementor-widget-wrap elementor-element-populated\">\n\t\t\t\t\t\t\t\t<div class=\"elementor-element elementor-element-1850d188 elementor-widget elementor-widget-heading\" data-id=\"1850d188\" data-element_type=\"widget\" data-widget_type=\"heading.default\">\n\t\t\t\t<div class=\"elementor-widget-container\">\n\t\t\t<h1 class=\"elementor-heading-title elementor-size-default\">PRP epidural en patolog\u00eda discal lumbar: resultados cl\u00ednicos preliminares y fundamentos biol\u00f3gicos en 2026\n<\/h1>\t\t<\/div>\n\t\t\t\t<\/div>\n\t\t\t\t\t<\/div>\n\t\t<\/div>\n\t\t\t\t\t\t\t<\/div>\n\t\t<\/section>\n\t\t\t\t<section class=\"elementor-section elementor-top-section elementor-element elementor-element-72fa57e9 elementor-section-boxed elementor-section-height-default elementor-section-height-default\" data-id=\"72fa57e9\" data-element_type=\"section\">\n\t\t\t\t\t\t<div class=\"elementor-container elementor-column-gap-default\">\n\t\t\t\t\t<div class=\"elementor-column elementor-col-100 elementor-top-column elementor-element elementor-element-95c6a0f\" data-id=\"95c6a0f\" data-element_type=\"column\">\n\t\t\t<div class=\"elementor-widget-wrap elementor-element-populated\">\n\t\t\t\t\t\t\t\t<div class=\"elementor-element elementor-element-3e0ac8f elementor-widget elementor-widget-heading\" data-id=\"3e0ac8f\" data-element_type=\"widget\" data-widget_type=\"heading.default\">\n\t\t\t\t<div class=\"elementor-widget-container\">\n\t\t\t<h5 class=\"elementor-heading-title elementor-size-default\">Publicado el 20 de Febrero de 2026<\/h5>\t\t<\/div>\n\t\t\t\t<\/div>\n\t\t\t\t\t<\/div>\n\t\t<\/div>\n\t\t\t\t\t\t\t<\/div>\n\t\t<\/section>\n\t\t\t\t<section class=\"elementor-section elementor-top-section elementor-element elementor-element-2bf7e37a elementor-section-boxed elementor-section-height-default elementor-section-height-default\" data-id=\"2bf7e37a\" data-element_type=\"section\">\n\t\t\t\t\t\t<div class=\"elementor-container elementor-column-gap-default\">\n\t\t\t\t\t<div class=\"elementor-column elementor-col-100 elementor-top-column elementor-element elementor-element-2c3074b5\" data-id=\"2c3074b5\" data-element_type=\"column\">\n\t\t\t<div class=\"elementor-widget-wrap elementor-element-populated\">\n\t\t\t\t\t\t\t\t<div class=\"elementor-element elementor-element-288d6619 elementor-widget elementor-widget-image\" data-id=\"288d6619\" data-element_type=\"widget\" data-widget_type=\"image.default\">\n\t\t\t\t<div class=\"elementor-widget-container\">\n\t\t\t\t\t\t\t\t\t\t\t\t\t\t\t<img decoding=\"async\" width=\"1280\" height=\"720\" src=\"https:\/\/ml2wibi8up3f.i.optimole.com\/uueflVA-RPW-DDy-\/w:auto\/h:auto\/q:auto\/https:\/\/bio-teach.com\/kitsprp\/wp-content\/uploads\/2026\/02\/PRP-epidural-en-patologia-discal-lumbar.webp\" class=\"attachment-full size-full\" alt=\"PRP epidural en patolog\u00eda discal lumbar\" \/>\t\t\t\t\t\t\t\t\t\t\t\t\t\t\t<\/div>\n\t\t\t\t<\/div>\n\t\t\t\t\t<\/div>\n\t\t<\/div>\n\t\t\t\t\t\t\t<\/div>\n\t\t<\/section>\n\t\t\t\t<section class=\"elementor-section elementor-top-section elementor-element elementor-element-5f92d5d1 elementor-section-boxed elementor-section-height-default elementor-section-height-default\" data-id=\"5f92d5d1\" data-element_type=\"section\">\n\t\t\t\t\t\t<div class=\"elementor-container elementor-column-gap-default\">\n\t\t\t\t\t<div class=\"elementor-column elementor-col-100 elementor-top-column elementor-element elementor-element-3f851f96\" data-id=\"3f851f96\" data-element_type=\"column\">\n\t\t\t<div class=\"elementor-widget-wrap elementor-element-populated\">\n\t\t\t\t\t\t\t\t<div class=\"elementor-element elementor-element-323d8593 elementor-widget elementor-widget-text-editor\" data-id=\"323d8593\" data-element_type=\"widget\" data-widget_type=\"text-editor.default\">\n\t\t\t\t<div class=\"elementor-widget-container\">\n\t\t\t\t\t\t\t<p><span style=\"font-weight: 400;\">El inter\u00e9s por el <\/span><b>PRP epidural en patolog\u00eda discal lumbar<\/b><span style=\"font-weight: 400;\"> crece en 2026 por un motivo cl\u00ednico muy concreto: cada vez se reconoce con m\u00e1s claridad que el dolor radicular asociado a discopat\u00eda no depende \u00fanicamente del \u201ctama\u00f1o\u201d de una protrusi\u00f3n o hernia, sino del <\/span><b>componente inflamatorio perirradicular<\/b><span style=\"font-weight: 400;\"> y de la <\/span><b>sensibilizaci\u00f3n neural<\/b><span style=\"font-weight: 400;\"> que se instala en determinados pacientes.<\/span><\/p><p><span style=\"font-weight: 400;\">En este marco, la infiltraci\u00f3n epidural tradicional con corticoides contin\u00faa siendo una herramienta \u00fatil, pero con limitaciones conocidas: respuesta variable, recurrencias frecuentes y un enfoque centrado en la supresi\u00f3n temporal de la inflamaci\u00f3n. La propuesta del PRP en el espacio epidural \u2014en protocolos seleccionados\u2014 introduce otra l\u00f3gica: actuar sobre el <\/span><b>microambiente biol\u00f3gico<\/b><span style=\"font-weight: 400;\"> que rodea a la ra\u00edz nerviosa y a las estructuras que perpet\u00faan la nocicepci\u00f3n.<\/span><\/p><p><span style=\"font-weight: 400;\">Este art\u00edculo no busca explicar qu\u00e9 es el PRP. Asume un lector cl\u00ednico que ya lo utiliza o lo eval\u00faa. El objetivo es ordenar lo que hoy se discute en la pr\u00e1ctica avanzada:<\/span><\/p><ul><li style=\"font-weight: 400;\" aria-level=\"1\"><span style=\"font-weight: 400;\">Qu\u00e9 hip\u00f3tesis fisiopatol\u00f3gica sostiene el uso epidural.<\/span><\/li><li style=\"font-weight: 400;\" aria-level=\"1\"><span style=\"font-weight: 400;\">Qu\u00e9 muestran los <\/span><b>estudios cl\u00ednicos preliminares<\/b><span style=\"font-weight: 400;\"> (y qu\u00e9 no pueden afirmar a\u00fan).<\/span><\/li><li style=\"font-weight: 400;\" aria-level=\"1\"><span style=\"font-weight: 400;\">En qu\u00e9 fenotipos de paciente parece tener m\u00e1s sentido cl\u00ednico.<\/span><\/li><li style=\"font-weight: 400;\" aria-level=\"1\"><span style=\"font-weight: 400;\">C\u00f3mo se posiciona frente a alternativas intervencionistas.<\/span><\/li><li style=\"font-weight: 400;\" aria-level=\"1\"><span style=\"font-weight: 400;\">Qu\u00e9 implicaciones operativas puede tener para unidades del dolor, traumatolog\u00eda y medicina deportiva.<\/span><\/li><\/ul>\t\t\t\t\t\t<\/div>\n\t\t\t\t<\/div>\n\t\t\t\t<div class=\"elementor-element elementor-element-b53a959 elementor-widget elementor-widget-table-of-contents\" data-id=\"b53a959\" data-element_type=\"widget\" data-settings=\"{&quot;headings_by_tags&quot;:[&quot;h2&quot;],&quot;exclude_headings_by_selector&quot;:[],&quot;_animation&quot;:&quot;none&quot;,&quot;marker_view&quot;:&quot;bullets&quot;,&quot;icon&quot;:{&quot;value&quot;:&quot;fas fa-circle&quot;,&quot;library&quot;:&quot;fa-solid&quot;},&quot;hierarchical_view&quot;:&quot;yes&quot;,&quot;min_height&quot;:{&quot;unit&quot;:&quot;px&quot;,&quot;size&quot;:&quot;&quot;,&quot;sizes&quot;:[]},&quot;min_height_tablet&quot;:{&quot;unit&quot;:&quot;px&quot;,&quot;size&quot;:&quot;&quot;,&quot;sizes&quot;:[]},&quot;min_height_mobile&quot;:{&quot;unit&quot;:&quot;px&quot;,&quot;size&quot;:&quot;&quot;,&quot;sizes&quot;:[]}}\" data-widget_type=\"table-of-contents.default\">\n\t\t\t\t<div class=\"elementor-widget-container\">\n\t\t\t\t\t<div class=\"elementor-toc__header\">\n\t\t\t<h2 class=\"elementor-toc__header-title\">Contenidos del art\u00edculo<\/h2>\t\t\t\t\t<\/div>\n\t\t<div class=\"elementor-toc__body\">\n\t\t\t<div class=\"elementor-toc__spinner-container\">\n\t\t\t\t<i class=\"elementor-toc__spinner eicon-loading eicon-animation-spin\" aria-hidden=\"true\"><\/i>\n\t\t\t<\/div>\n\t\t<\/div>\n\t\t\t\t<\/div>\n\t\t\t\t<\/div>\n\t\t\t\t<div class=\"elementor-element elementor-element-35d91bbd elementor-widget-divider--view-line elementor-widget elementor-widget-divider\" data-id=\"35d91bbd\" data-element_type=\"widget\" data-widget_type=\"divider.default\">\n\t\t\t\t<div class=\"elementor-widget-container\">\n\t\t\t\t\t<div class=\"elementor-divider\">\n\t\t\t<span class=\"elementor-divider-separator\">\n\t\t\t\t\t\t<\/span>\n\t\t<\/div>\n\t\t\t\t<\/div>\n\t\t\t\t<\/div>\n\t\t\t\t<div class=\"elementor-element elementor-element-e20f1f6 elementor-widget elementor-widget-heading\" data-id=\"e20f1f6\" data-element_type=\"widget\" data-widget_type=\"heading.default\">\n\t\t\t\t<div class=\"elementor-widget-container\">\n\t\t\t<h2 class=\"elementor-heading-title elementor-size-default\">Fisiopatolog\u00eda de la radiculopat\u00eda lumbar: m\u00e1s que compresi\u00f3n mec\u00e1nica<\/h2>\t\t<\/div>\n\t\t\t\t<\/div>\n\t\t\t\t<div class=\"elementor-element elementor-element-7e13043 elementor-widget elementor-widget-text-editor\" data-id=\"7e13043\" data-element_type=\"widget\" data-widget_type=\"text-editor.default\">\n\t\t\t\t<div class=\"elementor-widget-container\">\n\t\t\t\t\t\t\t<p><span style=\"font-weight: 400;\">La <\/span><b>patolog\u00eda discal lumbar<\/b><span style=\"font-weight: 400;\"> es, en muchos casos, un problema mixto: <\/span><b>mec\u00e1nico<\/b><span style=\"font-weight: 400;\"> (compresi\u00f3n\/irritaci\u00f3n) y <\/span><b>bioqu\u00edmico<\/b><span style=\"font-weight: 400;\"> (inflamaci\u00f3n). El disco degenerado cambia su composici\u00f3n y su comportamiento: pierde hidrataci\u00f3n, altera la estructura del anillo fibroso y libera mediadores que pueden transformar el entorno perineural en un escenario altamente nociceptivo.<\/span><\/p><p><span style=\"font-weight: 400;\">Esto es relevante porque explica situaciones cl\u00ednicas frecuentes: pacientes con im\u00e1genes poco \u201cdram\u00e1ticas\u201d y <strong>dolor radicular intenso, o pacientes con hernias voluminosas relativamente oligosintom\u00e1ticos.<\/strong> En otras palabras, la correlaci\u00f3n imagen-s\u00edntoma no siempre es lineal.<\/span><\/p><p><span style=\"font-weight: 400;\">En los cuadros con componente inflamatorio dominante, la ra\u00edz nerviosa se expone a un \u201cba\u00f1o qu\u00edmico\u201d de citocinas y mediadores algog\u00e9nicos que <strong>mantienen la sensibilizaci\u00f3n incluso cuando la compresi\u00f3n no es extrema.<\/strong><\/span><\/p>\t\t\t\t\t\t<\/div>\n\t\t\t\t<\/div>\n\t\t\t\t<div class=\"elementor-element elementor-element-f386748 elementor-widget elementor-widget-heading\" data-id=\"f386748\" data-element_type=\"widget\" data-widget_type=\"heading.default\">\n\t\t\t\t<div class=\"elementor-widget-container\">\n\t\t\t<h3 class=\"elementor-heading-title elementor-size-default\">Inflamaci\u00f3n perirradicular y sensibilizaci\u00f3n: el dolor como fen\u00f3meno neuroinmune<\/h3>\t\t<\/div>\n\t\t\t\t<\/div>\n\t\t\t\t<div class=\"elementor-element elementor-element-461d370a elementor-widget elementor-widget-text-editor\" data-id=\"461d370a\" data-element_type=\"widget\" data-widget_type=\"text-editor.default\">\n\t\t\t\t<div class=\"elementor-widget-container\">\n\t\t\t\t\t\t\t<p><span style=\"font-weight: 400;\">El contacto del material discal con la ra\u00edz nerviosa (o con estructuras epidurales cercanas) puede activar rutas inflamatorias con participaci\u00f3n de <\/span><b>TNF-\u03b1<\/b><span style=\"font-weight: 400;\">, <\/span><b>IL-1\u03b2<\/b><span style=\"font-weight: 400;\">, prostaglandinas y quimiocinas. Esto favorece <\/span><b>edema neural<\/b><span style=\"font-weight: 400;\">, hiperexcitabilidad y descenso del umbral de activaci\u00f3n de fibras nociceptivas. El resultado cl\u00ednico es dolor radicular persistente, a veces desproporcionado en relaci\u00f3n con el hallazgo anat\u00f3mico.<\/span><\/p><p><span style=\"font-weight: 400;\">En este escenario, no se trata solo de \u201cdesinflamar\u201d; se trata de entender que hay un componente neuroinmune que puede sostener el dolor mediante circuitos de retroalimentaci\u00f3n.<\/span><\/p>\t\t\t\t\t\t<\/div>\n\t\t\t\t<\/div>\n\t\t\t\t<div class=\"elementor-element elementor-element-265b5e2 elementor-widget elementor-widget-heading\" data-id=\"265b5e2\" data-element_type=\"widget\" data-widget_type=\"heading.default\">\n\t\t\t\t<div class=\"elementor-widget-container\">\n\t\t\t<h3 class=\"elementor-heading-title elementor-size-default\">Microambiente epidural alterado: por qu\u00e9 la diana terap\u00e9utica no es solo el disco<\/h3>\t\t<\/div>\n\t\t\t\t<\/div>\n\t\t\t\t<div class=\"elementor-element elementor-element-ad36f8a elementor-widget elementor-widget-text-editor\" data-id=\"ad36f8a\" data-element_type=\"widget\" data-widget_type=\"text-editor.default\">\n\t\t\t\t<div class=\"elementor-widget-container\">\n\t\t\t\t\t\t\t<p><span style=\"font-weight: 400;\">El espacio <strong>epidural<\/strong> no es un \u201cvac\u00edo\u201d anat\u00f3mico. Es un entorno con tejido conectivo, microvasculatura, c\u00e9lulas inmunes y terminaciones nerviosas.<strong> En patolog\u00eda discal con irritaci\u00f3n radicular<\/strong>, se generan cambios en este microambiente que pueden perpetuar la inflamaci\u00f3n local y la nocicepci\u00f3n.<\/span><\/p><p><span style=\"font-weight: 400;\">Por eso surge el inter\u00e9s por terapias que act\u00faen precisamente all\u00ed, sobre el entorno perineural: no para \u201cregenerar el disco\u201d desde la epidural, sino para <strong>modular el escenario inflamatorio que mantiene s\u00edntomas.<\/strong><\/span><\/p>\t\t\t\t\t\t<\/div>\n\t\t\t\t<\/div>\n\t\t\t\t<div class=\"elementor-element elementor-element-5cfd406 elementor-widget elementor-widget-heading\" data-id=\"5cfd406\" data-element_type=\"widget\" data-widget_type=\"heading.default\">\n\t\t\t\t<div class=\"elementor-widget-container\">\n\t\t\t<h2 class=\"elementor-heading-title elementor-size-default\">Racional biol\u00f3gico del PRP epidural en patolog\u00eda discal lumbar: qu\u00e9 intenta modular realmente<\/h2>\t\t<\/div>\n\t\t\t\t<\/div>\n\t\t\t\t<div class=\"elementor-element elementor-element-9b7de0b elementor-widget elementor-widget-text-editor\" data-id=\"9b7de0b\" data-element_type=\"widget\" data-widget_type=\"text-editor.default\">\n\t\t\t\t<div class=\"elementor-widget-container\">\n\t\t\t\t\t\t\t<p><span style=\"font-weight: 400;\">El <\/span><b>PRP epidural en patolog\u00eda discal lumbar<\/b><span style=\"font-weight: 400;\"> se plantea como intervenci\u00f3n biol\u00f3gica dirigida al microambiente perirradicular. La hip\u00f3tesis cl\u00ednica \u2014todav\u00eda en consolidaci\u00f3n\u2014 es que el PRP puede contribuir a:<\/span><\/p><ul><li style=\"font-weight: 400;\" aria-level=\"1\"><span style=\"font-weight: 400;\">Disminuir la carga de mediadores proinflamatorios locales.<\/span><\/li><li style=\"font-weight: 400;\" aria-level=\"1\"><span style=\"font-weight: 400;\">Favorecer un entorno m\u00e1s compatible con recuperaci\u00f3n funcional.<\/span><\/li><li style=\"font-weight: 400;\" aria-level=\"1\"><span style=\"font-weight: 400;\">Reducir el \u201cruido inflamatorio\u201d que sostiene la sensibilizaci\u00f3n.<\/span><\/li><\/ul><p><span style=\"font-weight: 400;\"><strong>El PRP aporta<\/strong> un conjunto de factores de crecimiento y mediadores (PDGF, TGF-\u03b2, IGF-1, VEGF, entre otros) que en otros tejidos han mostrado <strong>capacidad de modular inflamaci\u00f3n y favorecer reparaci\u00f3n<\/strong>. En el contexto epidural, el inter\u00e9s est\u00e1 en su efecto sobre el entorno perineural m\u00e1s que en un objetivo estructural discal.<\/span><\/p><p><span style=\"font-weight: 400;\">En pr\u00e1ctica, muchos equipos que trabajan terapias regenerativas articulan su flujo con soluciones como <\/span><a href=\"https:\/\/bio-teach.com\/kitsprp\/\"><b>kits de PRP<\/b><\/a><span style=\"font-weight: 400;\"> (para consistencia operativa en cl\u00ednica).<\/span><\/p>\t\t\t\t\t\t<\/div>\n\t\t\t\t<\/div>\n\t\t\t\t<div class=\"elementor-element elementor-element-1568e07 elementor-widget elementor-widget-heading\" data-id=\"1568e07\" data-element_type=\"widget\" data-widget_type=\"heading.default\">\n\t\t\t\t<div class=\"elementor-widget-container\">\n\t\t\t<h3 class=\"elementor-heading-title elementor-size-default\">Modulaci\u00f3n inflamatoria: de \u201cbloquear\u201d a \u201cregular\u201d (diferencia conceptual frente al corticoide)\n\n<\/h3>\t\t<\/div>\n\t\t\t\t<\/div>\n\t\t\t\t<div class=\"elementor-element elementor-element-98ad492 elementor-widget elementor-widget-text-editor\" data-id=\"98ad492\" data-element_type=\"widget\" data-widget_type=\"text-editor.default\">\n\t\t\t\t<div class=\"elementor-widget-container\">\n\t\t\t\t\t\t\t<p><span style=\"font-weight: 400;\">El <strong>corticoide epidural suele producir alivio r\u00e1pido<\/strong> por supresi\u00f3n potente de la inflamaci\u00f3n. <strong>El PRP propone algo distinto<\/strong>: una modulaci\u00f3n menos abrupta y potencialmente m\u00e1s sostenida del microambiente. La discusi\u00f3n actual no es \u201cPRP vs corticoide\u201d como rivales absolutos, sino qu\u00e9 fenotipos podr\u00edan beneficiarse de un enfoque biol\u00f3gico cuando la recurrencia tras corticoide es frecuente o cuando se busca reducir exposici\u00f3n repetida.<\/span><\/p><p><span style=\"font-weight: 400;\">Esta distinci\u00f3n conceptual importa porque define expectativas: <strong>el PRP epidural<\/strong> no se posiciona como \u201canalg\u00e9sico inmediato\u201d, sino como e<strong>strategia orientada a modificar condiciones locales que sostienen el dolor.<\/strong><\/span><\/p>\t\t\t\t\t\t<\/div>\n\t\t\t\t<\/div>\n\t\t\t\t<div class=\"elementor-element elementor-element-5af8188 elementor-widget elementor-widget-heading\" data-id=\"5af8188\" data-element_type=\"widget\" data-widget_type=\"heading.default\">\n\t\t\t\t<div class=\"elementor-widget-container\">\n\t\t\t<h3 class=\"elementor-heading-title elementor-size-default\">Hip\u00f3tesis de efecto perineural: entorno, edema, sensibilizaci\u00f3n<\/h3>\t\t<\/div>\n\t\t\t\t<\/div>\n\t\t\t\t<div class=\"elementor-element elementor-element-491a193 elementor-widget elementor-widget-text-editor\" data-id=\"491a193\" data-element_type=\"widget\" data-widget_type=\"text-editor.default\">\n\t\t\t\t<div class=\"elementor-widget-container\">\n\t\t\t\t\t\t\t<p><span style=\"font-weight: 400;\">En <strong>radiculopat\u00eda inflamatoria<\/strong>, el objetivo cl\u00ednico razonable ser\u00eda disminuir el edema funcional y la hiperexcitabilidad perineural. La idea es que, si el microambiente se vuelve menos inflamatorio, la ra\u00edz nerviosa puede recuperar tolerancia a carga y movilidad, <strong>reduciendo la espiral dolor-protecci\u00f3n-discapacidad.<\/strong><\/span><\/p><p><span style=\"font-weight: 400;\">Esto no implica prometer regeneraci\u00f3n neural; implica discutir plausibilidad biol\u00f3gica y resultados preliminares sin sobredimensionarlos.<\/span><\/p>\t\t\t\t\t\t<\/div>\n\t\t\t\t<\/div>\n\t\t\t\t<div class=\"elementor-element elementor-element-8ec6945 elementor-widget elementor-widget-heading\" data-id=\"8ec6945\" data-element_type=\"widget\" data-widget_type=\"heading.default\">\n\t\t\t\t<div class=\"elementor-widget-container\">\n\t\t\t<h3 class=\"elementor-heading-title elementor-size-default\">Reproducibilidad del concentrado: consistencia cl\u00ednica y trazabilidad de pr\u00e1ctica\n<\/h3>\t\t<\/div>\n\t\t\t\t<\/div>\n\t\t\t\t<div class=\"elementor-element elementor-element-9c13534 elementor-widget elementor-widget-text-editor\" data-id=\"9c13534\" data-element_type=\"widget\" data-widget_type=\"text-editor.default\">\n\t\t\t\t<div class=\"elementor-widget-container\">\n\t\t\t\t\t\t\t<p><span style=\"font-weight: 400;\">En terapias biol\u00f3gicas, la variabilidad del producto final es un factor real. No lo digo para \u201cense\u00f1ar PRP\u201d, sino porque en investigaci\u00f3n y pr\u00e1ctica avanzada se discute la comparabilidad entre series cl\u00ednicas. En entornos donde se busca consistencia operativa, se tiende a utilizar <\/span><a href=\"https:\/\/bio-teach.com\/kitsprp\/tubos-para-prp\/\"><b>tubos para PRP<\/b><\/a><span style=\"font-weight: 400;\"> y sistemas de separaci\u00f3n que sostengan un flujo estable.<\/span><\/p><p><span style=\"font-weight: 400;\">Y, cuando la cl\u00ednica integra el procedimiento de forma sistem\u00e1tica, se apoya en equipamiento espec\u00edfico como <\/span><b><a href=\"https:\/\/bio-teach.com\/kitsprp\/centrifuja-prp\/\">centr\u00edfuga PRP<\/a>.<\/b><\/p>\t\t\t\t\t\t<\/div>\n\t\t\t\t<\/div>\n\t\t\t\t<div class=\"elementor-element elementor-element-0d55018 elementor-widget elementor-widget-heading\" data-id=\"0d55018\" data-element_type=\"widget\" data-widget_type=\"heading.default\">\n\t\t\t\t<div class=\"elementor-widget-container\">\n\t\t\t<h2 class=\"elementor-heading-title elementor-size-default\">Evidencia cl\u00ednica preliminar: qu\u00e9 muestran los estudios y qu\u00e9 l\u00edmites hay que respetar<\/h2>\t\t<\/div>\n\t\t\t\t<\/div>\n\t\t\t\t<div class=\"elementor-element elementor-element-46dce8e elementor-widget elementor-widget-text-editor\" data-id=\"46dce8e\" data-element_type=\"widget\" data-widget_type=\"text-editor.default\">\n\t\t\t\t<div class=\"elementor-widget-container\">\n\t\t\t\t\t\t\t<p><span style=\"font-weight: 400;\">La evidencia cl\u00ednica sobre <\/span><b>PRP epidural en patolog\u00eda discal lumbar<\/b><span style=\"font-weight: 400;\"> se considera <\/span><b>preliminar<\/b><span style=\"font-weight: 400;\"> por tama\u00f1o muestral y heterogeneidad metodol\u00f3gica. Aun as\u00ed, hay se\u00f1ales cl\u00ednicas repetidas que justifican el inter\u00e9s:<\/span><\/p><ul><li style=\"font-weight: 400;\" aria-level=\"1\"><span style=\"font-weight: 400;\">Reducci\u00f3n del dolor radicular (EVA u otras escalas).<\/span><\/li><li style=\"font-weight: 400;\" aria-level=\"1\"><span style=\"font-weight: 400;\">Mejoras funcionales (ODI u otras m\u00e9tricas).<\/span><\/li><li style=\"font-weight: 400;\" aria-level=\"1\"><span style=\"font-weight: 400;\">En algunos trabajos, mantenimiento del efecto m\u00e1s all\u00e1 de la ventana t\u00edpica de alivio con corticoides.<\/span><\/li><\/ul><p><span style=\"font-weight: 400;\">La lectura profesional en 2026 no es \u201cya est\u00e1 demostrado\u201d, sino: \u201chay una se\u00f1al, y merece ser explorada con mejores dise\u00f1os\u201d.<\/span><\/p>\t\t\t\t\t\t<\/div>\n\t\t\t\t<\/div>\n\t\t\t\t<div class=\"elementor-element elementor-element-4d3ef01 elementor-widget elementor-widget-heading\" data-id=\"4d3ef01\" data-element_type=\"widget\" data-widget_type=\"heading.default\">\n\t\t\t\t<div class=\"elementor-widget-container\">\n\t\t\t<h3 class=\"elementor-heading-title elementor-size-medium\">Magnitud del efecto: dolor, funci\u00f3n y retorno a actividad\n\n<\/h3>\t\t<\/div>\n\t\t\t\t<\/div>\n\t\t\t\t<div class=\"elementor-element elementor-element-b417944 elementor-widget elementor-widget-text-editor\" data-id=\"b417944\" data-element_type=\"widget\" data-widget_type=\"text-editor.default\">\n\t\t\t\t<div class=\"elementor-widget-container\">\n\t\t\t\t\t\t\t<p><span style=\"font-weight: 400;\">El punto m\u00e1s relevante para un m\u00e9dico intervencionista es si el paciente recupera la funci\u00f3n. En series preliminares, la reducci\u00f3n del dolor suele correlacionarse con incremento de tolerancia a carga, rehabilitaci\u00f3n y retorno progresivo a actividad. Para el cl\u00ednico, esto es clave: cuando el dolor baja, el paciente puede reinsertarse en estrategias de ejercicio terap\u00e9utico, que son determinantes para el pron\u00f3stico.<\/span><\/p>\t\t\t\t\t\t<\/div>\n\t\t\t\t<\/div>\n\t\t\t\t<div class=\"elementor-element elementor-element-56020ca elementor-widget elementor-widget-heading\" data-id=\"56020ca\" data-element_type=\"widget\" data-widget_type=\"heading.default\">\n\t\t\t\t<div class=\"elementor-widget-container\">\n\t\t\t<h3 class=\"elementor-heading-title elementor-size-medium\">Duraci\u00f3n del beneficio: por qu\u00e9 es una variable cr\u00edtica en discopat\u00eda\n<\/h3>\t\t<\/div>\n\t\t\t\t<\/div>\n\t\t\t\t<div class=\"elementor-element elementor-element-98f2c0b elementor-widget elementor-widget-text-editor\" data-id=\"98f2c0b\" data-element_type=\"widget\" data-widget_type=\"text-editor.default\">\n\t\t\t\t<div class=\"elementor-widget-container\">\n\t\t\t\t\t\t\t<p><span style=\"font-weight: 400;\">En patolog\u00eda discal lumbar, la recurrencia es el principal problema. Los corticoides pueden funcionar bien, pero en ciertos pacientes el efecto se desvanece y el ciclo se repite. Por eso, uno de los atractivos del PRP epidural es la posibilidad de un efecto m\u00e1s prolongado en subgrupos. No es una promesa universal, pero es una hip\u00f3tesis de valor cl\u00ednico.<\/span><\/p>\t\t\t\t\t\t<\/div>\n\t\t\t\t<\/div>\n\t\t\t\t<div class=\"elementor-element elementor-element-be9d4bd elementor-widget elementor-widget-heading\" data-id=\"be9d4bd\" data-element_type=\"widget\" data-widget_type=\"heading.default\">\n\t\t\t\t<div class=\"elementor-widget-container\">\n\t\t\t<h3 class=\"elementor-heading-title elementor-size-medium\">Seguridad observada: qu\u00e9 se reporta en pr\u00e1ctica preliminar\n<\/h3>\t\t<\/div>\n\t\t\t\t<\/div>\n\t\t\t\t<div class=\"elementor-element elementor-element-7be29ef elementor-widget elementor-widget-text-editor\" data-id=\"7be29ef\" data-element_type=\"widget\" data-widget_type=\"text-editor.default\">\n\t\t\t\t<div class=\"elementor-widget-container\">\n\t\t\t\t\t\t\t<p><span style=\"font-weight: 400;\">En el conjunto de estudios iniciales, el perfil de seguridad reportado suele ser comparable al de <strong>t\u00e9cnicas epidurales est\u00e1ndar,<\/strong> cuando se ejecuta en entornos adecuados. A nivel pr\u00e1ctico, esto significa que el inter\u00e9s no se frena por se\u00f1ales de riesgo alarmantes, sino por la necesidad de consolidar evidencia y definir mejor qu\u00e9 pacientes se benefician.<\/span><\/p>\t\t\t\t\t\t<\/div>\n\t\t\t\t<\/div>\n\t\t\t\t<div class=\"elementor-element elementor-element-becd56a elementor-widget elementor-widget-heading\" data-id=\"becd56a\" data-element_type=\"widget\" data-widget_type=\"heading.default\">\n\t\t\t\t<div class=\"elementor-widget-container\">\n\t\t\t<h2 class=\"elementor-heading-title elementor-size-default\">Comparaci\u00f3n cl\u00ednica con corticoides epidurales: d\u00f3nde cambia la discusi\u00f3n<\/h2>\t\t<\/div>\n\t\t\t\t<\/div>\n\t\t\t\t<div class=\"elementor-element elementor-element-9a3b480 elementor-widget elementor-widget-text-editor\" data-id=\"9a3b480\" data-element_type=\"widget\" data-widget_type=\"text-editor.default\">\n\t\t\t\t<div class=\"elementor-widget-container\">\n\t\t\t\t\t\t\t<p><span style=\"font-weight: 400;\"><strong>El corticoide epidura<\/strong>l sigue siendo una herramienta principal por su rapidez de respuesta. La comparaci\u00f3n con PRP no deber\u00eda formularse como \u201cuno reemplaza al otro\u201d sino como un mapa de indicaciones posibles.<\/span><\/p>\t\t\t\t\t\t<\/div>\n\t\t\t\t<\/div>\n\t\t\t\t<div class=\"elementor-element elementor-element-ff9285d elementor-widget elementor-widget-heading\" data-id=\"ff9285d\" data-element_type=\"widget\" data-widget_type=\"heading.default\">\n\t\t\t\t<div class=\"elementor-widget-container\">\n\t\t\t<h3 class=\"elementor-heading-title elementor-size-medium\">Corticoides epidurales: cu\u00e1ndo suelen funcionar mejor\n\n<\/h3>\t\t<\/div>\n\t\t\t\t<\/div>\n\t\t\t\t<div class=\"elementor-element elementor-element-be67e6b elementor-widget elementor-widget-text-editor\" data-id=\"be67e6b\" data-element_type=\"widget\" data-widget_type=\"text-editor.default\">\n\t\t\t\t<div class=\"elementor-widget-container\">\n\t\t\t\t\t\t\t<p><span style=\"font-weight: 400;\">En inflamaci\u00f3n aguda o subaguda, con <strong>dolor radicular intenso y objetivo de desescalar s\u00edntomas r\u00e1pidamente<\/strong>, el corticoide conserva utilidad. Tambi\u00e9n puede ser funcional como \u201cventana terap\u00e9utica\u201d para <strong>iniciar rehabilitaci\u00f3n.<\/strong><\/span><\/p>\t\t\t\t\t\t<\/div>\n\t\t\t\t<\/div>\n\t\t\t\t<div class=\"elementor-element elementor-element-6921b24 elementor-widget elementor-widget-heading\" data-id=\"6921b24\" data-element_type=\"widget\" data-widget_type=\"heading.default\">\n\t\t\t\t<div class=\"elementor-widget-container\">\n\t\t\t<h3 class=\"elementor-heading-title elementor-size-medium\">PRP epidural: escenarios donde se eval\u00faa como alternativa biol\u00f3gica\n<\/h3>\t\t<\/div>\n\t\t\t\t<\/div>\n\t\t\t\t<div class=\"elementor-element elementor-element-198ff54 elementor-widget elementor-widget-text-editor\" data-id=\"198ff54\" data-element_type=\"widget\" data-widget_type=\"text-editor.default\">\n\t\t\t\t<div class=\"elementor-widget-container\">\n\t\t\t\t\t\t\t<p><span style=\"font-weight: 400;\">En pacientes con recurrencias frecuentes, respuesta parcial a corticoide o necesidad de estrategias con enfoque biol\u00f3gico, el PRP epidural se plantea como opci\u00f3n a considerar. La clave est\u00e1 en el fenotipo: no todos los cuadros discales son iguales, y no todos los pacientes tienen el mismo patr\u00f3n inflamatorio, funcional y de respuesta.<\/span><\/p>\t\t\t\t\t\t<\/div>\n\t\t\t\t<\/div>\n\t\t\t\t<div class=\"elementor-element elementor-element-ab7fa41 elementor-widget elementor-widget-heading\" data-id=\"ab7fa41\" data-element_type=\"widget\" data-widget_type=\"heading.default\">\n\t\t\t\t<div class=\"elementor-widget-container\">\n\t\t\t<h2 class=\"elementor-heading-title elementor-size-default\">PRP epidural vs PRP intradiscal: objetivos distintos, pacientes distintos<\/h2>\t\t<\/div>\n\t\t\t\t<\/div>\n\t\t\t\t<div class=\"elementor-element elementor-element-d7b3f17 elementor-widget elementor-widget-text-editor\" data-id=\"d7b3f17\" data-element_type=\"widget\" data-widget_type=\"text-editor.default\">\n\t\t\t\t<div class=\"elementor-widget-container\">\n\t\t\t\t\t\t\t<p><span style=\"font-weight: 400;\">Una confusi\u00f3n frecuente es asumir que<strong> ambas t\u00e9cnicas<\/strong> persiguen lo mismo pero sucede lo contrario:<\/span><\/p>\t\t\t\t\t\t<\/div>\n\t\t\t\t<\/div>\n\t\t\t\t<div class=\"elementor-element elementor-element-cb7369b elementor-widget elementor-widget-heading\" data-id=\"cb7369b\" data-element_type=\"widget\" data-widget_type=\"heading.default\">\n\t\t\t\t<div class=\"elementor-widget-container\">\n\t\t\t<h3 class=\"elementor-heading-title elementor-size-medium\">PRP intradiscal: intervenci\u00f3n sobre degeneraci\u00f3n estructural\n<\/h3>\t\t<\/div>\n\t\t\t\t<\/div>\n\t\t\t\t<div class=\"elementor-element elementor-element-a3345d4 elementor-widget elementor-widget-text-editor\" data-id=\"a3345d4\" data-element_type=\"widget\" data-widget_type=\"text-editor.default\">\n\t\t\t\t<div class=\"elementor-widget-container\">\n\t\t\t\t\t\t\t<p><span style=\"font-weight: 400;\"><strong>El PRP intradiscal<\/strong> apunta al disco como diana: su matriz, su degeneraci\u00f3n y su estructura. Est\u00e1 m\u00e1s vinculado al<strong> dolor axial discog\u00e9nico<\/strong> (aunque puede coexistir radiculopat\u00eda).<\/span><\/p>\t\t\t\t\t\t<\/div>\n\t\t\t\t<\/div>\n\t\t\t\t<div class=\"elementor-element elementor-element-9f329af elementor-widget elementor-widget-heading\" data-id=\"9f329af\" data-element_type=\"widget\" data-widget_type=\"heading.default\">\n\t\t\t\t<div class=\"elementor-widget-container\">\n\t\t\t<h3 class=\"elementor-heading-title elementor-size-medium\">PRP epidural en patolog\u00eda discal lumbar: intervenci\u00f3n sobre entorno perirradicular<\/h3>\t\t<\/div>\n\t\t\t\t<\/div>\n\t\t\t\t<div class=\"elementor-element elementor-element-9bfb260 elementor-widget elementor-widget-text-editor\" data-id=\"9bfb260\" data-element_type=\"widget\" data-widget_type=\"text-editor.default\">\n\t\t\t\t<div class=\"elementor-widget-container\">\n\t\t\t\t\t\t\t<p><span style=\"font-weight: 400;\">La <strong>epidural busca modular<\/strong> el entorno inflamatorio que rodea la ra\u00edz. <strong>En radiculopat\u00eda<\/strong>, este enfoque tiene l\u00f3gica cl\u00ednica aun cuando la degeneraci\u00f3n discal no sea \u201ccorregible\u201d biol\u00f3gicamente con una intervenci\u00f3n sola.<\/span><\/p>\t\t\t\t\t\t<\/div>\n\t\t\t\t<\/div>\n\t\t\t\t<div class=\"elementor-element elementor-element-c80117b elementor-widget elementor-widget-heading\" data-id=\"c80117b\" data-element_type=\"widget\" data-widget_type=\"heading.default\">\n\t\t\t\t<div class=\"elementor-widget-container\">\n\t\t\t<h2 class=\"elementor-heading-title elementor-size-default\">Integraci\u00f3n en pr\u00e1ctica cl\u00ednica: selecci\u00f3n, expectativas y encaje terap\u00e9utico<\/h2>\t\t<\/div>\n\t\t\t\t<\/div>\n\t\t\t\t<div class=\"elementor-element elementor-element-3b5e6ed elementor-widget elementor-widget-text-editor\" data-id=\"3b5e6ed\" data-element_type=\"widget\" data-widget_type=\"text-editor.default\">\n\t\t\t\t<div class=\"elementor-widget-container\">\n\t\t\t\t\t\t\t<p><span style=\"font-weight: 400;\">La adopci\u00f3n del <\/span><b>PRP epidural en patolog\u00eda discal lumbar<\/b><span style=\"font-weight: 400;\"> en 2026 depende de dos factores: selecci\u00f3n de paciente y expectativas realistas. No es un procedimiento para \u201ctodo dolor lumbar\u201d. Es un recurso dentro de un plan.<\/span><\/p>\t\t\t\t\t\t<\/div>\n\t\t\t\t<\/div>\n\t\t\t\t<div class=\"elementor-element elementor-element-d47941f elementor-widget elementor-widget-heading\" data-id=\"d47941f\" data-element_type=\"widget\" data-widget_type=\"heading.default\">\n\t\t\t\t<div class=\"elementor-widget-container\">\n\t\t\t<h3 class=\"elementor-heading-title elementor-size-medium\">Selecci\u00f3n cl\u00ednica razonable: cu\u00e1ndo tiene m\u00e1s sentido discutirlo\n\n\n<\/h3>\t\t<\/div>\n\t\t\t\t<\/div>\n\t\t\t\t<div class=\"elementor-element elementor-element-6b08fca elementor-widget elementor-widget-text-editor\" data-id=\"6b08fca\" data-element_type=\"widget\" data-widget_type=\"text-editor.default\">\n\t\t\t\t<div class=\"elementor-widget-container\">\n\t\t\t\t\t\t\t<p><span style=\"font-weight: 400;\">En t\u00e9rminos pr\u00e1cticos, se eval\u00faa m\u00e1s en cuadros con radiculopat\u00eda persistente, componente inflamatorio significativo y limitaci\u00f3n funcional, especialmente cuando el paciente ya transit\u00f3 conservador y la discusi\u00f3n pasa por alternativas intervencionistas antes de escalar (o cuando se busca evitar recurrencias de corticoide).<\/span><\/p>\t\t\t\t\t\t<\/div>\n\t\t\t\t<\/div>\n\t\t\t\t<div class=\"elementor-element elementor-element-c23c7c0 elementor-widget elementor-widget-heading\" data-id=\"c23c7c0\" data-element_type=\"widget\" data-widget_type=\"heading.default\">\n\t\t\t\t<div class=\"elementor-widget-container\">\n\t\t\t<h3 class=\"elementor-heading-title elementor-size-medium\">Encaje con rehabilitaci\u00f3n: por qu\u00e9 la mejor\u00eda debe capitalizarse\n\n<\/h3>\t\t<\/div>\n\t\t\t\t<\/div>\n\t\t\t\t<div class=\"elementor-element elementor-element-f537620 elementor-widget elementor-widget-text-editor\" data-id=\"f537620\" data-element_type=\"widget\" data-widget_type=\"text-editor.default\">\n\t\t\t\t<div class=\"elementor-widget-container\">\n\t\t\t\t\t\t\t<p><span style=\"font-weight: 400;\">La mejora del dolor no es el fin: es la condici\u00f3n para reeducaci\u00f3n de movimiento, fortalecimiento, control motor y exposici\u00f3n progresiva a carga. Si no se integra con rehabilitaci\u00f3n, el beneficio tiende a diluirse. En pr\u00e1ctica, el valor est\u00e1 en habilitar funci\u00f3n.<\/span><\/p>\t\t\t\t\t\t<\/div>\n\t\t\t\t<\/div>\n\t\t\t\t<div class=\"elementor-element elementor-element-a3d1b8b elementor-widget elementor-widget-heading\" data-id=\"a3d1b8b\" data-element_type=\"widget\" data-widget_type=\"heading.default\">\n\t\t\t\t<div class=\"elementor-widget-container\">\n\t\t\t<h3 class=\"elementor-heading-title elementor-size-medium\">Operativa cl\u00ednica y disponibilidad de material\n<\/h3>\t\t<\/div>\n\t\t\t\t<\/div>\n\t\t\t\t<div class=\"elementor-element elementor-element-7ff5581 elementor-widget elementor-widget-text-editor\" data-id=\"7ff5581\" data-element_type=\"widget\" data-widget_type=\"text-editor.default\">\n\t\t\t\t<div class=\"elementor-widget-container\">\n\t\t\t\t\t\t\t<p><span style=\"font-weight: 400;\">En centros que trabajan con terapias regenerativas, suele haber una l\u00f3gica de estandarizaci\u00f3n del flujo de trabajo con <\/span><b>kits de PRP.<\/b><span style=\"font-weight: 400;\"><br \/><\/span><\/p>\t\t\t\t\t\t<\/div>\n\t\t\t\t<\/div>\n\t\t\t\t<div class=\"elementor-element elementor-element-e11b9d7 elementor-widget elementor-widget-heading\" data-id=\"e11b9d7\" data-element_type=\"widget\" data-widget_type=\"heading.default\">\n\t\t\t\t<div class=\"elementor-widget-container\">\n\t\t\t<h2 class=\"elementor-heading-title elementor-size-default\">Preguntas frecuentes sobre PRP epidural en patolog\u00eda discal lumbar\n<\/h2>\t\t<\/div>\n\t\t\t\t<\/div>\n\t\t\t\t<div class=\"elementor-element elementor-element-d690c96 elementor-widget elementor-widget-text-editor\" data-id=\"d690c96\" data-element_type=\"widget\" data-widget_type=\"text-editor.default\">\n\t\t\t\t<div class=\"elementor-widget-container\">\n\t\t\t\t\t\t\t\t\t\t\t\t\t<\/div>\n\t\t\t\t<\/div>\n\t\t\t\t<div class=\"elementor-element elementor-element-1a04e24 elementor-widget elementor-widget-accordion\" data-id=\"1a04e24\" data-element_type=\"widget\" data-widget_type=\"accordion.default\">\n\t\t\t\t<div class=\"elementor-widget-container\">\n\t\t\t\t\t<div class=\"elementor-accordion\" role=\"tablist\">\n\t\t\t\t\t\t\t<div class=\"elementor-accordion-item\">\n\t\t\t\t\t<div id=\"elementor-tab-title-2721\" class=\"elementor-tab-title\" data-tab=\"1\" role=\"tab\" aria-controls=\"elementor-tab-content-2721\" aria-expanded=\"false\">\n\t\t\t\t\t\t\t\t\t\t\t\t\t<span class=\"elementor-accordion-icon elementor-accordion-icon-left\" aria-hidden=\"true\">\n\t\t\t\t\t\t\t\t\t\t\t\t\t\t\t<span class=\"elementor-accordion-icon-closed\"><i class=\"fas fa-plus\"><\/i><\/span>\n\t\t\t\t\t\t\t\t<span class=\"elementor-accordion-icon-opened\"><i class=\"fas fa-minus\"><\/i><\/span>\n\t\t\t\t\t\t\t\t\t\t\t\t\t\t<\/span>\n\t\t\t\t\t\t\t\t\t\t\t\t<a class=\"elementor-accordion-title\" href=\"\">\u00bfQu\u00e9 perfil de paciente puede beneficiarse m\u00e1s del PRP epidural en patolog\u00eda discal lumbar?<\/a>\n\t\t\t\t\t<\/div>\n\t\t\t\t\t<div id=\"elementor-tab-content-2721\" class=\"elementor-tab-content elementor-clearfix\" data-tab=\"1\" role=\"tabpanel\" aria-labelledby=\"elementor-tab-title-2721\"><p><span style=\"font-weight: 400;\">En la pr\u00e1ctica, el mayor inter\u00e9s se centra en pacientes con <\/span><b>radiculopat\u00eda lumbar<\/b><span style=\"font-weight: 400;\"> donde el componente <\/span><b>inflamatorio perirradicular<\/b><span style=\"font-weight: 400;\"> parece sostener el dolor: cl\u00ednica radicular persistente, irritaci\u00f3n neural, limitaci\u00f3n funcional y respuesta insuficiente o transitoria a abordajes convencionales. No se plantea como soluci\u00f3n universal, sino como <strong>opci\u00f3n a discutir en subgrupos donde \u201clo qu\u00edmico\u201d pesa tanto como lo mec\u00e1nico.<\/strong><\/span><\/p><\/div>\n\t\t\t\t<\/div>\n\t\t\t\t\t\t\t<div class=\"elementor-accordion-item\">\n\t\t\t\t\t<div id=\"elementor-tab-title-2722\" class=\"elementor-tab-title\" data-tab=\"2\" role=\"tab\" aria-controls=\"elementor-tab-content-2722\" aria-expanded=\"false\">\n\t\t\t\t\t\t\t\t\t\t\t\t\t<span class=\"elementor-accordion-icon elementor-accordion-icon-left\" aria-hidden=\"true\">\n\t\t\t\t\t\t\t\t\t\t\t\t\t\t\t<span class=\"elementor-accordion-icon-closed\"><i class=\"fas fa-plus\"><\/i><\/span>\n\t\t\t\t\t\t\t\t<span class=\"elementor-accordion-icon-opened\"><i class=\"fas fa-minus\"><\/i><\/span>\n\t\t\t\t\t\t\t\t\t\t\t\t\t\t<\/span>\n\t\t\t\t\t\t\t\t\t\t\t\t<a class=\"elementor-accordion-title\" href=\"\">\u00bfQu\u00e9 se busca cl\u00ednicamente con el PRP epidural: analgesia inmediata o efecto sostenido?<\/a>\n\t\t\t\t\t<\/div>\n\t\t\t\t\t<div id=\"elementor-tab-content-2722\" class=\"elementor-tab-content elementor-clearfix\" data-tab=\"2\" role=\"tabpanel\" aria-labelledby=\"elementor-tab-title-2722\"><p><span style=\"font-weight: 400;\">El objetivo m\u00e1s coherente con el racional biol\u00f3gico no es la analgesia inmediata tipo \u201capagado\u201d (como puede ocurrir con corticoide), sino una <\/span><b>modulaci\u00f3n del microambiente<\/b><span style=\"font-weight: 400;\"> que permita una reducci\u00f3n progresiva del dolor y una mejora funcional sostenida. En estudios preliminares, parte del atractivo es la posibilidad de <strong>mantener beneficios<\/strong> m\u00e1s all\u00e1 de las ventanas habituales de alivio de las infiltraciones convencionales, aunque esto requiere m\u00e1s evidencia.<\/span><\/p><\/div>\n\t\t\t\t<\/div>\n\t\t\t\t\t\t\t<div class=\"elementor-accordion-item\">\n\t\t\t\t\t<div id=\"elementor-tab-title-2723\" class=\"elementor-tab-title\" data-tab=\"3\" role=\"tab\" aria-controls=\"elementor-tab-content-2723\" aria-expanded=\"false\">\n\t\t\t\t\t\t\t\t\t\t\t\t\t<span class=\"elementor-accordion-icon elementor-accordion-icon-left\" aria-hidden=\"true\">\n\t\t\t\t\t\t\t\t\t\t\t\t\t\t\t<span class=\"elementor-accordion-icon-closed\"><i class=\"fas fa-plus\"><\/i><\/span>\n\t\t\t\t\t\t\t\t<span class=\"elementor-accordion-icon-opened\"><i class=\"fas fa-minus\"><\/i><\/span>\n\t\t\t\t\t\t\t\t\t\t\t\t\t\t<\/span>\n\t\t\t\t\t\t\t\t\t\t\t\t<a class=\"elementor-accordion-title\" href=\"\">\u00bfEn qu\u00e9 se diferencia realmente de una infiltraci\u00f3n epidural con corticoides?<\/a>\n\t\t\t\t\t<\/div>\n\t\t\t\t\t<div id=\"elementor-tab-content-2723\" class=\"elementor-tab-content elementor-clearfix\" data-tab=\"3\" role=\"tabpanel\" aria-labelledby=\"elementor-tab-title-2723\"><p><span style=\"font-weight: 400;\"><strong>El corticoide<\/strong> es una supresi\u00f3n potente de inflamaci\u00f3n con foco en el s\u00edntoma y efecto muchas veces transitorio. <strong>El PRP epidural<\/strong> se investiga como intervenci\u00f3n biol\u00f3gica que podr\u00eda <strong>regular la inflamaci\u00f3n y favorecer<\/strong> un entorno menos nociceptivo. En t\u00e9rminos cl\u00ednicos, la discusi\u00f3n no es \u201ccu\u00e1l es mejor\u201d en abstracto, sino <\/span><b>qu\u00e9 paciente<\/b><span style=\"font-weight: 400;\"> y <\/span><b>qu\u00e9 objetivo terap\u00e9utico<\/b><span style=\"font-weight: 400;\">: desescalar r\u00e1pido vs buscar modulaci\u00f3n m\u00e1s sostenida, siempre dentro de un plan integral.<\/span><\/p><\/div>\n\t\t\t\t<\/div>\n\t\t\t\t\t\t\t<div class=\"elementor-accordion-item\">\n\t\t\t\t\t<div id=\"elementor-tab-title-2724\" class=\"elementor-tab-title\" data-tab=\"4\" role=\"tab\" aria-controls=\"elementor-tab-content-2724\" aria-expanded=\"false\">\n\t\t\t\t\t\t\t\t\t\t\t\t\t<span class=\"elementor-accordion-icon elementor-accordion-icon-left\" aria-hidden=\"true\">\n\t\t\t\t\t\t\t\t\t\t\t\t\t\t\t<span class=\"elementor-accordion-icon-closed\"><i class=\"fas fa-plus\"><\/i><\/span>\n\t\t\t\t\t\t\t\t<span class=\"elementor-accordion-icon-opened\"><i class=\"fas fa-minus\"><\/i><\/span>\n\t\t\t\t\t\t\t\t\t\t\t\t\t\t<\/span>\n\t\t\t\t\t\t\t\t\t\t\t\t<a class=\"elementor-accordion-title\" href=\"\">\u00bfQu\u00e9 resultados preliminares se est\u00e1n observando en dolor y funci\u00f3n?<\/a>\n\t\t\t\t\t<\/div>\n\t\t\t\t\t<div id=\"elementor-tab-content-2724\" class=\"elementor-tab-content elementor-clearfix\" data-tab=\"4\" role=\"tabpanel\" aria-labelledby=\"elementor-tab-title-2724\"><p><span style=\"font-weight: 400;\">En series preliminares y ensayos iniciales, se reportan<strong> mejoras en dolor<\/strong> (EVA u otras escalas) y en funcionalidad (ODI). Lo importante para el cl\u00ednico no es solo el n\u00famero, sino el impacto: mejor tolerancia a carga, mejor marcha, mejor sue\u00f1o y posibilidad de reiniciar rehabilitaci\u00f3n. El mensaje serio en 2026 es: hay se\u00f1ales consistentes, pero a\u00fan no un cuerpo de evidencia definitivo como para estandarizar indicaci\u00f3n sin selecci\u00f3n.<\/span><\/p><\/div>\n\t\t\t\t<\/div>\n\t\t\t\t\t\t\t<div class=\"elementor-accordion-item\">\n\t\t\t\t\t<div id=\"elementor-tab-title-2725\" class=\"elementor-tab-title\" data-tab=\"5\" role=\"tab\" aria-controls=\"elementor-tab-content-2725\" aria-expanded=\"false\">\n\t\t\t\t\t\t\t\t\t\t\t\t\t<span class=\"elementor-accordion-icon elementor-accordion-icon-left\" aria-hidden=\"true\">\n\t\t\t\t\t\t\t\t\t\t\t\t\t\t\t<span class=\"elementor-accordion-icon-closed\"><i class=\"fas fa-plus\"><\/i><\/span>\n\t\t\t\t\t\t\t\t<span class=\"elementor-accordion-icon-opened\"><i class=\"fas fa-minus\"><\/i><\/span>\n\t\t\t\t\t\t\t\t\t\t\t\t\t\t<\/span>\n\t\t\t\t\t\t\t\t\t\t\t\t<a class=\"elementor-accordion-title\" href=\"\">\u00bfTiene sentido considerarlo en estenosis o cuadros mixtos?<\/a>\n\t\t\t\t\t<\/div>\n\t\t\t\t\t<div id=\"elementor-tab-content-2725\" class=\"elementor-tab-content elementor-clearfix\" data-tab=\"5\" role=\"tabpanel\" aria-labelledby=\"elementor-tab-title-2725\"><p><span style=\"font-weight: 400;\">En <strong>estenosis lumbar<\/strong>, el dolor suele tener un componente mec\u00e1nico importante. Aun as\u00ed, puede coexistir <strong>inflamaci\u00f3n radicular.<\/strong> En la pr\u00e1ctica, se tiende a evaluar caso por caso: si el fenotipo cl\u00ednico sugiere componente inflamatorio relevante, puede considerarse dentro de un esquema escalonado. No se posiciona como respuesta \u00fanica para estenosis severa, sino como p<strong>osibilidad en cuadros mixtos<\/strong> donde el dolor radicular inflamatorio domina.<\/span><\/p><\/div>\n\t\t\t\t<\/div>\n\t\t\t\t\t\t\t<div class=\"elementor-accordion-item\">\n\t\t\t\t\t<div id=\"elementor-tab-title-2726\" class=\"elementor-tab-title\" data-tab=\"6\" role=\"tab\" aria-controls=\"elementor-tab-content-2726\" aria-expanded=\"false\">\n\t\t\t\t\t\t\t\t\t\t\t\t\t<span class=\"elementor-accordion-icon elementor-accordion-icon-left\" aria-hidden=\"true\">\n\t\t\t\t\t\t\t\t\t\t\t\t\t\t\t<span class=\"elementor-accordion-icon-closed\"><i class=\"fas fa-plus\"><\/i><\/span>\n\t\t\t\t\t\t\t\t<span class=\"elementor-accordion-icon-opened\"><i class=\"fas fa-minus\"><\/i><\/span>\n\t\t\t\t\t\t\t\t\t\t\t\t\t\t<\/span>\n\t\t\t\t\t\t\t\t\t\t\t\t<a class=\"elementor-accordion-title\" href=\"\">\u00bfQu\u00e9 nivel de evidencia hay hoy y qu\u00e9 deber\u00eda pasar para considerarlo \u201cest\u00e1ndar\u201d?<\/a>\n\t\t\t\t\t<\/div>\n\t\t\t\t\t<div id=\"elementor-tab-content-2726\" class=\"elementor-tab-content elementor-clearfix\" data-tab=\"6\" role=\"tabpanel\" aria-labelledby=\"elementor-tab-title-2726\"><p><span style=\"font-weight: 400;\">El nivel actual se considera <\/span><b>preliminar<\/b><span style=\"font-weight: 400;\">: tama\u00f1os muestrales limitados, heterogeneidad de protocolos y necesidad de estudios comparativos robustos. Para pasar a est\u00e1ndar se requiere: ensayos multic\u00e9ntricos con criterios de selecci\u00f3n claros, comparaciones directas con corticoides\/otras intervenciones, y seguimiento suficiente para evaluar duraci\u00f3n real del beneficio y tasas de recurrencia.<\/span><\/p><p><span style=\"font-weight: 400;\">Si <strong>tu equipo necesita<\/strong> discutir equipamiento y disponibilidad de materiales para flujos regenerativos, pod\u00e9s centralizarlo con <a href=\"https:\/\/bio-teach.com\/kitsprp\/contacto\/\"><strong>nosotros.<\/strong><\/a><\/span><\/p><\/div>\n\t\t\t\t<\/div>\n\t\t\t\t\t\t\t\t<\/div>\n\t\t\t\t<\/div>\n\t\t\t\t<\/div>\n\t\t\t\t<div class=\"elementor-element elementor-element-53ae1e47 elementor-widget-divider--view-line elementor-widget elementor-widget-divider\" data-id=\"53ae1e47\" data-element_type=\"widget\" data-widget_type=\"divider.default\">\n\t\t\t\t<div class=\"elementor-widget-container\">\n\t\t\t\t\t<div class=\"elementor-divider\">\n\t\t\t<span class=\"elementor-divider-separator\">\n\t\t\t\t\t\t<\/span>\n\t\t<\/div>\n\t\t\t\t<\/div>\n\t\t\t\t<\/div>\n\t\t\t\t\t<\/div>\n\t\t<\/div>\n\t\t\t\t\t\t\t<\/div>\n\t\t<\/section>\n\t\t\t\t<section class=\"elementor-section elementor-top-section elementor-element elementor-element-f984161 elementor-section-boxed elementor-section-height-default elementor-section-height-default\" data-id=\"f984161\" data-element_type=\"section\">\n\t\t\t\t\t\t<div class=\"elementor-container elementor-column-gap-default\">\n\t\t\t\t\t<div class=\"elementor-column elementor-col-100 elementor-top-column elementor-element elementor-element-5b7fb03\" data-id=\"5b7fb03\" data-element_type=\"column\">\n\t\t\t<div class=\"elementor-widget-wrap\">\n\t\t\t\t\t\t\t\t\t<\/div>\n\t\t<\/div>\n\t\t\t\t\t\t\t<\/div>\n\t\t<\/section>\n\t\t\t\t<section class=\"elementor-section elementor-top-section elementor-element elementor-element-4a914844 elementor-section-boxed elementor-section-height-default elementor-section-height-default\" data-id=\"4a914844\" data-element_type=\"section\">\n\t\t\t\t\t\t<div class=\"elementor-container elementor-column-gap-default\">\n\t\t\t\t\t<div class=\"elementor-column elementor-col-100 elementor-top-column elementor-element elementor-element-43a6cf1e\" data-id=\"43a6cf1e\" data-element_type=\"column\">\n\t\t\t<div class=\"elementor-widget-wrap elementor-element-populated\">\n\t\t\t\t\t\t\t\t<section class=\"elementor-section elementor-inner-section elementor-element elementor-element-4050fdf0 elementor-section-boxed elementor-section-height-default elementor-section-height-default\" data-id=\"4050fdf0\" data-element_type=\"section\">\n\t\t\t\t\t\t<div class=\"elementor-container elementor-column-gap-default\">\n\t\t\t\t\t<div class=\"elementor-column elementor-col-50 elementor-inner-column elementor-element elementor-element-c4aad47\" data-id=\"c4aad47\" data-element_type=\"column\">\n\t\t\t<div class=\"elementor-widget-wrap elementor-element-populated\">\n\t\t\t\t\t\t\t\t<div class=\"elementor-element elementor-element-61f19fd9 elementor-widget elementor-widget-text-editor\" data-id=\"61f19fd9\" data-element_type=\"widget\" data-widget_type=\"text-editor.default\">\n\t\t\t\t<div class=\"elementor-widget-container\">\n\t\t\t\t\t\t\t<p>Joe Ramirez<\/p><p>Director Comercial de Bio-Teach Medical<\/p>\t\t\t\t\t\t<\/div>\n\t\t\t\t<\/div>\n\t\t\t\t<div class=\"elementor-element elementor-element-a4b70d e-grid-align-left elementor-shape-rounded elementor-grid-0 elementor-widget elementor-widget-social-icons\" data-id=\"a4b70d\" data-element_type=\"widget\" data-widget_type=\"social-icons.default\">\n\t\t\t\t<div class=\"elementor-widget-container\">\n\t\t\t\t\t<div class=\"elementor-social-icons-wrapper elementor-grid\">\n\t\t\t\t\t\t\t<span class=\"elementor-grid-item\">\n\t\t\t\t\t<a class=\"elementor-icon elementor-social-icon elementor-social-icon-linkedin elementor-repeater-item-ea2d6ac\" href=\"https:\/\/www.linkedin.com\/in\/joeramz\/\" target=\"_blank\">\n\t\t\t\t\t\t<span class=\"elementor-screen-only\">Linkedin<\/span>\n\t\t\t\t\t\t<i class=\"fab fa-linkedin\"><\/i>\t\t\t\t\t<\/a>\n\t\t\t\t<\/span>\n\t\t\t\t\t<\/div>\n\t\t\t\t<\/div>\n\t\t\t\t<\/div>\n\t\t\t\t\t<\/div>\n\t\t<\/div>\n\t\t\t\t<div class=\"elementor-column elementor-col-50 elementor-inner-column elementor-element elementor-element-2159cdee\" data-id=\"2159cdee\" data-element_type=\"column\">\n\t\t\t<div class=\"elementor-widget-wrap\">\n\t\t\t\t\t\t\t\t\t<\/div>\n\t\t<\/div>\n\t\t\t\t\t\t\t<\/div>\n\t\t<\/section>\n\t\t\t\t\t<\/div>\n\t\t<\/div>\n\t\t\t\t\t\t\t<\/div>\n\t\t<\/section>\n\t\t\t\t\t\t\t<\/div>\n\t\t","protected":false},"excerpt":{"rendered":"<p>El PRP epidural en patolog\u00eda discal lumbar se posiciona en 2026 como una alternativa biol\u00f3gica en pacientes con radiculopat\u00eda donde el dolor no se explica solo por la compresi\u00f3n, sino por el componente inflamatorio perirradicular y la sensibilizaci\u00f3n neural. A diferencia del enfoque cl\u00e1sico con corticoides \u2014efectivo pero muchas veces transitorio\u2014, el PRP epidural busca intervenir sobre el microambiente perineural, reduciendo el \u201cruido inflamatorio\u201d que perpet\u00faa la nocicepci\u00f3n. En este art\u00edculo se revisan los fundamentos fisiopatol\u00f3gicos, las se\u00f1ales cl\u00ednicas de estudios preliminares (dolor, funci\u00f3n y duraci\u00f3n del efecto), y los criterios que hoy orientan su integraci\u00f3n en unidades del dolor, traumatolog\u00eda y medicina deportiva.<\/p>\n","protected":false},"author":1,"featured_media":6543,"comment_status":"closed","ping_status":"open","sticky":false,"template":"","format":"standard","meta":{"neve_meta_sidebar":"full-width","neve_meta_container":"","neve_meta_enable_content_width":"","neve_meta_content_width":70,"neve_meta_title_alignment":"center","neve_meta_author_avatar":"","neve_post_elements_order":"[\"content\",\"tags\",\"sharing-icons\",\"post-navigation\"]","neve_meta_disable_header":"off","neve_meta_disable_footer":"","neve_meta_disable_title":"","neve_meta_reading_time":"","_ti_tpc_template_sync":false,"_ti_tpc_template_id":"","footnotes":""},"categories":[17],"tags":[84,85,45,86,16],"class_list":["post-6541","post","type-post","status-publish","format-standard","has-post-thumbnail","hentry","category-noticias","tag-alogenico","tag-epidural","tag-ginecologia","tag-lumbar","tag-prp"],"yoast_head":"<!-- This site is optimized with the Yoast SEO plugin v27.4 - https:\/\/yoast.com\/product\/yoast-seo-wordpress\/ -->\n<title>PRP epidural en patolog\u00eda discal lumbar<\/title>\n<meta name=\"description\" content=\"El PRP epidural en patolog\u00eda discal lumbar emerge en radiculopat\u00eda inflamatoria. Fundamentos, esultados preliminares y criterios cl\u00ednicos.\" \/>\n<meta name=\"robots\" content=\"index, follow, max-snippet:-1, max-image-preview:large, max-video-preview:-1\" \/>\n<link rel=\"canonical\" href=\"https:\/\/bio-teach.com\/kitsprp\/prp-epidural-en-patologia-discal-lumbar\/\" \/>\n<meta property=\"og:locale\" content=\"es_ES\" \/>\n<meta property=\"og:type\" content=\"article\" \/>\n<meta property=\"og:title\" content=\"PRP epidural en patolog\u00eda discal lumbar\" \/>\n<meta property=\"og:description\" content=\"El PRP epidural en patolog\u00eda discal lumbar emerge en radiculopat\u00eda inflamatoria. Fundamentos, esultados preliminares y criterios cl\u00ednicos.\" \/>\n<meta property=\"og:url\" content=\"https:\/\/bio-teach.com\/kitsprp\/prp-epidural-en-patologia-discal-lumbar\/\" \/>\n<meta property=\"og:site_name\" content=\"KITS PRP\" \/>\n<meta property=\"article:published_time\" content=\"2026-02-25T01:53:09+00:00\" \/>\n<meta property=\"article:modified_time\" content=\"2026-02-25T02:04:17+00:00\" \/>\n<meta property=\"og:image\" content=\"https:\/\/ml2wibi8up3f.i.optimole.com\/uueflVA-RPW-DDy-\/w:auto\/h:auto\/q:auto\/https:\/\/bio-teach.com\/kitsprp\/wp-content\/uploads\/2026\/02\/PRP-epidural-en-patologia-discal-lumbar.webp\" \/>\n\t<meta property=\"og:image:width\" content=\"1280\" \/>\n\t<meta property=\"og:image:height\" content=\"720\" \/>\n\t<meta property=\"og:image:type\" content=\"image\/webp\" \/>\n<meta name=\"author\" content=\"jramirez\" \/>\n<meta name=\"twitter:card\" content=\"summary_large_image\" \/>\n<meta name=\"twitter:label1\" content=\"Escrito por\" \/>\n\t<meta name=\"twitter:data1\" content=\"jramirez\" \/>\n\t<meta name=\"twitter:label2\" content=\"Tiempo de lectura\" \/>\n\t<meta name=\"twitter:data2\" content=\"12 minutos\" \/>\n<script type=\"application\/ld+json\" class=\"yoast-schema-graph\">{\"@context\":\"https:\\\/\\\/schema.org\",\"@graph\":[{\"@type\":\"Article\",\"@id\":\"https:\\\/\\\/bio-teach.com\\\/kitsprp\\\/prp-epidural-en-patologia-discal-lumbar\\\/#article\",\"isPartOf\":{\"@id\":\"https:\\\/\\\/bio-teach.com\\\/kitsprp\\\/prp-epidural-en-patologia-discal-lumbar\\\/\"},\"author\":{\"name\":\"jramirez\",\"@id\":\"https:\\\/\\\/bio-teach.com\\\/kitsprp\\\/#\\\/schema\\\/person\\\/d32b2dfe603cd6981808973bc26d1905\"},\"headline\":\"PRP epidural en patolog\u00eda discal lumbar: resultados cl\u00ednicos preliminares\",\"datePublished\":\"2026-02-25T01:53:09+00:00\",\"dateModified\":\"2026-02-25T02:04:17+00:00\",\"mainEntityOfPage\":{\"@id\":\"https:\\\/\\\/bio-teach.com\\\/kitsprp\\\/prp-epidural-en-patologia-discal-lumbar\\\/\"},\"wordCount\":2390,\"publisher\":{\"@id\":\"https:\\\/\\\/bio-teach.com\\\/kitsprp\\\/#organization\"},\"image\":{\"@id\":\"https:\\\/\\\/bio-teach.com\\\/kitsprp\\\/prp-epidural-en-patologia-discal-lumbar\\\/#primaryimage\"},\"thumbnailUrl\":\"https:\\/\\/bio-teach.com\\/kitsprp\\/wp-content\\/uploads\\/2026\\/02\\/PRP-epidural-en-patologia-discal-lumbar.webp\",\"keywords\":[\"alogenico\",\"EPIDURAL\",\"Ginecolog\u00eda\",\"lumbar\",\"PRP\"],\"articleSection\":[\"Noticias\"],\"inLanguage\":\"es\"},{\"@type\":\"WebPage\",\"@id\":\"https:\\\/\\\/bio-teach.com\\\/kitsprp\\\/prp-epidural-en-patologia-discal-lumbar\\\/\",\"url\":\"https:\\\/\\\/bio-teach.com\\\/kitsprp\\\/prp-epidural-en-patologia-discal-lumbar\\\/\",\"name\":\"PRP epidural en patolog\u00eda discal lumbar\",\"isPartOf\":{\"@id\":\"https:\\\/\\\/bio-teach.com\\\/kitsprp\\\/#website\"},\"primaryImageOfPage\":{\"@id\":\"https:\\\/\\\/bio-teach.com\\\/kitsprp\\\/prp-epidural-en-patologia-discal-lumbar\\\/#primaryimage\"},\"image\":{\"@id\":\"https:\\\/\\\/bio-teach.com\\\/kitsprp\\\/prp-epidural-en-patologia-discal-lumbar\\\/#primaryimage\"},\"thumbnailUrl\":\"https:\\/\\/bio-teach.com\\/kitsprp\\/wp-content\\/uploads\\/2026\\/02\\/PRP-epidural-en-patologia-discal-lumbar.webp\",\"datePublished\":\"2026-02-25T01:53:09+00:00\",\"dateModified\":\"2026-02-25T02:04:17+00:00\",\"description\":\"El PRP epidural en patolog\u00eda discal lumbar emerge en radiculopat\u00eda inflamatoria. Fundamentos, esultados preliminares y criterios cl\u00ednicos.\",\"breadcrumb\":{\"@id\":\"https:\\\/\\\/bio-teach.com\\\/kitsprp\\\/prp-epidural-en-patologia-discal-lumbar\\\/#breadcrumb\"},\"inLanguage\":\"es\",\"potentialAction\":[{\"@type\":\"ReadAction\",\"target\":[\"https:\\\/\\\/bio-teach.com\\\/kitsprp\\\/prp-epidural-en-patologia-discal-lumbar\\\/\"]}]},{\"@type\":\"ImageObject\",\"inLanguage\":\"es\",\"@id\":\"https:\\\/\\\/bio-teach.com\\\/kitsprp\\\/prp-epidural-en-patologia-discal-lumbar\\\/#primaryimage\",\"url\":\"https:\\/\\/bio-teach.com\\/kitsprp\\/wp-content\\/uploads\\/2026\\/02\\/PRP-epidural-en-patologia-discal-lumbar.webp\",\"contentUrl\":\"https:\\/\\/bio-teach.com\\/kitsprp\\/wp-content\\/uploads\\/2026\\/02\\/PRP-epidural-en-patologia-discal-lumbar.webp\",\"width\":1280,\"height\":720,\"caption\":\"PRP epidural en patolog\u00eda discal lumbar\"},{\"@type\":\"BreadcrumbList\",\"@id\":\"https:\\\/\\\/bio-teach.com\\\/kitsprp\\\/prp-epidural-en-patologia-discal-lumbar\\\/#breadcrumb\",\"itemListElement\":[{\"@type\":\"ListItem\",\"position\":1,\"name\":\"Portada\",\"item\":\"https:\\\/\\\/bio-teach.com\\\/kitsprp\\\/\"},{\"@type\":\"ListItem\",\"position\":2,\"name\":\"PRP epidural en patolog\u00eda discal lumbar: resultados cl\u00ednicos preliminares\"}]},{\"@type\":\"WebSite\",\"@id\":\"https:\\\/\\\/bio-teach.com\\\/kitsprp\\\/#website\",\"url\":\"https:\\\/\\\/bio-teach.com\\\/kitsprp\\\/\",\"name\":\"KITS PRP\",\"description\":\"KITS PRP\",\"publisher\":{\"@id\":\"https:\\\/\\\/bio-teach.com\\\/kitsprp\\\/#organization\"},\"potentialAction\":[{\"@type\":\"SearchAction\",\"target\":{\"@type\":\"EntryPoint\",\"urlTemplate\":\"https:\\\/\\\/bio-teach.com\\\/kitsprp\\\/?s={search_term_string}\"},\"query-input\":{\"@type\":\"PropertyValueSpecification\",\"valueRequired\":true,\"valueName\":\"search_term_string\"}}],\"inLanguage\":\"es\"},{\"@type\":\"Organization\",\"@id\":\"https:\\\/\\\/bio-teach.com\\\/kitsprp\\\/#organization\",\"name\":\"KITS PRP\",\"url\":\"https:\\\/\\\/bio-teach.com\\\/kitsprp\\\/\",\"logo\":{\"@type\":\"ImageObject\",\"inLanguage\":\"es\",\"@id\":\"https:\\\/\\\/bio-teach.com\\\/kitsprp\\\/#\\\/schema\\\/logo\\\/image\\\/\",\"url\":\"https:\\/\\/bio-teach.com\\/kitsprp\\/wp-content\\/uploads\\/2021\\/11\\/cropped-logo-bioteach-min.png\",\"contentUrl\":\"https:\\/\\/bio-teach.com\\/kitsprp\\/wp-content\\/uploads\\/2021\\/11\\/cropped-logo-bioteach-min.png\",\"width\":600,\"height\":250,\"caption\":\"KITS PRP\"},\"image\":{\"@id\":\"https:\\\/\\\/bio-teach.com\\\/kitsprp\\\/#\\\/schema\\\/logo\\\/image\\\/\"}},{\"@type\":\"Person\",\"@id\":\"https:\\\/\\\/bio-teach.com\\\/kitsprp\\\/#\\\/schema\\\/person\\\/d32b2dfe603cd6981808973bc26d1905\",\"name\":\"jramirez\",\"image\":{\"@type\":\"ImageObject\",\"inLanguage\":\"es\",\"@id\":\"https:\\/\\/bio-teach.com\\/kitsprp\\/wp-content\\/uploads\\/2023\\/05\\/cropped-Favicon-Bio-Teach.jpeg\",\"url\":\"https:\\/\\/bio-teach.com\\/kitsprp\\/wp-content\\/uploads\\/2023\\/05\\/cropped-Favicon-Bio-Teach.jpeg\",\"contentUrl\":\"https:\\/\\/bio-teach.com\\/kitsprp\\/wp-content\\/uploads\\/2023\\/05\\/cropped-Favicon-Bio-Teach.jpeg\",\"caption\":\"jramirez\"},\"sameAs\":[\"https:\\\/\\\/bio-teach.com\\\/kitsprp\"],\"url\":\"https:\\\/\\\/bio-teach.com\\\/kitsprp\\\/author\\\/jramirez\\\/\"}]}<\/script>\n<!-- \/ Yoast SEO plugin. -->","yoast_head_json":{"title":"PRP epidural en patolog\u00eda discal lumbar","description":"El PRP epidural en patolog\u00eda discal lumbar emerge en radiculopat\u00eda inflamatoria. Fundamentos, esultados preliminares y criterios cl\u00ednicos.","robots":{"index":"index","follow":"follow","max-snippet":"max-snippet:-1","max-image-preview":"max-image-preview:large","max-video-preview":"max-video-preview:-1"},"canonical":"https:\/\/bio-teach.com\/kitsprp\/prp-epidural-en-patologia-discal-lumbar\/","og_locale":"es_ES","og_type":"article","og_title":"PRP epidural en patolog\u00eda discal lumbar","og_description":"El PRP epidural en patolog\u00eda discal lumbar emerge en radiculopat\u00eda inflamatoria. Fundamentos, esultados preliminares y criterios cl\u00ednicos.","og_url":"https:\/\/bio-teach.com\/kitsprp\/prp-epidural-en-patologia-discal-lumbar\/","og_site_name":"KITS PRP","article_published_time":"2026-02-25T01:53:09+00:00","article_modified_time":"2026-02-25T02:04:17+00:00","og_image":[{"width":1280,"height":720,"url":"https:\/\/ml2wibi8up3f.i.optimole.com\/uueflVA-RPW-DDy-\/w:auto\/h:auto\/q:auto\/https:\/\/bio-teach.com\/kitsprp\/wp-content\/uploads\/2026\/02\/PRP-epidural-en-patologia-discal-lumbar.webp","type":"image\/webp"}],"author":"jramirez","twitter_card":"summary_large_image","twitter_misc":{"Escrito por":"jramirez","Tiempo de lectura":"12 minutos"},"schema":{"@context":"https:\/\/schema.org","@graph":[{"@type":"Article","@id":"https:\/\/bio-teach.com\/kitsprp\/prp-epidural-en-patologia-discal-lumbar\/#article","isPartOf":{"@id":"https:\/\/bio-teach.com\/kitsprp\/prp-epidural-en-patologia-discal-lumbar\/"},"author":{"name":"jramirez","@id":"https:\/\/bio-teach.com\/kitsprp\/#\/schema\/person\/d32b2dfe603cd6981808973bc26d1905"},"headline":"PRP epidural en patolog\u00eda discal lumbar: resultados cl\u00ednicos preliminares","datePublished":"2026-02-25T01:53:09+00:00","dateModified":"2026-02-25T02:04:17+00:00","mainEntityOfPage":{"@id":"https:\/\/bio-teach.com\/kitsprp\/prp-epidural-en-patologia-discal-lumbar\/"},"wordCount":2390,"publisher":{"@id":"https:\/\/bio-teach.com\/kitsprp\/#organization"},"image":{"@id":"https:\/\/bio-teach.com\/kitsprp\/prp-epidural-en-patologia-discal-lumbar\/#primaryimage"},"thumbnailUrl":"https:\/\/ml2wibi8up3f.i.optimole.com\/uueflVA-RPW-DDy-\/w:auto\/h:auto\/q:auto\/https:\/\/bio-teach.com\/kitsprp\/wp-content\/uploads\/2026\/02\/PRP-epidural-en-patologia-discal-lumbar.webp","keywords":["alogenico","EPIDURAL","Ginecolog\u00eda","lumbar","PRP"],"articleSection":["Noticias"],"inLanguage":"es"},{"@type":"WebPage","@id":"https:\/\/bio-teach.com\/kitsprp\/prp-epidural-en-patologia-discal-lumbar\/","url":"https:\/\/bio-teach.com\/kitsprp\/prp-epidural-en-patologia-discal-lumbar\/","name":"PRP epidural en patolog\u00eda discal lumbar","isPartOf":{"@id":"https:\/\/bio-teach.com\/kitsprp\/#website"},"primaryImageOfPage":{"@id":"https:\/\/bio-teach.com\/kitsprp\/prp-epidural-en-patologia-discal-lumbar\/#primaryimage"},"image":{"@id":"https:\/\/bio-teach.com\/kitsprp\/prp-epidural-en-patologia-discal-lumbar\/#primaryimage"},"thumbnailUrl":"https:\/\/ml2wibi8up3f.i.optimole.com\/uueflVA-RPW-DDy-\/w:auto\/h:auto\/q:auto\/https:\/\/bio-teach.com\/kitsprp\/wp-content\/uploads\/2026\/02\/PRP-epidural-en-patologia-discal-lumbar.webp","datePublished":"2026-02-25T01:53:09+00:00","dateModified":"2026-02-25T02:04:17+00:00","description":"El PRP epidural en patolog\u00eda discal lumbar emerge en radiculopat\u00eda inflamatoria. Fundamentos, esultados preliminares y criterios cl\u00ednicos.","breadcrumb":{"@id":"https:\/\/bio-teach.com\/kitsprp\/prp-epidural-en-patologia-discal-lumbar\/#breadcrumb"},"inLanguage":"es","potentialAction":[{"@type":"ReadAction","target":["https:\/\/bio-teach.com\/kitsprp\/prp-epidural-en-patologia-discal-lumbar\/"]}]},{"@type":"ImageObject","inLanguage":"es","@id":"https:\/\/bio-teach.com\/kitsprp\/prp-epidural-en-patologia-discal-lumbar\/#primaryimage","url":"https:\/\/ml2wibi8up3f.i.optimole.com\/uueflVA-RPW-DDy-\/w:auto\/h:auto\/q:auto\/https:\/\/bio-teach.com\/kitsprp\/wp-content\/uploads\/2026\/02\/PRP-epidural-en-patologia-discal-lumbar.webp","contentUrl":"https:\/\/ml2wibi8up3f.i.optimole.com\/uueflVA-RPW-DDy-\/w:auto\/h:auto\/q:auto\/https:\/\/bio-teach.com\/kitsprp\/wp-content\/uploads\/2026\/02\/PRP-epidural-en-patologia-discal-lumbar.webp","width":1280,"height":720,"caption":"PRP epidural en patolog\u00eda discal lumbar"},{"@type":"BreadcrumbList","@id":"https:\/\/bio-teach.com\/kitsprp\/prp-epidural-en-patologia-discal-lumbar\/#breadcrumb","itemListElement":[{"@type":"ListItem","position":1,"name":"Portada","item":"https:\/\/bio-teach.com\/kitsprp\/"},{"@type":"ListItem","position":2,"name":"PRP epidural en patolog\u00eda discal lumbar: resultados cl\u00ednicos preliminares"}]},{"@type":"WebSite","@id":"https:\/\/bio-teach.com\/kitsprp\/#website","url":"https:\/\/bio-teach.com\/kitsprp\/","name":"KITS PRP","description":"KITS PRP","publisher":{"@id":"https:\/\/bio-teach.com\/kitsprp\/#organization"},"potentialAction":[{"@type":"SearchAction","target":{"@type":"EntryPoint","urlTemplate":"https:\/\/bio-teach.com\/kitsprp\/?s={search_term_string}"},"query-input":{"@type":"PropertyValueSpecification","valueRequired":true,"valueName":"search_term_string"}}],"inLanguage":"es"},{"@type":"Organization","@id":"https:\/\/bio-teach.com\/kitsprp\/#organization","name":"KITS PRP","url":"https:\/\/bio-teach.com\/kitsprp\/","logo":{"@type":"ImageObject","inLanguage":"es","@id":"https:\/\/bio-teach.com\/kitsprp\/#\/schema\/logo\/image\/","url":"https:\/\/ml2wibi8up3f.i.optimole.com\/uueflVA-JMGWjaRd\/w:auto\/h:auto\/q:auto\/https:\/\/bio-teach.com\/kitsprp\/wp-content\/uploads\/2021\/11\/cropped-logo-bioteach-min.png","contentUrl":"https:\/\/ml2wibi8up3f.i.optimole.com\/uueflVA-JMGWjaRd\/w:auto\/h:auto\/q:auto\/https:\/\/bio-teach.com\/kitsprp\/wp-content\/uploads\/2021\/11\/cropped-logo-bioteach-min.png","width":600,"height":250,"caption":"KITS PRP"},"image":{"@id":"https:\/\/bio-teach.com\/kitsprp\/#\/schema\/logo\/image\/"}},{"@type":"Person","@id":"https:\/\/bio-teach.com\/kitsprp\/#\/schema\/person\/d32b2dfe603cd6981808973bc26d1905","name":"jramirez","image":{"@type":"ImageObject","inLanguage":"es","@id":"https:\/\/ml2wibi8up3f.i.optimole.com\/uueflVA-vlqW7zdB\/w:auto\/h:auto\/q:auto\/https:\/\/bio-teach.com\/kitsprp\/wp-content\/uploads\/2023\/05\/cropped-Favicon-Bio-Teach.jpeg","url":"https:\/\/ml2wibi8up3f.i.optimole.com\/uueflVA-vlqW7zdB\/w:auto\/h:auto\/q:auto\/https:\/\/bio-teach.com\/kitsprp\/wp-content\/uploads\/2023\/05\/cropped-Favicon-Bio-Teach.jpeg","contentUrl":"https:\/\/ml2wibi8up3f.i.optimole.com\/uueflVA-vlqW7zdB\/w:auto\/h:auto\/q:auto\/https:\/\/bio-teach.com\/kitsprp\/wp-content\/uploads\/2023\/05\/cropped-Favicon-Bio-Teach.jpeg","caption":"jramirez"},"sameAs":["https:\/\/bio-teach.com\/kitsprp"],"url":"https:\/\/bio-teach.com\/kitsprp\/author\/jramirez\/"}]}},"_links":{"self":[{"href":"https:\/\/bio-teach.com\/kitsprp\/wp-json\/wp\/v2\/posts\/6541","targetHints":{"allow":["GET"]}}],"collection":[{"href":"https:\/\/bio-teach.com\/kitsprp\/wp-json\/wp\/v2\/posts"}],"about":[{"href":"https:\/\/bio-teach.com\/kitsprp\/wp-json\/wp\/v2\/types\/post"}],"author":[{"embeddable":true,"href":"https:\/\/bio-teach.com\/kitsprp\/wp-json\/wp\/v2\/users\/1"}],"replies":[{"embeddable":true,"href":"https:\/\/bio-teach.com\/kitsprp\/wp-json\/wp\/v2\/comments?post=6541"}],"version-history":[{"count":5,"href":"https:\/\/bio-teach.com\/kitsprp\/wp-json\/wp\/v2\/posts\/6541\/revisions"}],"predecessor-version":[{"id":6547,"href":"https:\/\/bio-teach.com\/kitsprp\/wp-json\/wp\/v2\/posts\/6541\/revisions\/6547"}],"wp:featuredmedia":[{"embeddable":true,"href":"https:\/\/bio-teach.com\/kitsprp\/wp-json\/wp\/v2\/media\/6543"}],"wp:attachment":[{"href":"https:\/\/bio-teach.com\/kitsprp\/wp-json\/wp\/v2\/media?parent=6541"}],"wp:term":[{"taxonomy":"category","embeddable":true,"href":"https:\/\/bio-teach.com\/kitsprp\/wp-json\/wp\/v2\/categories?post=6541"},{"taxonomy":"post_tag","embeddable":true,"href":"https:\/\/bio-teach.com\/kitsprp\/wp-json\/wp\/v2\/tags?post=6541"}],"curies":[{"name":"wp","href":"https:\/\/api.w.org\/{rel}","templated":true}]}}