{"id":6548,"date":"2026-02-25T02:33:11","date_gmt":"2026-02-25T02:33:11","guid":{"rendered":"https:\/\/bio-teach.com\/kitsprp\/?p=6548"},"modified":"2026-02-25T02:38:26","modified_gmt":"2026-02-25T02:38:26","slug":"geles-y-apositos-de-prp-en-curacion-de-heridas-resultados-clinicos-recientes-y-aplicaciones-avanzadas","status":"publish","type":"post","link":"https:\/\/bio-teach.com\/kitsprp\/geles-y-apositos-de-prp-en-curacion-de-heridas-resultados-clinicos-recientes-y-aplicaciones-avanzadas\/","title":{"rendered":"Geles y ap\u00f3sitos de PRP en curaci\u00f3n de heridas: resultados cl\u00ednicos recientes y aplicaciones avanzadas"},"content":{"rendered":"\t\t<div data-elementor-type=\"wp-post\" data-elementor-id=\"6548\" class=\"elementor elementor-6548\">\n\t\t\t\t\t\t\t\t\t<section class=\"elementor-section elementor-top-section elementor-element elementor-element-4f0308f8 elementor-section-boxed elementor-section-height-default elementor-section-height-default\" data-id=\"4f0308f8\" data-element_type=\"section\">\n\t\t\t\t\t\t<div class=\"elementor-container elementor-column-gap-default\">\n\t\t\t\t\t<div class=\"elementor-column elementor-col-100 elementor-top-column elementor-element elementor-element-1f8f3cc0\" data-id=\"1f8f3cc0\" data-element_type=\"column\">\n\t\t\t<div class=\"elementor-widget-wrap elementor-element-populated\">\n\t\t\t\t\t\t\t\t<div class=\"elementor-element elementor-element-1850d188 elementor-widget elementor-widget-heading\" data-id=\"1850d188\" data-element_type=\"widget\" data-widget_type=\"heading.default\">\n\t\t\t\t<div class=\"elementor-widget-container\">\n\t\t\t<h1 class=\"elementor-heading-title elementor-size-default\">Geles y ap\u00f3sitos de PRP en curaci\u00f3n de heridas: resultados cl\u00ednicos recientes y aplicaciones avanzadas en 2026<\/h1>\t\t<\/div>\n\t\t\t\t<\/div>\n\t\t\t\t\t<\/div>\n\t\t<\/div>\n\t\t\t\t\t\t\t<\/div>\n\t\t<\/section>\n\t\t\t\t<section class=\"elementor-section elementor-top-section elementor-element elementor-element-72fa57e9 elementor-section-boxed elementor-section-height-default elementor-section-height-default\" data-id=\"72fa57e9\" data-element_type=\"section\">\n\t\t\t\t\t\t<div class=\"elementor-container elementor-column-gap-default\">\n\t\t\t\t\t<div class=\"elementor-column elementor-col-100 elementor-top-column elementor-element elementor-element-95c6a0f\" data-id=\"95c6a0f\" data-element_type=\"column\">\n\t\t\t<div class=\"elementor-widget-wrap elementor-element-populated\">\n\t\t\t\t\t\t\t\t<div class=\"elementor-element elementor-element-3e0ac8f elementor-widget elementor-widget-heading\" data-id=\"3e0ac8f\" data-element_type=\"widget\" data-widget_type=\"heading.default\">\n\t\t\t\t<div class=\"elementor-widget-container\">\n\t\t\t<h5 class=\"elementor-heading-title elementor-size-default\">Publicado el 20 de Febrero de 2026<\/h5>\t\t<\/div>\n\t\t\t\t<\/div>\n\t\t\t\t\t<\/div>\n\t\t<\/div>\n\t\t\t\t\t\t\t<\/div>\n\t\t<\/section>\n\t\t\t\t<section class=\"elementor-section elementor-top-section elementor-element elementor-element-2bf7e37a elementor-section-boxed elementor-section-height-default elementor-section-height-default\" data-id=\"2bf7e37a\" data-element_type=\"section\">\n\t\t\t\t\t\t<div class=\"elementor-container elementor-column-gap-default\">\n\t\t\t\t\t<div class=\"elementor-column elementor-col-100 elementor-top-column elementor-element elementor-element-2c3074b5\" data-id=\"2c3074b5\" data-element_type=\"column\">\n\t\t\t<div class=\"elementor-widget-wrap elementor-element-populated\">\n\t\t\t\t\t\t\t\t<div class=\"elementor-element elementor-element-288d6619 elementor-widget elementor-widget-image\" data-id=\"288d6619\" data-element_type=\"widget\" data-widget_type=\"image.default\">\n\t\t\t\t<div class=\"elementor-widget-container\">\n\t\t\t\t\t\t\t\t\t\t\t\t\t\t\t<img decoding=\"async\" width=\"1280\" height=\"720\" src=\"https:\/\/ml2wibi8up3f.i.optimole.com\/uueflVA-VKOq70i2\/w:auto\/h:auto\/q:auto\/https:\/\/bio-teach.com\/kitsprp\/wp-content\/uploads\/2026\/02\/Geles-y-apositos-de-PRP-en-curacion-de-heridas.webp\" class=\"attachment-full size-full\" alt=\"Geles y ap\u00f3sitos de PRP en curaci\u00f3n de heridas\" \/>\t\t\t\t\t\t\t\t\t\t\t\t\t\t\t<\/div>\n\t\t\t\t<\/div>\n\t\t\t\t\t<\/div>\n\t\t<\/div>\n\t\t\t\t\t\t\t<\/div>\n\t\t<\/section>\n\t\t\t\t<section class=\"elementor-section elementor-top-section elementor-element elementor-element-5f92d5d1 elementor-section-boxed elementor-section-height-default elementor-section-height-default\" data-id=\"5f92d5d1\" data-element_type=\"section\">\n\t\t\t\t\t\t<div class=\"elementor-container elementor-column-gap-default\">\n\t\t\t\t\t<div class=\"elementor-column elementor-col-100 elementor-top-column elementor-element elementor-element-3f851f96\" data-id=\"3f851f96\" data-element_type=\"column\">\n\t\t\t<div class=\"elementor-widget-wrap elementor-element-populated\">\n\t\t\t\t\t\t\t\t<div class=\"elementor-element elementor-element-323d8593 elementor-widget elementor-widget-text-editor\" data-id=\"323d8593\" data-element_type=\"widget\" data-widget_type=\"text-editor.default\">\n\t\t\t\t<div class=\"elementor-widget-container\">\n\t\t\t\t\t\t\t<p><span style=\"font-weight: 400;\">El uso<strong> de geles y ap\u00f3sitos de PRP en curaci\u00f3n de heridas<\/strong> ha evolucionado desde una herramienta complementaria a una estrategia regenerativa con respaldo cl\u00ednico creciente. En 2026, la conversaci\u00f3n ya no se centra en si el <strong>PRP<\/strong> tiene capacidad biol\u00f3gica \u2014eso est\u00e1 ampliamente documentado\u2014 sino en c\u00f3mo optimizar su aplicaci\u00f3n t\u00f3pica para <strong>mejorar tasas de cicatrizaci\u00f3n en heridas complejas y cr\u00f3nicas.<\/strong><\/span><\/p><p><span style=\"font-weight: 400;\"><strong>\u00dalceras diab\u00e9ticas, lesiones venosas persistentes, heridas quir\u00fargicas con retraso de cierre y defectos traum\u00e1ticos extensos<\/strong> representan escenarios cl\u00ednicos donde la modulaci\u00f3n activa del lecho de la herida puede marcar diferencias medibles.<\/span><\/p><p><span style=\"font-weight: 400;\"><strong>El PRP en formato gel o matriz t\u00f3pica<\/strong> permite una liberaci\u00f3n sostenida de factores de crecimiento directamente sobre el tejido lesionado, creando un microambiente <strong>m\u00e1s favorable<\/strong> para angiog\u00e9nesis, proliferaci\u00f3n fibrobl\u00e1stica y remodelaci\u00f3n tisular.<\/span><\/p><p><span style=\"font-weight: 400;\">Este an\u00e1lisis aborda:<\/span><\/p><ul><li style=\"font-weight: 400;\" aria-level=\"1\"><span style=\"font-weight: 400;\">El fundamento biol\u00f3gico del PRP en cicatrizaci\u00f3n.<\/span><\/li><li style=\"font-weight: 400;\" aria-level=\"1\"><span style=\"font-weight: 400;\">Resultados de ensayos cl\u00ednicos recientes.<\/span><\/li><li style=\"font-weight: 400;\" aria-level=\"1\"><span style=\"font-weight: 400;\">Indicaciones donde muestra mayor impacto.<\/span><\/li><li style=\"font-weight: 400;\" aria-level=\"1\"><span style=\"font-weight: 400;\">Limitaciones actuales.<\/span><\/li><li style=\"font-weight: 400;\" aria-level=\"1\"><span style=\"font-weight: 400;\">Integraci\u00f3n pr\u00e1ctica en cirug\u00eda, medicina vascular y unidades de heridas complejas.<\/span><\/li><\/ul>\t\t\t\t\t\t<\/div>\n\t\t\t\t<\/div>\n\t\t\t\t<div class=\"elementor-element elementor-element-b53a959 elementor-widget elementor-widget-table-of-contents\" data-id=\"b53a959\" data-element_type=\"widget\" data-settings=\"{&quot;headings_by_tags&quot;:[&quot;h2&quot;],&quot;exclude_headings_by_selector&quot;:[],&quot;_animation&quot;:&quot;none&quot;,&quot;marker_view&quot;:&quot;bullets&quot;,&quot;icon&quot;:{&quot;value&quot;:&quot;fas fa-circle&quot;,&quot;library&quot;:&quot;fa-solid&quot;},&quot;hierarchical_view&quot;:&quot;yes&quot;,&quot;min_height&quot;:{&quot;unit&quot;:&quot;px&quot;,&quot;size&quot;:&quot;&quot;,&quot;sizes&quot;:[]},&quot;min_height_tablet&quot;:{&quot;unit&quot;:&quot;px&quot;,&quot;size&quot;:&quot;&quot;,&quot;sizes&quot;:[]},&quot;min_height_mobile&quot;:{&quot;unit&quot;:&quot;px&quot;,&quot;size&quot;:&quot;&quot;,&quot;sizes&quot;:[]}}\" data-widget_type=\"table-of-contents.default\">\n\t\t\t\t<div class=\"elementor-widget-container\">\n\t\t\t\t\t<div class=\"elementor-toc__header\">\n\t\t\t<h2 class=\"elementor-toc__header-title\">Contenidos del art\u00edculo<\/h2>\t\t\t\t\t<\/div>\n\t\t<div class=\"elementor-toc__body\">\n\t\t\t<div class=\"elementor-toc__spinner-container\">\n\t\t\t\t<i class=\"elementor-toc__spinner eicon-loading eicon-animation-spin\" aria-hidden=\"true\"><\/i>\n\t\t\t<\/div>\n\t\t<\/div>\n\t\t\t\t<\/div>\n\t\t\t\t<\/div>\n\t\t\t\t<div class=\"elementor-element elementor-element-35d91bbd elementor-widget-divider--view-line elementor-widget elementor-widget-divider\" data-id=\"35d91bbd\" data-element_type=\"widget\" data-widget_type=\"divider.default\">\n\t\t\t\t<div class=\"elementor-widget-container\">\n\t\t\t\t\t<div class=\"elementor-divider\">\n\t\t\t<span class=\"elementor-divider-separator\">\n\t\t\t\t\t\t<\/span>\n\t\t<\/div>\n\t\t\t\t<\/div>\n\t\t\t\t<\/div>\n\t\t\t\t<div class=\"elementor-element elementor-element-e20f1f6 elementor-widget elementor-widget-heading\" data-id=\"e20f1f6\" data-element_type=\"widget\" data-widget_type=\"heading.default\">\n\t\t\t\t<div class=\"elementor-widget-container\">\n\t\t\t<h2 class=\"elementor-heading-title elementor-size-default\"> Fisiopatolog\u00eda de la herida cr\u00f3nica: por qu\u00e9 la cicatrizaci\u00f3n se bloquea<\/h2>\t\t<\/div>\n\t\t\t\t<\/div>\n\t\t\t\t<div class=\"elementor-element elementor-element-7e13043 elementor-widget elementor-widget-text-editor\" data-id=\"7e13043\" data-element_type=\"widget\" data-widget_type=\"text-editor.default\">\n\t\t\t\t<div class=\"elementor-widget-container\">\n\t\t\t\t\t\t\t<p><span style=\"font-weight: 400;\">Para comprender el verdadero alcance de los <\/span><b>geles y ap\u00f3sitos de PRP en curaci\u00f3n de heridas<\/b><span style=\"font-weight: 400;\">, es necesario analizar con detalle qu\u00e9 ocurre cuando una herida deja de progresar de forma fisiol\u00f3gica.<\/span><\/p><p><span style=\"font-weight: 400;\">La cicatrizaci\u00f3n normal atraviesa cuatro fases bien definidas: hemostasia, inflamaci\u00f3n, proliferaci\u00f3n y remodelaci\u00f3n. En heridas cr\u00f3nicas \u2014como \u00falceras diab\u00e9ticas o venosas\u2014 este proceso queda detenido en una <\/span><b>fase inflamatoria prolongada<\/b><span style=\"font-weight: 400;\">, donde el equilibrio entre degradaci\u00f3n y reparaci\u00f3n se rompe.<\/span><\/p><p><span style=\"font-weight: 400;\">En estos pacientes se observan:<\/span><\/p><ul><li style=\"font-weight: 400;\" aria-level=\"1\"><span style=\"font-weight: 400;\">Elevaci\u00f3n sostenida de <\/span><b>citocinas proinflamatorias<\/b><span style=\"font-weight: 400;\">.<\/span><\/li><li style=\"font-weight: 400;\" aria-level=\"1\"><span style=\"font-weight: 400;\">Actividad incrementada de <\/span><b>metaloproteinasas de matriz (MMPs)<\/b><span style=\"font-weight: 400;\"> que degradan col\u00e1geno reci\u00e9n sintetizado.<\/span><\/li><li style=\"font-weight: 400;\" aria-level=\"1\"><span style=\"font-weight: 400;\">Disminuci\u00f3n de <\/span><b>factores de crecimiento end\u00f3genos<\/b><span style=\"font-weight: 400;\">.<\/span><\/li><li style=\"font-weight: 400;\" aria-level=\"1\"><span style=\"font-weight: 400;\">Microangiopat\u00eda y d\u00e9ficit de perfusi\u00f3n.<\/span><\/li><li style=\"font-weight: 400;\" aria-level=\"1\"><span style=\"font-weight: 400;\">Estr\u00e9s oxidativo mantenido.<\/span><\/li><\/ul><p><span style=\"font-weight: 400;\">Este entorno crea un lecho de herida incapaz de sostener tejido de granulaci\u00f3n estable. La consecuencia cl\u00ednica es una lesi\u00f3n que reduce m\u00ednimamente su tama\u00f1o o que fluct\u00faa sin cerrar.<\/span><\/p><p><span style=\"font-weight: 400;\">Aqu\u00ed es donde los <\/span><b>geles y ap\u00f3sitos de PRP en curaci\u00f3n de heridas<\/b><span style=\"font-weight: 400;\"> adquieren un papel biol\u00f3gico espec\u00edfico: no reemplazan el desbridamiento ni la terapia compresiva, pero pueden intervenir directamente sobre ese microambiente disfuncional.<\/span><\/p>\t\t\t\t\t\t<\/div>\n\t\t\t\t<\/div>\n\t\t\t\t<div class=\"elementor-element elementor-element-f386748 elementor-widget elementor-widget-heading\" data-id=\"f386748\" data-element_type=\"widget\" data-widget_type=\"heading.default\">\n\t\t\t\t<div class=\"elementor-widget-container\">\n\t\t\t<h3 class=\"elementor-heading-title elementor-size-default\">Inflamaci\u00f3n cr\u00f3nica y degradaci\u00f3n continua de matriz extracelular\n<\/h3>\t\t<\/div>\n\t\t\t\t<\/div>\n\t\t\t\t<div class=\"elementor-element elementor-element-461d370a elementor-widget elementor-widget-text-editor\" data-id=\"461d370a\" data-element_type=\"widget\" data-widget_type=\"text-editor.default\">\n\t\t\t\t<div class=\"elementor-widget-container\">\n\t\t\t\t\t\t\t<p><span style=\"font-weight: 400;\">En heridas cr\u00f3nicas, las MMPs degradan col\u00e1geno tipo III y fibronectina antes de que puedan consolidarse. Esto genera un tejido fr\u00e1gil y no estructurado. La aplicaci\u00f3n de <\/span><b>geles y ap\u00f3sitos de PRP en curaci\u00f3n de heridas<\/b><span style=\"font-weight: 400;\"> puede aportar mediadores que modulen esta actividad enzim\u00e1tica y favorezcan la transici\u00f3n hacia fase proliferativa.<\/span><\/p>\t\t\t\t\t\t<\/div>\n\t\t\t\t<\/div>\n\t\t\t\t<div class=\"elementor-element elementor-element-265b5e2 elementor-widget elementor-widget-heading\" data-id=\"265b5e2\" data-element_type=\"widget\" data-widget_type=\"heading.default\">\n\t\t\t\t<div class=\"elementor-widget-container\">\n\t\t\t<h3 class=\"elementor-heading-title elementor-size-default\">D\u00e9ficit angiog\u00e9nico y tisular\n\n<\/h3>\t\t<\/div>\n\t\t\t\t<\/div>\n\t\t\t\t<div class=\"elementor-element elementor-element-ad36f8a elementor-widget elementor-widget-text-editor\" data-id=\"ad36f8a\" data-element_type=\"widget\" data-widget_type=\"text-editor.default\">\n\t\t\t\t<div class=\"elementor-widget-container\">\n\t\t\t\t\t\t\t<p><span style=\"font-weight: 400;\">La microangiopat\u00eda diab\u00e9tica y la insuficiencia venosa comprometen la oxigenaci\u00f3n local. Sin vascularizaci\u00f3n adecuada, el tejido no puede sostener la proliferaci\u00f3n celular efectiva. En este contexto, cualquier intervenci\u00f3n que estimule angiog\u00e9nesis cobra relevancia cl\u00ednica.<\/span><\/p>\t\t\t\t\t\t<\/div>\n\t\t\t\t<\/div>\n\t\t\t\t<div class=\"elementor-element elementor-element-5cfd406 elementor-widget elementor-widget-heading\" data-id=\"5cfd406\" data-element_type=\"widget\" data-widget_type=\"heading.default\">\n\t\t\t\t<div class=\"elementor-widget-container\">\n\t\t\t<h2 class=\"elementor-heading-title elementor-size-default\">Fundamento biol\u00f3gico ampliado de los geles y ap\u00f3sitos de PRP en curaci\u00f3n de heridas<\/h2>\t\t<\/div>\n\t\t\t\t<\/div>\n\t\t\t\t<div class=\"elementor-element elementor-element-9b7de0b elementor-widget elementor-widget-text-editor\" data-id=\"9b7de0b\" data-element_type=\"widget\" data-widget_type=\"text-editor.default\">\n\t\t\t\t<div class=\"elementor-widget-container\">\n\t\t\t\t\t\t\t<p><span style=\"font-weight: 400;\">Los <\/span><b>geles y ap\u00f3sitos de PRP en curaci\u00f3n de heridas<\/b><span style=\"font-weight: 400;\"> act\u00faan como una matriz bioactiva que libera factores de crecimiento de forma progresiva sobre el lecho lesionado.<\/span><\/p><p><span style=\"font-weight: 400;\">Al activarse las plaquetas, se liberan:<\/span><\/p><ul><li style=\"font-weight: 400;\" aria-level=\"1\"><b>PDGF<\/b><span style=\"font-weight: 400;\">, que estimula fibroblastos.<\/span><\/li><li style=\"font-weight: 400;\" aria-level=\"1\"><b>VEGF<\/b><span style=\"font-weight: 400;\">, que promueve formaci\u00f3n capilar.<\/span><\/li><li style=\"font-weight: 400;\" aria-level=\"1\"><b>TGF-\u03b2<\/b><span style=\"font-weight: 400;\">, que regula s\u00edntesis de col\u00e1geno.<\/span><\/li><li style=\"font-weight: 400;\" aria-level=\"1\"><b>EGF<\/b><span style=\"font-weight: 400;\">, que favorece migraci\u00f3n epitelial.<\/span><\/li><\/ul><p><span style=\"font-weight: 400;\">La diferencia clave frente a una infiltraci\u00f3n es la permanencia local prolongada. El gel forma una red fibr\u00ednica que sirve como soporte estructural y reservorio de factores bioactivos.<\/span><\/p><p data-start=\"2977\" data-end=\"3175\"><span style=\"font-weight: 400;\">En pr\u00e1ctica cl\u00ednica, la obtenci\u00f3n del concentrado suele realizarse mediante <\/span><a href=\"https:\/\/bio-teach.com\/kitsprp\"><b>kits de PRP profesionales<\/b><\/a>.<\/p>\t\t\t\t\t\t<\/div>\n\t\t\t\t<\/div>\n\t\t\t\t<div class=\"elementor-element elementor-element-1568e07 elementor-widget elementor-widget-heading\" data-id=\"1568e07\" data-element_type=\"widget\" data-widget_type=\"heading.default\">\n\t\t\t\t<div class=\"elementor-widget-container\">\n\t\t\t<h3 class=\"elementor-heading-title elementor-size-default\">Angiog\u00e9nesis sostenida y oxigenaci\u00f3n tisular\n\n\n<\/h3>\t\t<\/div>\n\t\t\t\t<\/div>\n\t\t\t\t<div class=\"elementor-element elementor-element-98ad492 elementor-widget elementor-widget-text-editor\" data-id=\"98ad492\" data-element_type=\"widget\" data-widget_type=\"text-editor.default\">\n\t\t\t\t<div class=\"elementor-widget-container\">\n\t\t\t\t\t\t\t<p><span style=\"font-weight: 400;\">El VEGF estimula formaci\u00f3n de capilares funcionales en tejido previamente hip\u00f3xico. En heridas diab\u00e9ticas, esta neoangiog\u00e9nesis puede traducirse en mejora visible del color y consistencia del tejido de granulaci\u00f3n.<\/span><\/p>\t\t\t\t\t\t<\/div>\n\t\t\t\t<\/div>\n\t\t\t\t<div class=\"elementor-element elementor-element-5af8188 elementor-widget elementor-widget-heading\" data-id=\"5af8188\" data-element_type=\"widget\" data-widget_type=\"heading.default\">\n\t\t\t\t<div class=\"elementor-widget-container\">\n\t\t\t<h3 class=\"elementor-heading-title elementor-size-default\">Estimulaci\u00f3n fibrobl\u00e1stica estructural\n\n<\/h3>\t\t<\/div>\n\t\t\t\t<\/div>\n\t\t\t\t<div class=\"elementor-element elementor-element-491a193 elementor-widget elementor-widget-text-editor\" data-id=\"491a193\" data-element_type=\"widget\" data-widget_type=\"text-editor.default\">\n\t\t\t\t<div class=\"elementor-widget-container\">\n\t\t\t\t\t\t\t<p><span style=\"font-weight: 400;\">La activaci\u00f3n de fibroblastos no s\u00f3lo acelera el cierre superficial, sino que contribuye a una matriz m\u00e1s organizada y resistente, reduciendo el riesgo de reapertura<\/span><\/p>\t\t\t\t\t\t<\/div>\n\t\t\t\t<\/div>\n\t\t\t\t<div class=\"elementor-element elementor-element-8ec6945 elementor-widget elementor-widget-heading\" data-id=\"8ec6945\" data-element_type=\"widget\" data-widget_type=\"heading.default\">\n\t\t\t\t<div class=\"elementor-widget-container\">\n\t\t\t<h3 class=\"elementor-heading-title elementor-size-default\">Modulaci\u00f3n del entorno inflamatorio\n<\/h3>\t\t<\/div>\n\t\t\t\t<\/div>\n\t\t\t\t<div class=\"elementor-element elementor-element-9c13534 elementor-widget elementor-widget-text-editor\" data-id=\"9c13534\" data-element_type=\"widget\" data-widget_type=\"text-editor.default\">\n\t\t\t\t<div class=\"elementor-widget-container\">\n\t\t\t\t\t\t\t<p><span style=\"font-weight: 400;\">El PRP puede influir en el equilibrio de macr\u00f3fagos hacia fenotipos m\u00e1s reparativos (M2), favoreciendo la transici\u00f3n desde inflamaci\u00f3n persistente hacia proliferaci\u00f3n activa.<\/span><\/p>\t\t\t\t\t\t<\/div>\n\t\t\t\t<\/div>\n\t\t\t\t<div class=\"elementor-element elementor-element-0d55018 elementor-widget elementor-widget-heading\" data-id=\"0d55018\" data-element_type=\"widget\" data-widget_type=\"heading.default\">\n\t\t\t\t<div class=\"elementor-widget-container\">\n\t\t\t<h2 class=\"elementor-heading-title elementor-size-default\">Evidencia cl\u00ednica detallada en \u00falceras diab\u00e9ticas y venosas\n<\/h2>\t\t<\/div>\n\t\t\t\t<\/div>\n\t\t\t\t<div class=\"elementor-element elementor-element-46dce8e elementor-widget elementor-widget-text-editor\" data-id=\"46dce8e\" data-element_type=\"widget\" data-widget_type=\"text-editor.default\">\n\t\t\t\t<div class=\"elementor-widget-container\">\n\t\t\t\t\t\t\t<p><span style=\"font-weight: 400;\">Los ensayos recientes sobre <\/span><b>geles y ap\u00f3sitos de PRP en curaci\u00f3n de heridas<\/b><span style=\"font-weight: 400;\"> muestran resultados cl\u00ednicos consistentes en determinados perfiles.<\/span><\/p>\t\t\t\t\t\t<\/div>\n\t\t\t\t<\/div>\n\t\t\t\t<div class=\"elementor-element elementor-element-4d3ef01 elementor-widget elementor-widget-heading\" data-id=\"4d3ef01\" data-element_type=\"widget\" data-widget_type=\"heading.default\">\n\t\t\t\t<div class=\"elementor-widget-container\">\n\t\t\t<h3 class=\"elementor-heading-title elementor-size-medium\">\u00dalceras diab\u00e9ticas del pie: datos relevantes\n<\/h3>\t\t<\/div>\n\t\t\t\t<\/div>\n\t\t\t\t<div class=\"elementor-element elementor-element-b417944 elementor-widget elementor-widget-text-editor\" data-id=\"b417944\" data-element_type=\"widget\" data-widget_type=\"text-editor.default\">\n\t\t\t\t<div class=\"elementor-widget-container\">\n\t\t\t\t\t\t\t<p><span style=\"font-weight: 400;\">En pacientes con neuropat\u00eda y alteraci\u00f3n microvascular, la aplicaci\u00f3n repetida de PRP ha mostrado:<\/span><\/p><ul><li style=\"font-weight: 400;\" aria-level=\"1\"><span style=\"font-weight: 400;\">Mayor formaci\u00f3n de tejido de granulaci\u00f3n.<\/span><\/li><li style=\"font-weight: 400;\" aria-level=\"1\"><span style=\"font-weight: 400;\">Reducci\u00f3n m\u00e1s r\u00e1pida del tama\u00f1o de la lesi\u00f3n.<\/span><\/li><li style=\"font-weight: 400;\" aria-level=\"1\"><span style=\"font-weight: 400;\">Disminuci\u00f3n del tiempo total hasta el cierre completo en algunos estudios.<\/span><\/li><\/ul><p><span style=\"font-weight: 400;\">Estos hallazgos son particularmente relevantes en lesiones neurop\u00e1ticas con perfusi\u00f3n comprometida.<\/span><\/p>\t\t\t\t\t\t<\/div>\n\t\t\t\t<\/div>\n\t\t\t\t<div class=\"elementor-element elementor-element-56020ca elementor-widget elementor-widget-heading\" data-id=\"56020ca\" data-element_type=\"widget\" data-widget_type=\"heading.default\">\n\t\t\t\t<div class=\"elementor-widget-container\">\n\t\t\t<h3 class=\"elementor-heading-title elementor-size-medium\">\u00dalceras venosas: impacto en epitelizaci\u00f3n\n\n<\/h3>\t\t<\/div>\n\t\t\t\t<\/div>\n\t\t\t\t<div class=\"elementor-element elementor-element-98f2c0b elementor-widget elementor-widget-text-editor\" data-id=\"98f2c0b\" data-element_type=\"widget\" data-widget_type=\"text-editor.default\">\n\t\t\t\t<div class=\"elementor-widget-container\">\n\t\t\t\t\t\t\t<p><span style=\"font-weight: 400;\">Cuando se combinan <\/span><b>geles y ap\u00f3sitos de PRP en curaci\u00f3n de heridas<\/b><span style=\"font-weight: 400;\"> con terapia compresiva adecuada, se observa aceleraci\u00f3n en la formaci\u00f3n de epitelio funcional y reducci\u00f3n del tiempo hasta cierre.<\/span><\/p>\t\t\t\t\t\t<\/div>\n\t\t\t\t<\/div>\n\t\t\t\t<div class=\"elementor-element elementor-element-be9d4bd elementor-widget elementor-widget-heading\" data-id=\"be9d4bd\" data-element_type=\"widget\" data-widget_type=\"heading.default\">\n\t\t\t\t<div class=\"elementor-widget-container\">\n\t\t\t<h3 class=\"elementor-heading-title elementor-size-medium\">Par\u00e1metros cl\u00ednicos evaluados\n<\/h3>\t\t<\/div>\n\t\t\t\t<\/div>\n\t\t\t\t<div class=\"elementor-element elementor-element-7be29ef elementor-widget elementor-widget-text-editor\" data-id=\"7be29ef\" data-element_type=\"widget\" data-widget_type=\"text-editor.default\">\n\t\t\t\t<div class=\"elementor-widget-container\">\n\t\t\t\t\t\t\t<p><b>Los estudios suelen analizar:<\/b><\/p><ul><li><span style=\"font-weight: 400;\">Tiempo hasta cierre completo.<\/span><\/li><li><span style=\"font-weight: 400;\">Reducci\u00f3n porcentual del \u00e1rea.<\/span><\/li><li><span style=\"font-weight: 400;\">Calidad del lecho.<\/span><\/li><li><span style=\"font-weight: 400;\">Tasa de recurrencia a mediano plazo.<\/span><\/li><\/ul><p><span style=\"font-weight: 400;\">La estandarizaci\u00f3n del concentrado puede optimizarse mediante <\/span><b><a href=\"https:\/\/bio-teach.com\/kitsprp\/centrifuja-prp\/\">centr\u00edfuga PRP especializada<\/a> <\/b><span style=\"font-weight: 400;\">y <\/span><a href=\"https:\/\/bio-teach.com\/kitsprp\/tubos-para-prp\/\"><b>tubos espec\u00edficos para PRP<\/b><\/a><b><br \/><\/b><\/p>\t\t\t\t\t\t<\/div>\n\t\t\t\t<\/div>\n\t\t\t\t<div class=\"elementor-element elementor-element-becd56a elementor-widget elementor-widget-heading\" data-id=\"becd56a\" data-element_type=\"widget\" data-widget_type=\"heading.default\">\n\t\t\t\t<div class=\"elementor-widget-container\">\n\t\t\t<h2 class=\"elementor-heading-title elementor-size-default\">Aplicaci\u00f3n en heridas quir\u00fargicas complejas y traumatismos extensos<\/h2>\t\t<\/div>\n\t\t\t\t<\/div>\n\t\t\t\t<div class=\"elementor-element elementor-element-9a3b480 elementor-widget elementor-widget-text-editor\" data-id=\"9a3b480\" data-element_type=\"widget\" data-widget_type=\"text-editor.default\">\n\t\t\t\t<div class=\"elementor-widget-container\">\n\t\t\t\t\t\t\t<p><span style=\"font-weight: 400;\">Los <\/span><b>geles y ap\u00f3sitos de PRP en curaci\u00f3n de heridas<\/b><span style=\"font-weight: 400;\"> tambi\u00e9n han encontrado aplicaci\u00f3n en cirug\u00eda ortop\u00e9dica, vascular y reconstructiva.<\/span><\/p>\t\t\t\t\t\t<\/div>\n\t\t\t\t<\/div>\n\t\t\t\t<div class=\"elementor-element elementor-element-ff9285d elementor-widget elementor-widget-heading\" data-id=\"ff9285d\" data-element_type=\"widget\" data-widget_type=\"heading.default\">\n\t\t\t\t<div class=\"elementor-widget-container\">\n\t\t\t<h3 class=\"elementor-heading-title elementor-size-medium\">Cirug\u00eda ortop\u00e9dica y vascular de alto riesgo\n\n<\/h3>\t\t<\/div>\n\t\t\t\t<\/div>\n\t\t\t\t<div class=\"elementor-element elementor-element-be67e6b elementor-widget elementor-widget-text-editor\" data-id=\"be67e6b\" data-element_type=\"widget\" data-widget_type=\"text-editor.default\">\n\t\t\t\t<div class=\"elementor-widget-container\">\n\t\t\t\t\t\t\t<p><span style=\"font-weight: 400;\">En pacientes con factores de riesgo metab\u00f3licos o vasculares, el <strong>PRP t\u00f3pico<\/strong> puede actuar como modulador biol\u00f3gico complementario para optimizar el lecho quir\u00fargico.<\/span><\/p>\t\t\t\t\t\t<\/div>\n\t\t\t\t<\/div>\n\t\t\t\t<div class=\"elementor-element elementor-element-6921b24 elementor-widget elementor-widget-heading\" data-id=\"6921b24\" data-element_type=\"widget\" data-widget_type=\"heading.default\">\n\t\t\t\t<div class=\"elementor-widget-container\">\n\t\t\t<h3 class=\"elementor-heading-title elementor-size-medium\">Lesiones traum\u00e1ticas con p\u00e9rdida de sustancia\n<\/h3>\t\t<\/div>\n\t\t\t\t<\/div>\n\t\t\t\t<div class=\"elementor-element elementor-element-198ff54 elementor-widget elementor-widget-text-editor\" data-id=\"198ff54\" data-element_type=\"widget\" data-widget_type=\"text-editor.default\">\n\t\t\t\t<div class=\"elementor-widget-container\">\n\t\t\t\t\t\t\t<p><span style=\"font-weight: 400;\">En heridas abiertas complejas, el gel puede servir como matriz provisional que favorece la granulaci\u00f3n organizada antes de procedimientos reconstructivos definitivos.<\/span><\/p>\t\t\t\t\t\t<\/div>\n\t\t\t\t<\/div>\n\t\t\t\t<div class=\"elementor-element elementor-element-f00ce26 elementor-widget elementor-widget-heading\" data-id=\"f00ce26\" data-element_type=\"widget\" data-widget_type=\"heading.default\">\n\t\t\t\t<div class=\"elementor-widget-container\">\n\t\t\t<h3 class=\"elementor-heading-title elementor-size-medium\">Preparaci\u00f3n del lecho previo a injertos\n\n<\/h3>\t\t<\/div>\n\t\t\t\t<\/div>\n\t\t\t\t<div class=\"elementor-element elementor-element-18a5bb7 elementor-widget elementor-widget-text-editor\" data-id=\"18a5bb7\" data-element_type=\"widget\" data-widget_type=\"text-editor.default\">\n\t\t\t\t<div class=\"elementor-widget-container\">\n\t\t\t\t\t\t\t<p><span style=\"font-weight: 400;\">En cirug\u00eda reconstructiva, mejorar la calidad del tejido antes del injerto aumenta probabilidad de integraci\u00f3n y reduce complicaciones.<\/span><\/p>\t\t\t\t\t\t<\/div>\n\t\t\t\t<\/div>\n\t\t\t\t<div class=\"elementor-element elementor-element-ab7fa41 elementor-widget elementor-widget-heading\" data-id=\"ab7fa41\" data-element_type=\"widget\" data-widget_type=\"heading.default\">\n\t\t\t\t<div class=\"elementor-widget-container\">\n\t\t\t<h2 class=\"elementor-heading-title elementor-size-default\">Comparaci\u00f3n profunda con terapias convencionales\n<\/h2>\t\t<\/div>\n\t\t\t\t<\/div>\n\t\t\t\t<div class=\"elementor-element elementor-element-d7b3f17 elementor-widget elementor-widget-text-editor\" data-id=\"d7b3f17\" data-element_type=\"widget\" data-widget_type=\"text-editor.default\">\n\t\t\t\t<div class=\"elementor-widget-container\">\n\t\t\t\t\t\t\t<p><span style=\"font-weight: 400;\">El tratamiento est\u00e1ndar incluye:<\/span><\/p><ul><li style=\"font-weight: 400;\" aria-level=\"1\"><span style=\"font-weight: 400;\">Desbridamiento.<\/span><\/li><li style=\"font-weight: 400;\" aria-level=\"1\"><span style=\"font-weight: 400;\">Control de infecci\u00f3n.<\/span><\/li><li style=\"font-weight: 400;\" aria-level=\"1\"><span style=\"font-weight: 400;\">Ap\u00f3sitos avanzados.<\/span><\/li><li style=\"font-weight: 400;\" aria-level=\"1\"><span style=\"font-weight: 400;\">Terapia compresiva.<\/span><\/li><\/ul><p><span style=\"font-weight: 400;\">Sin embargo, la mayor\u00eda de estos enfoques no aportan mediadores bioactivos.<\/span><\/p>\t\t\t\t\t\t<\/div>\n\t\t\t\t<\/div>\n\t\t\t\t<div class=\"elementor-element elementor-element-cb7369b elementor-widget elementor-widget-heading\" data-id=\"cb7369b\" data-element_type=\"widget\" data-widget_type=\"heading.default\">\n\t\t\t\t<div class=\"elementor-widget-container\">\n\t\t\t<h3 class=\"elementor-heading-title elementor-size-medium\">Diferencia frente a matrices sint\u00e9ticas<\/h3>\t\t<\/div>\n\t\t\t\t<\/div>\n\t\t\t\t<div class=\"elementor-element elementor-element-a3345d4 elementor-widget elementor-widget-text-editor\" data-id=\"a3345d4\" data-element_type=\"widget\" data-widget_type=\"text-editor.default\">\n\t\t\t\t<div class=\"elementor-widget-container\">\n\t\t\t\t\t\t\t<p><span style=\"font-weight: 400;\">Los <\/span><b>geles y ap\u00f3sitos de PRP en curaci\u00f3n de heridas<\/b><span style=\"font-weight: 400;\"> no solo cubren; intervienen biol\u00f3gicamente en la se\u00f1alizaci\u00f3n celular.<\/span><\/p>\t\t\t\t\t\t<\/div>\n\t\t\t\t<\/div>\n\t\t\t\t<div class=\"elementor-element elementor-element-9f329af elementor-widget elementor-widget-heading\" data-id=\"9f329af\" data-element_type=\"widget\" data-widget_type=\"heading.default\">\n\t\t\t\t<div class=\"elementor-widget-container\">\n\t\t\t<h3 class=\"elementor-heading-title elementor-size-medium\">Limitaciones metodol\u00f3gicas actuales<\/h3>\t\t<\/div>\n\t\t\t\t<\/div>\n\t\t\t\t<div class=\"elementor-element elementor-element-9bfb260 elementor-widget elementor-widget-text-editor\" data-id=\"9bfb260\" data-element_type=\"widget\" data-widget_type=\"text-editor.default\">\n\t\t\t\t<div class=\"elementor-widget-container\">\n\t\t\t\t\t\t\t<p><span style=\"font-weight: 400;\">Persisten desaf\u00edos:<\/span><\/p><ul><li style=\"font-weight: 400;\" aria-level=\"1\"><span style=\"font-weight: 400;\">Protocolos heterog\u00e9neos.<\/span><\/li><li style=\"font-weight: 400;\" aria-level=\"1\"><span style=\"font-weight: 400;\">Diferencias en concentraci\u00f3n plaquetaria.<\/span><\/li><li style=\"font-weight: 400;\" aria-level=\"1\"><span style=\"font-weight: 400;\">Falta de ensayos multic\u00e9ntricos amplios.<\/span><\/li><\/ul>\t\t\t\t\t\t<\/div>\n\t\t\t\t<\/div>\n\t\t\t\t<div class=\"elementor-element elementor-element-c80117b elementor-widget elementor-widget-heading\" data-id=\"c80117b\" data-element_type=\"widget\" data-widget_type=\"heading.default\">\n\t\t\t\t<div class=\"elementor-widget-container\">\n\t\t\t<h2 class=\"elementor-heading-title elementor-size-default\">Integraci\u00f3n cl\u00ednica avanzada de los geles y ap\u00f3sitos de PRP en curaci\u00f3n de heridas<\/h2>\t\t<\/div>\n\t\t\t\t<\/div>\n\t\t\t\t<div class=\"elementor-element elementor-element-3b5e6ed elementor-widget elementor-widget-text-editor\" data-id=\"3b5e6ed\" data-element_type=\"widget\" data-widget_type=\"text-editor.default\">\n\t\t\t\t<div class=\"elementor-widget-container\">\n\t\t\t\t\t\t\t<p><span style=\"font-weight: 400;\">La incorporaci\u00f3n de <\/span><b>geles y ap\u00f3sitos de PRP en curaci\u00f3n de heridas<\/b><span style=\"font-weight: 400;\"> requiere protocolo estructurado y selecci\u00f3n adecuada de casos.<\/span><\/p><p><span style=\"font-weight: 400;\">En unidades especializadas, su uso se integra con:<\/span><\/p><ul><li style=\"font-weight: 400;\" aria-level=\"1\"><span style=\"font-weight: 400;\">Manejo metab\u00f3lico.<\/span><\/li><li style=\"font-weight: 400;\" aria-level=\"1\"><span style=\"font-weight: 400;\">Control vascular.<\/span><\/li><li style=\"font-weight: 400;\" aria-level=\"1\"><span style=\"font-weight: 400;\">Estrategias de descarga.<\/span><\/li><li style=\"font-weight: 400;\" aria-level=\"1\"><span style=\"font-weight: 400;\">Seguimiento estructurado.<\/span><\/li><\/ul><p><span style=\"font-weight: 400;\">La disponibilidad de <\/span><b>kits de PRP profesionales <\/b><b><\/b><span style=\"font-weight: 400;\">facilita integraci\u00f3n en flujo cl\u00ednico.<\/span><\/p>\t\t\t\t\t\t<\/div>\n\t\t\t\t<\/div>\n\t\t\t\t<div class=\"elementor-element elementor-element-e11b9d7 elementor-widget elementor-widget-heading\" data-id=\"e11b9d7\" data-element_type=\"widget\" data-widget_type=\"heading.default\">\n\t\t\t\t<div class=\"elementor-widget-container\">\n\t\t\t<h2 class=\"elementor-heading-title elementor-size-default\">Preguntas frecuentes sobre geles y ap\u00f3sitos de PRP en curaci\u00f3n de heridas\n<\/h2>\t\t<\/div>\n\t\t\t\t<\/div>\n\t\t\t\t<div class=\"elementor-element elementor-element-d690c96 elementor-widget elementor-widget-text-editor\" data-id=\"d690c96\" data-element_type=\"widget\" data-widget_type=\"text-editor.default\">\n\t\t\t\t<div class=\"elementor-widget-container\">\n\t\t\t\t\t\t\t\t\t\t\t\t\t<\/div>\n\t\t\t\t<\/div>\n\t\t\t\t<div class=\"elementor-element elementor-element-1a04e24 elementor-widget elementor-widget-accordion\" data-id=\"1a04e24\" data-element_type=\"widget\" data-widget_type=\"accordion.default\">\n\t\t\t\t<div class=\"elementor-widget-container\">\n\t\t\t\t\t<div class=\"elementor-accordion\" role=\"tablist\">\n\t\t\t\t\t\t\t<div class=\"elementor-accordion-item\">\n\t\t\t\t\t<div id=\"elementor-tab-title-2721\" class=\"elementor-tab-title\" data-tab=\"1\" role=\"tab\" aria-controls=\"elementor-tab-content-2721\" aria-expanded=\"false\">\n\t\t\t\t\t\t\t\t\t\t\t\t\t<span class=\"elementor-accordion-icon elementor-accordion-icon-left\" aria-hidden=\"true\">\n\t\t\t\t\t\t\t\t\t\t\t\t\t\t\t<span class=\"elementor-accordion-icon-closed\"><i class=\"fas fa-plus\"><\/i><\/span>\n\t\t\t\t\t\t\t\t<span class=\"elementor-accordion-icon-opened\"><i class=\"fas fa-minus\"><\/i><\/span>\n\t\t\t\t\t\t\t\t\t\t\t\t\t\t<\/span>\n\t\t\t\t\t\t\t\t\t\t\t\t<a class=\"elementor-accordion-title\" href=\"\">\u00bfEn qu\u00e9 escenarios cl\u00ednicos los geles y ap\u00f3sitos de PRP en curaci\u00f3n de heridas suelen mostrar mayor beneficio?<\/a>\n\t\t\t\t\t<\/div>\n\t\t\t\t\t<div id=\"elementor-tab-content-2721\" class=\"elementor-tab-content elementor-clearfix\" data-tab=\"1\" role=\"tabpanel\" aria-labelledby=\"elementor-tab-title-2721\"><p><span style=\"font-weight: 400;\">Los <\/span><b>geles y ap\u00f3sitos de PRP en curaci\u00f3n de heridas<\/b><span style=\"font-weight: 400;\"> tienden a mostrar mejor rendimiento cuando la lesi\u00f3n est\u00e1 \u201cestancada\u201d por un microambiente biol\u00f3gico desfavorable: <\/span><b>\u00falcera diab\u00e9tica<\/b><span style=\"font-weight: 400;\"> con d\u00e9ficit angiog\u00e9nico, <\/span><b>\u00falcera venosa<\/b><span style=\"font-weight: 400;\"> con inflamaci\u00f3n persistente, o heridas con tejido de granulaci\u00f3n de baja calidad que no progresa hacia epitelizaci\u00f3n. En estos escenarios, el aporte de mediadores (PDGF, VEGF, TGF-\u03b2, EGF) puede favorecer transici\u00f3n desde inflamaci\u00f3n cr\u00f3nica hacia fase proliferativa. En la pr\u00e1ctica, el efecto suele ser m\u00e1s evidente cuando se combinan con un manejo correcto de la causa: descarga en pie diab\u00e9tico, compresi\u00f3n en venosa, y control metab\u00f3lico\/vascular.<\/span><\/p><\/div>\n\t\t\t\t<\/div>\n\t\t\t\t\t\t\t<div class=\"elementor-accordion-item\">\n\t\t\t\t\t<div id=\"elementor-tab-title-2722\" class=\"elementor-tab-title\" data-tab=\"2\" role=\"tab\" aria-controls=\"elementor-tab-content-2722\" aria-expanded=\"false\">\n\t\t\t\t\t\t\t\t\t\t\t\t\t<span class=\"elementor-accordion-icon elementor-accordion-icon-left\" aria-hidden=\"true\">\n\t\t\t\t\t\t\t\t\t\t\t\t\t\t\t<span class=\"elementor-accordion-icon-closed\"><i class=\"fas fa-plus\"><\/i><\/span>\n\t\t\t\t\t\t\t\t<span class=\"elementor-accordion-icon-opened\"><i class=\"fas fa-minus\"><\/i><\/span>\n\t\t\t\t\t\t\t\t\t\t\t\t\t\t<\/span>\n\t\t\t\t\t\t\t\t\t\t\t\t<a class=\"elementor-accordion-title\" href=\"\">\u00bfLos geles y ap\u00f3sitos de PRP en curaci\u00f3n de heridas reemplazan al tratamiento est\u00e1ndar (desbridamiento, compresi\u00f3n, control de infecci\u00f3n)?<\/a>\n\t\t\t\t\t<\/div>\n\t\t\t\t\t<div id=\"elementor-tab-content-2722\" class=\"elementor-tab-content elementor-clearfix\" data-tab=\"2\" role=\"tabpanel\" aria-labelledby=\"elementor-tab-title-2722\"><p><span style=\"font-weight: 400;\">No. En pr\u00e1ctica cl\u00ednica avanzada, los <\/span><b>geles y ap\u00f3sitos de PRP en curaci\u00f3n de heridas<\/b><span style=\"font-weight: 400;\"> se consideran un <\/span><b>adyuvante biol\u00f3gico<\/b><span style=\"font-weight: 400;\">, no un reemplazo de pilares terap\u00e9uticos. Si no hay <\/span><b>desbridamiento<\/b><span style=\"font-weight: 400;\"> adecuado, el PRP se coloca sobre tejido no viable y el beneficio se reduce. Si no hay <\/span><b>compresi\u00f3n<\/b><span style=\"font-weight: 400;\"> en \u00falcera venosa, la hipertensi\u00f3n venosa sigue da\u00f1ando el lecho. Si hay infecci\u00f3n activa no controlada, el entorno seguir\u00e1 siendo degradativo. El valor del PRP t\u00f3pico aparece cuando se integra en un plan completo y ordenado, porque su objetivo es optimizar el microambiente para que el tejido responda.<\/span><\/p><\/div>\n\t\t\t\t<\/div>\n\t\t\t\t\t\t\t<div class=\"elementor-accordion-item\">\n\t\t\t\t\t<div id=\"elementor-tab-title-2723\" class=\"elementor-tab-title\" data-tab=\"3\" role=\"tab\" aria-controls=\"elementor-tab-content-2723\" aria-expanded=\"false\">\n\t\t\t\t\t\t\t\t\t\t\t\t\t<span class=\"elementor-accordion-icon elementor-accordion-icon-left\" aria-hidden=\"true\">\n\t\t\t\t\t\t\t\t\t\t\t\t\t\t\t<span class=\"elementor-accordion-icon-closed\"><i class=\"fas fa-plus\"><\/i><\/span>\n\t\t\t\t\t\t\t\t<span class=\"elementor-accordion-icon-opened\"><i class=\"fas fa-minus\"><\/i><\/span>\n\t\t\t\t\t\t\t\t\t\t\t\t\t\t<\/span>\n\t\t\t\t\t\t\t\t\t\t\t\t<a class=\"elementor-accordion-title\" href=\"\">\u00bfCu\u00e1ntas aplicaciones suelen necesitarse y c\u00f3mo se decide si continuar?<\/a>\n\t\t\t\t\t<\/div>\n\t\t\t\t\t<div id=\"elementor-tab-content-2723\" class=\"elementor-tab-content elementor-clearfix\" data-tab=\"3\" role=\"tabpanel\" aria-labelledby=\"elementor-tab-title-2723\"><p><span style=\"font-weight: 400;\">La frecuencia depende del tipo de lesi\u00f3n, del tama\u00f1o, del tiempo de evoluci\u00f3n y del comportamiento del lecho. En la pr\u00e1ctica, los protocolos con <\/span><b>geles y ap\u00f3sitos de PRP en curaci\u00f3n de heridas<\/b><span style=\"font-weight: 400;\"> suelen ser seriados y se eval\u00faan con m\u00e9tricas objetivas: reducci\u00f3n de \u00e1rea, mejora del tejido de granulaci\u00f3n, borde epitelial m\u00e1s activo y disminuci\u00f3n de exudado patol\u00f3gico. Un criterio cl\u00ednico razonable es valorar si hay \u201cse\u00f1al de respuesta\u201d en las primeras aplicaciones: si el lecho cambia (m\u00e1s granulaci\u00f3n viable, menos fibrina persistente), suele justificarse continuidad; si la herida no muestra cambios, se reeval\u00faa el diagn\u00f3stico (isquemia, carga, biocarga, adherencia a compresi\u00f3n\/descarga).<\/span><\/p><p><span style=\"font-weight: 400;\">Para flujos operativos de cl\u00ednica, se suele trabajar con <\/span><b>kits de PRP<\/b><span style=\"font-weight: 400;\"> para estandarizar obtenci\u00f3n<\/span><\/p><\/div>\n\t\t\t\t<\/div>\n\t\t\t\t\t\t\t<div class=\"elementor-accordion-item\">\n\t\t\t\t\t<div id=\"elementor-tab-title-2724\" class=\"elementor-tab-title\" data-tab=\"4\" role=\"tab\" aria-controls=\"elementor-tab-content-2724\" aria-expanded=\"false\">\n\t\t\t\t\t\t\t\t\t\t\t\t\t<span class=\"elementor-accordion-icon elementor-accordion-icon-left\" aria-hidden=\"true\">\n\t\t\t\t\t\t\t\t\t\t\t\t\t\t\t<span class=\"elementor-accordion-icon-closed\"><i class=\"fas fa-plus\"><\/i><\/span>\n\t\t\t\t\t\t\t\t<span class=\"elementor-accordion-icon-opened\"><i class=\"fas fa-minus\"><\/i><\/span>\n\t\t\t\t\t\t\t\t\t\t\t\t\t\t<\/span>\n\t\t\t\t\t\t\t\t\t\t\t\t<a class=\"elementor-accordion-title\" href=\"\">\u00bfQu\u00e9 diferencia cl\u00ednica hay entre usar PRP en gel versus otros formatos t\u00f3picos o matrices \u201cavanzadas\u201d?<\/a>\n\t\t\t\t\t<\/div>\n\t\t\t\t\t<div id=\"elementor-tab-content-2724\" class=\"elementor-tab-content elementor-clearfix\" data-tab=\"4\" role=\"tabpanel\" aria-labelledby=\"elementor-tab-title-2724\"><p><span style=\"font-weight: 400;\">La diferencia clave de los <\/span><b>geles y ap\u00f3sitos de PRP en curaci\u00f3n de heridas<\/b><span style=\"font-weight: 400;\"> es que aportan una <\/span><b>matriz bioactiva aut\u00f3loga<\/b><span style=\"font-weight: 400;\">. Mientras muchos ap\u00f3sitos avanzados act\u00faan como soporte f\u00edsico (absorci\u00f3n, control de humedad, barrera), el PRP libera mediadores que impactan en angiog\u00e9nesis, migraci\u00f3n epitelial y proliferaci\u00f3n fibrobl\u00e1stica. Por eso, el PRP puede ser especialmente interesante cuando el problema principal no es \u201ccubrir\u201d, sino <\/span><b>activar una herida biol\u00f3gicamente hipoactiva<\/b><span style=\"font-weight: 400;\">. En cl\u00ednica, este enfoque se usa para mejorar calidad del lecho o acelerar el paso a epitelizaci\u00f3n cuando el tejido de granulaci\u00f3n no progresa.<\/span><\/p><\/div>\n\t\t\t\t<\/div>\n\t\t\t\t\t\t\t<div class=\"elementor-accordion-item\">\n\t\t\t\t\t<div id=\"elementor-tab-title-2725\" class=\"elementor-tab-title\" data-tab=\"5\" role=\"tab\" aria-controls=\"elementor-tab-content-2725\" aria-expanded=\"false\">\n\t\t\t\t\t\t\t\t\t\t\t\t\t<span class=\"elementor-accordion-icon elementor-accordion-icon-left\" aria-hidden=\"true\">\n\t\t\t\t\t\t\t\t\t\t\t\t\t\t\t<span class=\"elementor-accordion-icon-closed\"><i class=\"fas fa-plus\"><\/i><\/span>\n\t\t\t\t\t\t\t\t<span class=\"elementor-accordion-icon-opened\"><i class=\"fas fa-minus\"><\/i><\/span>\n\t\t\t\t\t\t\t\t\t\t\t\t\t\t<\/span>\n\t\t\t\t\t\t\t\t\t\t\t\t<a class=\"elementor-accordion-title\" href=\"\">\u00bfSe pueden usar geles y ap\u00f3sitos de PRP en curaci\u00f3n de heridas con biocarga elevada o colonizaci\u00f3n cr\u00edtica?<\/a>\n\t\t\t\t\t<\/div>\n\t\t\t\t\t<div id=\"elementor-tab-content-2725\" class=\"elementor-tab-content elementor-clearfix\" data-tab=\"5\" role=\"tabpanel\" aria-labelledby=\"elementor-tab-title-2725\"><p><span style=\"font-weight: 400;\">Depende del escenario. Los <\/span><b>geles y ap\u00f3sitos de PRP en curaci\u00f3n de heridas<\/b><span style=\"font-weight: 400;\"> no sustituyen el manejo de infecci\u00f3n. Si hay signos cl\u00ednicos de infecci\u00f3n activa (dolor desproporcionado, mal olor, purulencia, celulitis, fiebre, deterioro r\u00e1pido), primero corresponde control antibi\u00f3tico y desbridamiento. En colonizaci\u00f3n cr\u00edtica o biocarga elevada, muchos equipos priorizan optimizar el lecho (desbridar, controlar exudado, manejo antimicrobiano local si aplica) y luego incorporar PRP cuando el entorno sea m\u00e1s favorable, porque el exceso de proteasas y la inflamaci\u00f3n intensa pueden degradar parte del beneficio biol\u00f3gico.<\/span><\/p><\/div>\n\t\t\t\t<\/div>\n\t\t\t\t\t\t\t<div class=\"elementor-accordion-item\">\n\t\t\t\t\t<div id=\"elementor-tab-title-2726\" class=\"elementor-tab-title\" data-tab=\"6\" role=\"tab\" aria-controls=\"elementor-tab-content-2726\" aria-expanded=\"false\">\n\t\t\t\t\t\t\t\t\t\t\t\t\t<span class=\"elementor-accordion-icon elementor-accordion-icon-left\" aria-hidden=\"true\">\n\t\t\t\t\t\t\t\t\t\t\t\t\t\t\t<span class=\"elementor-accordion-icon-closed\"><i class=\"fas fa-plus\"><\/i><\/span>\n\t\t\t\t\t\t\t\t<span class=\"elementor-accordion-icon-opened\"><i class=\"fas fa-minus\"><\/i><\/span>\n\t\t\t\t\t\t\t\t\t\t\t\t\t\t<\/span>\n\t\t\t\t\t\t\t\t\t\t\t\t<a class=\"elementor-accordion-title\" href=\"\"> \u00bfQu\u00e9 variables cl\u00ednicas determinan que un paciente sea \u201cbuen candidato\u201d para geles y ap\u00f3sitos de PRP en curaci\u00f3n de heridas?<\/a>\n\t\t\t\t\t<\/div>\n\t\t\t\t\t<div id=\"elementor-tab-content-2726\" class=\"elementor-tab-content elementor-clearfix\" data-tab=\"6\" role=\"tabpanel\" aria-labelledby=\"elementor-tab-title-2726\"><p><span style=\"font-weight: 400;\">El mejor candidato no es \u201ccualquiera con una herida\u201d, sino aquel en quien el bloqueo est\u00e1 en el microambiente y no en un factor correctable no tratado. En general, antes de plantear <\/span><b>geles y ap\u00f3sitos de PRP en curaci\u00f3n de heridas<\/b><span style=\"font-weight: 400;\"> conviene tener claro:<\/span><\/p><ul><li style=\"font-weight: 400;\" aria-level=\"1\"><span style=\"font-weight: 400;\">Si hay <\/span><b>perfusi\u00f3n suficiente<\/b><span style=\"font-weight: 400;\"> (o si requiere intervenci\u00f3n vascular previa).<\/span><\/li><li style=\"font-weight: 400;\" aria-level=\"1\"><span style=\"font-weight: 400;\">Si el paciente tiene control metab\u00f3lico razonable (especialmente en diabetes).<\/span><\/li><li style=\"font-weight: 400;\" aria-level=\"1\"><span style=\"font-weight: 400;\">Si la descarga\/compresi\u00f3n est\u00e1 implementada correctamente seg\u00fan etiolog\u00eda.<\/span><\/li><li style=\"font-weight: 400;\" aria-level=\"1\"><span style=\"font-weight: 400;\">Si el lecho est\u00e1 preparado: desbridado, con control de exudado y biocarga.<\/span><\/li><\/ul><p><span style=\"font-weight: 400;\">Cuando estas condiciones est\u00e1n cubiertas, el PRP t\u00f3pico suele tener m\u00e1s sentido como acelerador\/regenerador y no como \u201csoluci\u00f3n m\u00e1gica\u201d que intenta compensar fallas del plan base.<\/span><\/p><\/div>\n\t\t\t\t<\/div>\n\t\t\t\t\t\t\t\t<\/div>\n\t\t\t\t<\/div>\n\t\t\t\t<\/div>\n\t\t\t\t<div class=\"elementor-element elementor-element-53ae1e47 elementor-widget-divider--view-line elementor-widget elementor-widget-divider\" data-id=\"53ae1e47\" data-element_type=\"widget\" data-widget_type=\"divider.default\">\n\t\t\t\t<div class=\"elementor-widget-container\">\n\t\t\t\t\t<div class=\"elementor-divider\">\n\t\t\t<span class=\"elementor-divider-separator\">\n\t\t\t\t\t\t<\/span>\n\t\t<\/div>\n\t\t\t\t<\/div>\n\t\t\t\t<\/div>\n\t\t\t\t\t<\/div>\n\t\t<\/div>\n\t\t\t\t\t\t\t<\/div>\n\t\t<\/section>\n\t\t\t\t<section class=\"elementor-section elementor-top-section elementor-element elementor-element-f984161 elementor-section-boxed elementor-section-height-default elementor-section-height-default\" data-id=\"f984161\" data-element_type=\"section\">\n\t\t\t\t\t\t<div class=\"elementor-container elementor-column-gap-default\">\n\t\t\t\t\t<div class=\"elementor-column elementor-col-100 elementor-top-column elementor-element elementor-element-5b7fb03\" data-id=\"5b7fb03\" data-element_type=\"column\">\n\t\t\t<div class=\"elementor-widget-wrap\">\n\t\t\t\t\t\t\t\t\t<\/div>\n\t\t<\/div>\n\t\t\t\t\t\t\t<\/div>\n\t\t<\/section>\n\t\t\t\t<section class=\"elementor-section elementor-top-section elementor-element elementor-element-4a914844 elementor-section-boxed elementor-section-height-default elementor-section-height-default\" data-id=\"4a914844\" data-element_type=\"section\">\n\t\t\t\t\t\t<div class=\"elementor-container elementor-column-gap-default\">\n\t\t\t\t\t<div class=\"elementor-column elementor-col-100 elementor-top-column elementor-element elementor-element-43a6cf1e\" data-id=\"43a6cf1e\" data-element_type=\"column\">\n\t\t\t<div class=\"elementor-widget-wrap elementor-element-populated\">\n\t\t\t\t\t\t\t\t<section class=\"elementor-section elementor-inner-section elementor-element elementor-element-4050fdf0 elementor-section-boxed elementor-section-height-default elementor-section-height-default\" data-id=\"4050fdf0\" data-element_type=\"section\">\n\t\t\t\t\t\t<div class=\"elementor-container elementor-column-gap-default\">\n\t\t\t\t\t<div class=\"elementor-column elementor-col-50 elementor-inner-column elementor-element elementor-element-c4aad47\" data-id=\"c4aad47\" data-element_type=\"column\">\n\t\t\t<div class=\"elementor-widget-wrap elementor-element-populated\">\n\t\t\t\t\t\t\t\t<div class=\"elementor-element elementor-element-61f19fd9 elementor-widget elementor-widget-text-editor\" data-id=\"61f19fd9\" data-element_type=\"widget\" data-widget_type=\"text-editor.default\">\n\t\t\t\t<div class=\"elementor-widget-container\">\n\t\t\t\t\t\t\t<p>Joe Ramirez<\/p><p>Director Comercial de Bio-Teach Medical<\/p>\t\t\t\t\t\t<\/div>\n\t\t\t\t<\/div>\n\t\t\t\t<div class=\"elementor-element elementor-element-a4b70d e-grid-align-left elementor-shape-rounded elementor-grid-0 elementor-widget elementor-widget-social-icons\" data-id=\"a4b70d\" data-element_type=\"widget\" data-widget_type=\"social-icons.default\">\n\t\t\t\t<div class=\"elementor-widget-container\">\n\t\t\t\t\t<div class=\"elementor-social-icons-wrapper elementor-grid\">\n\t\t\t\t\t\t\t<span class=\"elementor-grid-item\">\n\t\t\t\t\t<a class=\"elementor-icon elementor-social-icon elementor-social-icon-linkedin elementor-repeater-item-ea2d6ac\" href=\"https:\/\/www.linkedin.com\/in\/joeramz\/\" target=\"_blank\">\n\t\t\t\t\t\t<span class=\"elementor-screen-only\">Linkedin<\/span>\n\t\t\t\t\t\t<i class=\"fab fa-linkedin\"><\/i>\t\t\t\t\t<\/a>\n\t\t\t\t<\/span>\n\t\t\t\t\t<\/div>\n\t\t\t\t<\/div>\n\t\t\t\t<\/div>\n\t\t\t\t\t<\/div>\n\t\t<\/div>\n\t\t\t\t<div class=\"elementor-column elementor-col-50 elementor-inner-column elementor-element elementor-element-2159cdee\" data-id=\"2159cdee\" data-element_type=\"column\">\n\t\t\t<div class=\"elementor-widget-wrap\">\n\t\t\t\t\t\t\t\t\t<\/div>\n\t\t<\/div>\n\t\t\t\t\t\t\t<\/div>\n\t\t<\/section>\n\t\t\t\t\t<\/div>\n\t\t<\/div>\n\t\t\t\t\t\t\t<\/div>\n\t\t<\/section>\n\t\t\t\t\t\t\t<\/div>\n\t\t","protected":false},"excerpt":{"rendered":"<p>Los geles y ap\u00f3sitos de PRP en curaci\u00f3n de heridas se consolidan en 2026 como una estrategia biol\u00f3gica adyuvante en el manejo de \u00falceras cr\u00f3nicas y heridas complejas. M\u00e1s all\u00e1 del simple soporte f\u00edsico, estos formatos t\u00f3picos aportan una matriz bioactiva rica en factores de crecimiento que puede modular el microambiente inflamatorio, estimular angiog\u00e9nesis y favorecer la formaci\u00f3n de tejido de granulaci\u00f3n funcional. Este art\u00edculo revisa la fisiopatolog\u00eda de la herida cr\u00f3nica, los fundamentos biol\u00f3gicos del PRP en gel, los resultados de ensayos cl\u00ednicos recientes y los criterios actuales para su integraci\u00f3n en cirug\u00eda, medicina vascular y unidades especializadas en heridas.<\/p>\n","protected":false},"author":1,"featured_media":6553,"comment_status":"closed","ping_status":"open","sticky":false,"template":"","format":"standard","meta":{"neve_meta_sidebar":"full-width","neve_meta_container":"","neve_meta_enable_content_width":"","neve_meta_content_width":70,"neve_meta_title_alignment":"center","neve_meta_author_avatar":"","neve_post_elements_order":"[\"content\",\"tags\",\"sharing-icons\",\"post-navigation\"]","neve_meta_disable_header":"off","neve_meta_disable_footer":"","neve_meta_disable_title":"","neve_meta_reading_time":"","_ti_tpc_template_sync":false,"_ti_tpc_template_id":"","footnotes":""},"categories":[17],"tags":[89,82,88,87,16,61],"class_list":["post-6548","post","type-post","status-publish","format-standard","has-post-thumbnail","hentry","category-noticias","tag-apositos","tag-cicatrices","tag-geles","tag-heridas","tag-prp","tag-terapia-prp"],"yoast_head":"<!-- This site is optimized with the Yoast SEO plugin v27.4 - https:\/\/yoast.com\/product\/yoast-seo-wordpress\/ -->\n<title>Geles y ap\u00f3sitos de PRP en curaci\u00f3n de heridas<\/title>\n<meta name=\"description\" content=\"Los geles y ap\u00f3sitos de PRP en curaci\u00f3n de heridas muestran resultados prometedores en \u00falceras cr\u00f3nicas y heridas complejas.\" \/>\n<meta name=\"robots\" content=\"index, follow, max-snippet:-1, max-image-preview:large, max-video-preview:-1\" \/>\n<link rel=\"canonical\" href=\"https:\/\/bio-teach.com\/kitsprp\/geles-y-apositos-de-prp-en-curacion-de-heridas-resultados-clinicos-recientes-y-aplicaciones-avanzadas\/\" \/>\n<meta property=\"og:locale\" content=\"es_ES\" \/>\n<meta property=\"og:type\" content=\"article\" \/>\n<meta property=\"og:title\" content=\"Geles y ap\u00f3sitos de PRP en curaci\u00f3n de heridas\" \/>\n<meta property=\"og:description\" content=\"Los geles y ap\u00f3sitos de PRP en curaci\u00f3n de heridas muestran resultados prometedores en \u00falceras cr\u00f3nicas y heridas complejas.\" \/>\n<meta property=\"og:url\" content=\"https:\/\/bio-teach.com\/kitsprp\/geles-y-apositos-de-prp-en-curacion-de-heridas-resultados-clinicos-recientes-y-aplicaciones-avanzadas\/\" \/>\n<meta property=\"og:site_name\" content=\"KITS PRP\" \/>\n<meta property=\"article:published_time\" content=\"2026-02-25T02:33:11+00:00\" \/>\n<meta property=\"article:modified_time\" content=\"2026-02-25T02:38:26+00:00\" \/>\n<meta property=\"og:image\" content=\"https:\/\/ml2wibi8up3f.i.optimole.com\/uueflVA-VKOq70i2\/w:auto\/h:auto\/q:auto\/https:\/\/bio-teach.com\/kitsprp\/wp-content\/uploads\/2026\/02\/Geles-y-apositos-de-PRP-en-curacion-de-heridas.webp\" \/>\n\t<meta property=\"og:image:width\" content=\"1280\" \/>\n\t<meta property=\"og:image:height\" content=\"720\" \/>\n\t<meta property=\"og:image:type\" content=\"image\/webp\" \/>\n<meta name=\"author\" content=\"jramirez\" \/>\n<meta name=\"twitter:card\" content=\"summary_large_image\" \/>\n<meta name=\"twitter:label1\" content=\"Escrito por\" \/>\n\t<meta name=\"twitter:data1\" content=\"jramirez\" \/>\n\t<meta name=\"twitter:label2\" content=\"Tiempo de lectura\" \/>\n\t<meta name=\"twitter:data2\" content=\"10 minutos\" \/>\n<script type=\"application\/ld+json\" class=\"yoast-schema-graph\">{\"@context\":\"https:\\\/\\\/schema.org\",\"@graph\":[{\"@type\":\"Article\",\"@id\":\"https:\\\/\\\/bio-teach.com\\\/kitsprp\\\/geles-y-apositos-de-prp-en-curacion-de-heridas-resultados-clinicos-recientes-y-aplicaciones-avanzadas\\\/#article\",\"isPartOf\":{\"@id\":\"https:\\\/\\\/bio-teach.com\\\/kitsprp\\\/geles-y-apositos-de-prp-en-curacion-de-heridas-resultados-clinicos-recientes-y-aplicaciones-avanzadas\\\/\"},\"author\":{\"name\":\"jramirez\",\"@id\":\"https:\\\/\\\/bio-teach.com\\\/kitsprp\\\/#\\\/schema\\\/person\\\/d32b2dfe603cd6981808973bc26d1905\"},\"headline\":\"Geles y ap\u00f3sitos de PRP en curaci\u00f3n de heridas: resultados cl\u00ednicos recientes y aplicaciones avanzadas\",\"datePublished\":\"2026-02-25T02:33:11+00:00\",\"dateModified\":\"2026-02-25T02:38:26+00:00\",\"mainEntityOfPage\":{\"@id\":\"https:\\\/\\\/bio-teach.com\\\/kitsprp\\\/geles-y-apositos-de-prp-en-curacion-de-heridas-resultados-clinicos-recientes-y-aplicaciones-avanzadas\\\/\"},\"wordCount\":2111,\"publisher\":{\"@id\":\"https:\\\/\\\/bio-teach.com\\\/kitsprp\\\/#organization\"},\"image\":{\"@id\":\"https:\\\/\\\/bio-teach.com\\\/kitsprp\\\/geles-y-apositos-de-prp-en-curacion-de-heridas-resultados-clinicos-recientes-y-aplicaciones-avanzadas\\\/#primaryimage\"},\"thumbnailUrl\":\"https:\\/\\/bio-teach.com\\/kitsprp\\/wp-content\\/uploads\\/2026\\/02\\/Geles-y-apositos-de-PRP-en-curacion-de-heridas.webp\",\"keywords\":[\"apositos\",\"cicatrices\",\"geles\",\"heridas\",\"PRP\",\"Terapia PRP\"],\"articleSection\":[\"Noticias\"],\"inLanguage\":\"es\"},{\"@type\":\"WebPage\",\"@id\":\"https:\\\/\\\/bio-teach.com\\\/kitsprp\\\/geles-y-apositos-de-prp-en-curacion-de-heridas-resultados-clinicos-recientes-y-aplicaciones-avanzadas\\\/\",\"url\":\"https:\\\/\\\/bio-teach.com\\\/kitsprp\\\/geles-y-apositos-de-prp-en-curacion-de-heridas-resultados-clinicos-recientes-y-aplicaciones-avanzadas\\\/\",\"name\":\"Geles y ap\u00f3sitos de PRP en curaci\u00f3n de heridas\",\"isPartOf\":{\"@id\":\"https:\\\/\\\/bio-teach.com\\\/kitsprp\\\/#website\"},\"primaryImageOfPage\":{\"@id\":\"https:\\\/\\\/bio-teach.com\\\/kitsprp\\\/geles-y-apositos-de-prp-en-curacion-de-heridas-resultados-clinicos-recientes-y-aplicaciones-avanzadas\\\/#primaryimage\"},\"image\":{\"@id\":\"https:\\\/\\\/bio-teach.com\\\/kitsprp\\\/geles-y-apositos-de-prp-en-curacion-de-heridas-resultados-clinicos-recientes-y-aplicaciones-avanzadas\\\/#primaryimage\"},\"thumbnailUrl\":\"https:\\/\\/bio-teach.com\\/kitsprp\\/wp-content\\/uploads\\/2026\\/02\\/Geles-y-apositos-de-PRP-en-curacion-de-heridas.webp\",\"datePublished\":\"2026-02-25T02:33:11+00:00\",\"dateModified\":\"2026-02-25T02:38:26+00:00\",\"description\":\"Los geles y ap\u00f3sitos de PRP en curaci\u00f3n de heridas muestran resultados prometedores en \u00falceras cr\u00f3nicas y heridas complejas.\",\"breadcrumb\":{\"@id\":\"https:\\\/\\\/bio-teach.com\\\/kitsprp\\\/geles-y-apositos-de-prp-en-curacion-de-heridas-resultados-clinicos-recientes-y-aplicaciones-avanzadas\\\/#breadcrumb\"},\"inLanguage\":\"es\",\"potentialAction\":[{\"@type\":\"ReadAction\",\"target\":[\"https:\\\/\\\/bio-teach.com\\\/kitsprp\\\/geles-y-apositos-de-prp-en-curacion-de-heridas-resultados-clinicos-recientes-y-aplicaciones-avanzadas\\\/\"]}]},{\"@type\":\"ImageObject\",\"inLanguage\":\"es\",\"@id\":\"https:\\\/\\\/bio-teach.com\\\/kitsprp\\\/geles-y-apositos-de-prp-en-curacion-de-heridas-resultados-clinicos-recientes-y-aplicaciones-avanzadas\\\/#primaryimage\",\"url\":\"https:\\/\\/bio-teach.com\\/kitsprp\\/wp-content\\/uploads\\/2026\\/02\\/Geles-y-apositos-de-PRP-en-curacion-de-heridas.webp\",\"contentUrl\":\"https:\\/\\/bio-teach.com\\/kitsprp\\/wp-content\\/uploads\\/2026\\/02\\/Geles-y-apositos-de-PRP-en-curacion-de-heridas.webp\",\"width\":1280,\"height\":720,\"caption\":\"Geles y ap\u00f3sitos de PRP en curaci\u00f3n de heridas\"},{\"@type\":\"BreadcrumbList\",\"@id\":\"https:\\\/\\\/bio-teach.com\\\/kitsprp\\\/geles-y-apositos-de-prp-en-curacion-de-heridas-resultados-clinicos-recientes-y-aplicaciones-avanzadas\\\/#breadcrumb\",\"itemListElement\":[{\"@type\":\"ListItem\",\"position\":1,\"name\":\"Portada\",\"item\":\"https:\\\/\\\/bio-teach.com\\\/kitsprp\\\/\"},{\"@type\":\"ListItem\",\"position\":2,\"name\":\"Geles y ap\u00f3sitos de PRP en curaci\u00f3n de heridas: resultados cl\u00ednicos recientes y aplicaciones avanzadas\"}]},{\"@type\":\"WebSite\",\"@id\":\"https:\\\/\\\/bio-teach.com\\\/kitsprp\\\/#website\",\"url\":\"https:\\\/\\\/bio-teach.com\\\/kitsprp\\\/\",\"name\":\"KITS PRP\",\"description\":\"KITS PRP\",\"publisher\":{\"@id\":\"https:\\\/\\\/bio-teach.com\\\/kitsprp\\\/#organization\"},\"potentialAction\":[{\"@type\":\"SearchAction\",\"target\":{\"@type\":\"EntryPoint\",\"urlTemplate\":\"https:\\\/\\\/bio-teach.com\\\/kitsprp\\\/?s={search_term_string}\"},\"query-input\":{\"@type\":\"PropertyValueSpecification\",\"valueRequired\":true,\"valueName\":\"search_term_string\"}}],\"inLanguage\":\"es\"},{\"@type\":\"Organization\",\"@id\":\"https:\\\/\\\/bio-teach.com\\\/kitsprp\\\/#organization\",\"name\":\"KITS PRP\",\"url\":\"https:\\\/\\\/bio-teach.com\\\/kitsprp\\\/\",\"logo\":{\"@type\":\"ImageObject\",\"inLanguage\":\"es\",\"@id\":\"https:\\\/\\\/bio-teach.com\\\/kitsprp\\\/#\\\/schema\\\/logo\\\/image\\\/\",\"url\":\"https:\\/\\/bio-teach.com\\/kitsprp\\/wp-content\\/uploads\\/2021\\/11\\/cropped-logo-bioteach-min.png\",\"contentUrl\":\"https:\\/\\/bio-teach.com\\/kitsprp\\/wp-content\\/uploads\\/2021\\/11\\/cropped-logo-bioteach-min.png\",\"width\":600,\"height\":250,\"caption\":\"KITS PRP\"},\"image\":{\"@id\":\"https:\\\/\\\/bio-teach.com\\\/kitsprp\\\/#\\\/schema\\\/logo\\\/image\\\/\"}},{\"@type\":\"Person\",\"@id\":\"https:\\\/\\\/bio-teach.com\\\/kitsprp\\\/#\\\/schema\\\/person\\\/d32b2dfe603cd6981808973bc26d1905\",\"name\":\"jramirez\",\"image\":{\"@type\":\"ImageObject\",\"inLanguage\":\"es\",\"@id\":\"https:\\/\\/bio-teach.com\\/kitsprp\\/wp-content\\/uploads\\/2023\\/05\\/cropped-Favicon-Bio-Teach.jpeg\",\"url\":\"https:\\/\\/bio-teach.com\\/kitsprp\\/wp-content\\/uploads\\/2023\\/05\\/cropped-Favicon-Bio-Teach.jpeg\",\"contentUrl\":\"https:\\/\\/bio-teach.com\\/kitsprp\\/wp-content\\/uploads\\/2023\\/05\\/cropped-Favicon-Bio-Teach.jpeg\",\"caption\":\"jramirez\"},\"sameAs\":[\"https:\\\/\\\/bio-teach.com\\\/kitsprp\"],\"url\":\"https:\\\/\\\/bio-teach.com\\\/kitsprp\\\/author\\\/jramirez\\\/\"}]}<\/script>\n<!-- \/ Yoast SEO plugin. -->","yoast_head_json":{"title":"Geles y ap\u00f3sitos de PRP en curaci\u00f3n de heridas","description":"Los geles y ap\u00f3sitos de PRP en curaci\u00f3n de heridas muestran resultados prometedores en \u00falceras cr\u00f3nicas y heridas complejas.","robots":{"index":"index","follow":"follow","max-snippet":"max-snippet:-1","max-image-preview":"max-image-preview:large","max-video-preview":"max-video-preview:-1"},"canonical":"https:\/\/bio-teach.com\/kitsprp\/geles-y-apositos-de-prp-en-curacion-de-heridas-resultados-clinicos-recientes-y-aplicaciones-avanzadas\/","og_locale":"es_ES","og_type":"article","og_title":"Geles y ap\u00f3sitos de PRP en curaci\u00f3n de heridas","og_description":"Los geles y ap\u00f3sitos de PRP en curaci\u00f3n de heridas muestran resultados prometedores en \u00falceras cr\u00f3nicas y heridas complejas.","og_url":"https:\/\/bio-teach.com\/kitsprp\/geles-y-apositos-de-prp-en-curacion-de-heridas-resultados-clinicos-recientes-y-aplicaciones-avanzadas\/","og_site_name":"KITS PRP","article_published_time":"2026-02-25T02:33:11+00:00","article_modified_time":"2026-02-25T02:38:26+00:00","og_image":[{"width":1280,"height":720,"url":"https:\/\/ml2wibi8up3f.i.optimole.com\/uueflVA-VKOq70i2\/w:auto\/h:auto\/q:auto\/https:\/\/bio-teach.com\/kitsprp\/wp-content\/uploads\/2026\/02\/Geles-y-apositos-de-PRP-en-curacion-de-heridas.webp","type":"image\/webp"}],"author":"jramirez","twitter_card":"summary_large_image","twitter_misc":{"Escrito por":"jramirez","Tiempo de lectura":"10 minutos"},"schema":{"@context":"https:\/\/schema.org","@graph":[{"@type":"Article","@id":"https:\/\/bio-teach.com\/kitsprp\/geles-y-apositos-de-prp-en-curacion-de-heridas-resultados-clinicos-recientes-y-aplicaciones-avanzadas\/#article","isPartOf":{"@id":"https:\/\/bio-teach.com\/kitsprp\/geles-y-apositos-de-prp-en-curacion-de-heridas-resultados-clinicos-recientes-y-aplicaciones-avanzadas\/"},"author":{"name":"jramirez","@id":"https:\/\/bio-teach.com\/kitsprp\/#\/schema\/person\/d32b2dfe603cd6981808973bc26d1905"},"headline":"Geles y ap\u00f3sitos de PRP en curaci\u00f3n de heridas: resultados cl\u00ednicos recientes y aplicaciones avanzadas","datePublished":"2026-02-25T02:33:11+00:00","dateModified":"2026-02-25T02:38:26+00:00","mainEntityOfPage":{"@id":"https:\/\/bio-teach.com\/kitsprp\/geles-y-apositos-de-prp-en-curacion-de-heridas-resultados-clinicos-recientes-y-aplicaciones-avanzadas\/"},"wordCount":2111,"publisher":{"@id":"https:\/\/bio-teach.com\/kitsprp\/#organization"},"image":{"@id":"https:\/\/bio-teach.com\/kitsprp\/geles-y-apositos-de-prp-en-curacion-de-heridas-resultados-clinicos-recientes-y-aplicaciones-avanzadas\/#primaryimage"},"thumbnailUrl":"https:\/\/ml2wibi8up3f.i.optimole.com\/uueflVA-VKOq70i2\/w:auto\/h:auto\/q:auto\/https:\/\/bio-teach.com\/kitsprp\/wp-content\/uploads\/2026\/02\/Geles-y-apositos-de-PRP-en-curacion-de-heridas.webp","keywords":["apositos","cicatrices","geles","heridas","PRP","Terapia PRP"],"articleSection":["Noticias"],"inLanguage":"es"},{"@type":"WebPage","@id":"https:\/\/bio-teach.com\/kitsprp\/geles-y-apositos-de-prp-en-curacion-de-heridas-resultados-clinicos-recientes-y-aplicaciones-avanzadas\/","url":"https:\/\/bio-teach.com\/kitsprp\/geles-y-apositos-de-prp-en-curacion-de-heridas-resultados-clinicos-recientes-y-aplicaciones-avanzadas\/","name":"Geles y ap\u00f3sitos de PRP en curaci\u00f3n de heridas","isPartOf":{"@id":"https:\/\/bio-teach.com\/kitsprp\/#website"},"primaryImageOfPage":{"@id":"https:\/\/bio-teach.com\/kitsprp\/geles-y-apositos-de-prp-en-curacion-de-heridas-resultados-clinicos-recientes-y-aplicaciones-avanzadas\/#primaryimage"},"image":{"@id":"https:\/\/bio-teach.com\/kitsprp\/geles-y-apositos-de-prp-en-curacion-de-heridas-resultados-clinicos-recientes-y-aplicaciones-avanzadas\/#primaryimage"},"thumbnailUrl":"https:\/\/ml2wibi8up3f.i.optimole.com\/uueflVA-VKOq70i2\/w:auto\/h:auto\/q:auto\/https:\/\/bio-teach.com\/kitsprp\/wp-content\/uploads\/2026\/02\/Geles-y-apositos-de-PRP-en-curacion-de-heridas.webp","datePublished":"2026-02-25T02:33:11+00:00","dateModified":"2026-02-25T02:38:26+00:00","description":"Los geles y ap\u00f3sitos de PRP en curaci\u00f3n de heridas muestran resultados prometedores en \u00falceras cr\u00f3nicas y heridas complejas.","breadcrumb":{"@id":"https:\/\/bio-teach.com\/kitsprp\/geles-y-apositos-de-prp-en-curacion-de-heridas-resultados-clinicos-recientes-y-aplicaciones-avanzadas\/#breadcrumb"},"inLanguage":"es","potentialAction":[{"@type":"ReadAction","target":["https:\/\/bio-teach.com\/kitsprp\/geles-y-apositos-de-prp-en-curacion-de-heridas-resultados-clinicos-recientes-y-aplicaciones-avanzadas\/"]}]},{"@type":"ImageObject","inLanguage":"es","@id":"https:\/\/bio-teach.com\/kitsprp\/geles-y-apositos-de-prp-en-curacion-de-heridas-resultados-clinicos-recientes-y-aplicaciones-avanzadas\/#primaryimage","url":"https:\/\/ml2wibi8up3f.i.optimole.com\/uueflVA-VKOq70i2\/w:auto\/h:auto\/q:auto\/https:\/\/bio-teach.com\/kitsprp\/wp-content\/uploads\/2026\/02\/Geles-y-apositos-de-PRP-en-curacion-de-heridas.webp","contentUrl":"https:\/\/ml2wibi8up3f.i.optimole.com\/uueflVA-VKOq70i2\/w:auto\/h:auto\/q:auto\/https:\/\/bio-teach.com\/kitsprp\/wp-content\/uploads\/2026\/02\/Geles-y-apositos-de-PRP-en-curacion-de-heridas.webp","width":1280,"height":720,"caption":"Geles y ap\u00f3sitos de PRP en curaci\u00f3n de heridas"},{"@type":"BreadcrumbList","@id":"https:\/\/bio-teach.com\/kitsprp\/geles-y-apositos-de-prp-en-curacion-de-heridas-resultados-clinicos-recientes-y-aplicaciones-avanzadas\/#breadcrumb","itemListElement":[{"@type":"ListItem","position":1,"name":"Portada","item":"https:\/\/bio-teach.com\/kitsprp\/"},{"@type":"ListItem","position":2,"name":"Geles y ap\u00f3sitos de PRP en curaci\u00f3n de heridas: resultados cl\u00ednicos recientes y aplicaciones avanzadas"}]},{"@type":"WebSite","@id":"https:\/\/bio-teach.com\/kitsprp\/#website","url":"https:\/\/bio-teach.com\/kitsprp\/","name":"KITS PRP","description":"KITS PRP","publisher":{"@id":"https:\/\/bio-teach.com\/kitsprp\/#organization"},"potentialAction":[{"@type":"SearchAction","target":{"@type":"EntryPoint","urlTemplate":"https:\/\/bio-teach.com\/kitsprp\/?s={search_term_string}"},"query-input":{"@type":"PropertyValueSpecification","valueRequired":true,"valueName":"search_term_string"}}],"inLanguage":"es"},{"@type":"Organization","@id":"https:\/\/bio-teach.com\/kitsprp\/#organization","name":"KITS PRP","url":"https:\/\/bio-teach.com\/kitsprp\/","logo":{"@type":"ImageObject","inLanguage":"es","@id":"https:\/\/bio-teach.com\/kitsprp\/#\/schema\/logo\/image\/","url":"https:\/\/ml2wibi8up3f.i.optimole.com\/uueflVA-JMGWjaRd\/w:auto\/h:auto\/q:auto\/https:\/\/bio-teach.com\/kitsprp\/wp-content\/uploads\/2021\/11\/cropped-logo-bioteach-min.png","contentUrl":"https:\/\/ml2wibi8up3f.i.optimole.com\/uueflVA-JMGWjaRd\/w:auto\/h:auto\/q:auto\/https:\/\/bio-teach.com\/kitsprp\/wp-content\/uploads\/2021\/11\/cropped-logo-bioteach-min.png","width":600,"height":250,"caption":"KITS PRP"},"image":{"@id":"https:\/\/bio-teach.com\/kitsprp\/#\/schema\/logo\/image\/"}},{"@type":"Person","@id":"https:\/\/bio-teach.com\/kitsprp\/#\/schema\/person\/d32b2dfe603cd6981808973bc26d1905","name":"jramirez","image":{"@type":"ImageObject","inLanguage":"es","@id":"https:\/\/ml2wibi8up3f.i.optimole.com\/uueflVA-vlqW7zdB\/w:auto\/h:auto\/q:auto\/https:\/\/bio-teach.com\/kitsprp\/wp-content\/uploads\/2023\/05\/cropped-Favicon-Bio-Teach.jpeg","url":"https:\/\/ml2wibi8up3f.i.optimole.com\/uueflVA-vlqW7zdB\/w:auto\/h:auto\/q:auto\/https:\/\/bio-teach.com\/kitsprp\/wp-content\/uploads\/2023\/05\/cropped-Favicon-Bio-Teach.jpeg","contentUrl":"https:\/\/ml2wibi8up3f.i.optimole.com\/uueflVA-vlqW7zdB\/w:auto\/h:auto\/q:auto\/https:\/\/bio-teach.com\/kitsprp\/wp-content\/uploads\/2023\/05\/cropped-Favicon-Bio-Teach.jpeg","caption":"jramirez"},"sameAs":["https:\/\/bio-teach.com\/kitsprp"],"url":"https:\/\/bio-teach.com\/kitsprp\/author\/jramirez\/"}]}},"_links":{"self":[{"href":"https:\/\/bio-teach.com\/kitsprp\/wp-json\/wp\/v2\/posts\/6548","targetHints":{"allow":["GET"]}}],"collection":[{"href":"https:\/\/bio-teach.com\/kitsprp\/wp-json\/wp\/v2\/posts"}],"about":[{"href":"https:\/\/bio-teach.com\/kitsprp\/wp-json\/wp\/v2\/types\/post"}],"author":[{"embeddable":true,"href":"https:\/\/bio-teach.com\/kitsprp\/wp-json\/wp\/v2\/users\/1"}],"replies":[{"embeddable":true,"href":"https:\/\/bio-teach.com\/kitsprp\/wp-json\/wp\/v2\/comments?post=6548"}],"version-history":[{"count":11,"href":"https:\/\/bio-teach.com\/kitsprp\/wp-json\/wp\/v2\/posts\/6548\/revisions"}],"predecessor-version":[{"id":6561,"href":"https:\/\/bio-teach.com\/kitsprp\/wp-json\/wp\/v2\/posts\/6548\/revisions\/6561"}],"wp:featuredmedia":[{"embeddable":true,"href":"https:\/\/bio-teach.com\/kitsprp\/wp-json\/wp\/v2\/media\/6553"}],"wp:attachment":[{"href":"https:\/\/bio-teach.com\/kitsprp\/wp-json\/wp\/v2\/media?parent=6548"}],"wp:term":[{"taxonomy":"category","embeddable":true,"href":"https:\/\/bio-teach.com\/kitsprp\/wp-json\/wp\/v2\/categories?post=6548"},{"taxonomy":"post_tag","embeddable":true,"href":"https:\/\/bio-teach.com\/kitsprp\/wp-json\/wp\/v2\/tags?post=6548"}],"curies":[{"name":"wp","href":"https:\/\/api.w.org\/{rel}","templated":true}]}}