{"id":6590,"date":"2026-04-17T19:08:04","date_gmt":"2026-04-17T19:08:04","guid":{"rendered":"https:\/\/bio-teach.com\/kitsprp\/?p=6590"},"modified":"2026-04-17T19:24:39","modified_gmt":"2026-04-17T19:24:39","slug":"prp-en-epicondilitis-medial-vs-epicondilitis-lateral-diferencias-en-resultados","status":"publish","type":"post","link":"https:\/\/bio-teach.com\/kitsprp\/prp-en-epicondilitis-medial-vs-epicondilitis-lateral-diferencias-en-resultados\/","title":{"rendered":"PRP en epicondilitis medial vs. epicondilitis lateral: diferencias en resultados"},"content":{"rendered":"\t\t<div data-elementor-type=\"wp-post\" data-elementor-id=\"6590\" class=\"elementor elementor-6590\">\n\t\t\t\t\t\t\t\t\t<section class=\"elementor-section elementor-top-section elementor-element elementor-element-4f0308f8 elementor-section-boxed elementor-section-height-default elementor-section-height-default\" data-id=\"4f0308f8\" data-element_type=\"section\">\n\t\t\t\t\t\t<div class=\"elementor-container elementor-column-gap-default\">\n\t\t\t\t\t<div class=\"elementor-column elementor-col-100 elementor-top-column elementor-element elementor-element-1f8f3cc0\" data-id=\"1f8f3cc0\" data-element_type=\"column\">\n\t\t\t<div class=\"elementor-widget-wrap elementor-element-populated\">\n\t\t\t\t\t\t\t\t<div class=\"elementor-element elementor-element-1850d188 elementor-widget elementor-widget-heading\" data-id=\"1850d188\" data-element_type=\"widget\" data-widget_type=\"heading.default\">\n\t\t\t\t<div class=\"elementor-widget-container\">\n\t\t\t<h1 class=\"elementor-heading-title elementor-size-default\">Plasma rico en plaquetas en epicondilitis medial vs. epicondilitis lateral: diferencias en resultados\n<\/h1>\t\t<\/div>\n\t\t\t\t<\/div>\n\t\t\t\t\t<\/div>\n\t\t<\/div>\n\t\t\t\t\t\t\t<\/div>\n\t\t<\/section>\n\t\t\t\t<section class=\"elementor-section elementor-top-section elementor-element elementor-element-72fa57e9 elementor-section-boxed elementor-section-height-default elementor-section-height-default\" data-id=\"72fa57e9\" data-element_type=\"section\">\n\t\t\t\t\t\t<div class=\"elementor-container elementor-column-gap-default\">\n\t\t\t\t\t<div class=\"elementor-column elementor-col-100 elementor-top-column elementor-element elementor-element-95c6a0f\" data-id=\"95c6a0f\" data-element_type=\"column\">\n\t\t\t<div class=\"elementor-widget-wrap elementor-element-populated\">\n\t\t\t\t\t\t\t\t<div class=\"elementor-element elementor-element-3e0ac8f elementor-widget elementor-widget-heading\" data-id=\"3e0ac8f\" data-element_type=\"widget\" data-widget_type=\"heading.default\">\n\t\t\t\t<div class=\"elementor-widget-container\">\n\t\t\t<h5 class=\"elementor-heading-title elementor-size-default\">Publicado el 17 de ABRIL de 2026<\/h5>\t\t<\/div>\n\t\t\t\t<\/div>\n\t\t\t\t\t<\/div>\n\t\t<\/div>\n\t\t\t\t\t\t\t<\/div>\n\t\t<\/section>\n\t\t\t\t<section class=\"elementor-section elementor-top-section elementor-element elementor-element-2bf7e37a elementor-section-boxed elementor-section-height-default elementor-section-height-default\" data-id=\"2bf7e37a\" data-element_type=\"section\">\n\t\t\t\t\t\t<div class=\"elementor-container elementor-column-gap-default\">\n\t\t\t\t\t<div class=\"elementor-column elementor-col-100 elementor-top-column elementor-element elementor-element-2c3074b5\" data-id=\"2c3074b5\" data-element_type=\"column\">\n\t\t\t<div class=\"elementor-widget-wrap elementor-element-populated\">\n\t\t\t\t\t\t\t\t<div class=\"elementor-element elementor-element-288d6619 elementor-widget elementor-widget-image\" data-id=\"288d6619\" data-element_type=\"widget\" data-widget_type=\"image.default\">\n\t\t\t\t<div class=\"elementor-widget-container\">\n\t\t\t\t\t\t\t\t\t\t\t\t\t\t\t<img decoding=\"async\" width=\"1280\" height=\"720\" src=\"https:\/\/ml2wibi8up3f.i.optimole.com\/uueflVA-gt1GZpVV\/w:auto\/h:auto\/q:auto\/https:\/\/bio-teach.com\/kitsprp\/wp-content\/uploads\/2026\/04\/PRP-en-epicondilitis-medial-vs-epicondilitis-lateral.webp\" class=\"attachment-full size-full\" alt=\"PRP en epicondilitis medial del codo\" \/>\t\t\t\t\t\t\t\t\t\t\t\t\t\t\t<\/div>\n\t\t\t\t<\/div>\n\t\t\t\t\t<\/div>\n\t\t<\/div>\n\t\t\t\t\t\t\t<\/div>\n\t\t<\/section>\n\t\t\t\t<section class=\"elementor-section elementor-top-section elementor-element elementor-element-5f92d5d1 elementor-section-boxed elementor-section-height-default elementor-section-height-default\" data-id=\"5f92d5d1\" data-element_type=\"section\">\n\t\t\t\t\t\t<div class=\"elementor-container elementor-column-gap-default\">\n\t\t\t\t\t<div class=\"elementor-column elementor-col-100 elementor-top-column elementor-element elementor-element-3f851f96\" data-id=\"3f851f96\" data-element_type=\"column\">\n\t\t\t<div class=\"elementor-widget-wrap elementor-element-populated\">\n\t\t\t\t\t\t\t\t<div class=\"elementor-element elementor-element-323d8593 elementor-widget elementor-widget-text-editor\" data-id=\"323d8593\" data-element_type=\"widget\" data-widget_type=\"text-editor.default\">\n\t\t\t\t<div class=\"elementor-widget-container\">\n\t\t\t\t\t\t\t<p><span style=\"font-weight: 400;\">La utilizaci\u00f3n de <strong>plasma rico en plaquetas en epicondilitis<\/strong> se ha consolidado como una alternativa terap\u00e9utica en pacientes con dolor persistente, tendinopat\u00eda cr\u00f3nica y escasa respuesta a fisioterapia, antiinflamatorios o infiltraciones convencionales.<\/span><\/p><p><span style=\"font-weight: 400;\">Sin embargo, no todas las epicondilitis responden de la misma forma. La <strong>epicondilitis lateral<\/strong>, asociada al complejo extensor del antebrazo, y la <strong>epicondilitis medial<\/strong>, vinculada a la inserci\u00f3n flexo-pronadora, presentan diferencias anat\u00f3micas y biomec\u00e1nicas que condicionan tanto la <strong>evoluci\u00f3n cl\u00ednica<\/strong> como la respuesta al <strong>PRP<\/strong>.<\/span><\/p><p><span style=\"font-weight: 400;\">En la pr\u00e1ctica, muchos m\u00e9dicos utilizan protocolos similares para ambas entidades, aunque la evidencia disponible muestra que <strong>existen diferencias relevantes<\/strong> en cuanto a dolor, recuperaci\u00f3n funcional, n\u00famero de infiltraciones necesarias y probabilidad de respuesta. <\/span><span style=\"font-weight: 400;\">A lo largo de este art\u00edculo analizaremos:<\/span><\/p><ul><li style=\"font-weight: 400;\" aria-level=\"1\"><span style=\"font-weight: 400;\">Qu\u00e9 diferencias existen entre la epicondilitis medial y la lateral.<\/span><\/li><li style=\"font-weight: 400;\" aria-level=\"1\"><span style=\"font-weight: 400;\">Qu\u00e9 resultados cl\u00ednicos se observan con PRP en cada una.<\/span><\/li><li style=\"font-weight: 400;\" aria-level=\"1\"><span style=\"font-weight: 400;\">Qu\u00e9 tipo de pacientes responden mejor.<\/span><\/li><li style=\"font-weight: 400;\" aria-level=\"1\"><span style=\"font-weight: 400;\">Cu\u00e1ndo el PRP puede ser una alternativa superior a otras infiltraciones.<\/span><\/li><li style=\"font-weight: 400;\" aria-level=\"1\"><span style=\"font-weight: 400;\">Qu\u00e9 variables t\u00e9cnicas influyen en la eficacia del tratamiento.<\/span><\/li><\/ul>\t\t\t\t\t\t<\/div>\n\t\t\t\t<\/div>\n\t\t\t\t<div class=\"elementor-element elementor-element-b53a959 elementor-widget elementor-widget-table-of-contents\" data-id=\"b53a959\" data-element_type=\"widget\" data-settings=\"{&quot;headings_by_tags&quot;:[&quot;h2&quot;],&quot;exclude_headings_by_selector&quot;:[],&quot;_animation&quot;:&quot;none&quot;,&quot;marker_view&quot;:&quot;bullets&quot;,&quot;icon&quot;:{&quot;value&quot;:&quot;fas fa-circle&quot;,&quot;library&quot;:&quot;fa-solid&quot;},&quot;hierarchical_view&quot;:&quot;yes&quot;,&quot;min_height&quot;:{&quot;unit&quot;:&quot;px&quot;,&quot;size&quot;:&quot;&quot;,&quot;sizes&quot;:[]},&quot;min_height_tablet&quot;:{&quot;unit&quot;:&quot;px&quot;,&quot;size&quot;:&quot;&quot;,&quot;sizes&quot;:[]},&quot;min_height_mobile&quot;:{&quot;unit&quot;:&quot;px&quot;,&quot;size&quot;:&quot;&quot;,&quot;sizes&quot;:[]}}\" data-widget_type=\"table-of-contents.default\">\n\t\t\t\t<div class=\"elementor-widget-container\">\n\t\t\t\t\t<div class=\"elementor-toc__header\">\n\t\t\t<h2 class=\"elementor-toc__header-title\">Contenidos del art\u00edculo<\/h2>\t\t\t\t\t<\/div>\n\t\t<div class=\"elementor-toc__body\">\n\t\t\t<div class=\"elementor-toc__spinner-container\">\n\t\t\t\t<i class=\"elementor-toc__spinner eicon-loading eicon-animation-spin\" aria-hidden=\"true\"><\/i>\n\t\t\t<\/div>\n\t\t<\/div>\n\t\t\t\t<\/div>\n\t\t\t\t<\/div>\n\t\t\t\t<div class=\"elementor-element elementor-element-35d91bbd elementor-widget-divider--view-line elementor-widget elementor-widget-divider\" data-id=\"35d91bbd\" data-element_type=\"widget\" data-widget_type=\"divider.default\">\n\t\t\t\t<div class=\"elementor-widget-container\">\n\t\t\t\t\t<div class=\"elementor-divider\">\n\t\t\t<span class=\"elementor-divider-separator\">\n\t\t\t\t\t\t<\/span>\n\t\t<\/div>\n\t\t\t\t<\/div>\n\t\t\t\t<\/div>\n\t\t\t\t<div class=\"elementor-element elementor-element-e20f1f6 elementor-widget elementor-widget-heading\" data-id=\"e20f1f6\" data-element_type=\"widget\" data-widget_type=\"heading.default\">\n\t\t\t\t<div class=\"elementor-widget-container\">\n\t\t\t<h2 class=\"elementor-heading-title elementor-size-default\">Plasma rico en plaquetas en epicondilitis: por qu\u00e9 la epicondilitis lateral y la medial no responden igual\n<\/h2>\t\t<\/div>\n\t\t\t\t<\/div>\n\t\t\t\t<div class=\"elementor-element elementor-element-7e13043 elementor-widget elementor-widget-text-editor\" data-id=\"7e13043\" data-element_type=\"widget\" data-widget_type=\"text-editor.default\">\n\t\t\t\t<div class=\"elementor-widget-container\">\n\t\t\t\t\t\t\t<p><span style=\"font-weight: 400;\">Aunque ambas patolog\u00edas suelen agruparse bajo el t\u00e9rmino <strong>\u201cepicondilitis\u201d<\/strong>, en realidad corresponden a tendinopat\u00edas de estructuras diferentes y sometidas a cargas <strong>biomec\u00e1nicas distintas<\/strong>.<\/span><\/p><p><span style=\"font-weight: 400;\"><strong>La epicondilitis lateral<\/strong> afecta principalmente el <strong>tend\u00f3n del extensor radial corto del carpo<\/strong> y, en menor medida, otros componentes del origen extensor. Se observa con mayor frecuencia en deportistas de raqueta, trabajadores manuales y pacientes con movimientos repetitivos de extensi\u00f3n y supinaci\u00f3n.<\/span><\/p><p><span style=\"font-weight: 400;\">La <strong>epicondilitis medial o epitrocleitis compromete el origen com\u00fan de los m\u00fasculos flexores-pronadores.<\/strong> Suelen presentarla lanzadores, golfistas, pacientes que realizan trabajos de agarre intenso o deportes con movimientos repetitivos de flexi\u00f3n y pronaci\u00f3n.<\/span><\/p><p><span style=\"font-weight: 400;\">Estas diferencias son relevantes porque el microambiente tendinoso, la profundidad de la lesi\u00f3n y el patr\u00f3n de degeneraci\u00f3n no son equivalentes. La epicondilitis lateral suele mostrar mayor degeneraci\u00f3n angiofibrobl\u00e1stica y lesiones m\u00e1s superficiales y localizadas. La medial, en cambio, suele asociarse a lesiones m\u00e1s difusas, coexistencia con irritaci\u00f3n del nervio cubital y mayor componente biomec\u00e1nico.<\/span><\/p><p><span style=\"font-weight: 400;\">Por este motivo, <strong>el plasma rico en plaquetas en epicondilitis<\/strong> lateral suele presentar una respuesta m\u00e1s consistente y predecible que en la medial, especialmente cuando la indicaci\u00f3n se realiza en estadios cr\u00f3nicos sin roturas extensas.<\/span><\/p>\t\t\t\t\t\t<\/div>\n\t\t\t\t<\/div>\n\t\t\t\t<div class=\"elementor-element elementor-element-f386748 elementor-widget elementor-widget-heading\" data-id=\"f386748\" data-element_type=\"widget\" data-widget_type=\"heading.default\">\n\t\t\t\t<div class=\"elementor-widget-container\">\n\t\t\t<h3 class=\"elementor-heading-title elementor-size-default\">Plasma rico en plaquetas en epicondilitis lateral: caracter\u00edsticas de la lesi\u00f3n y respuesta cl\u00ednica\n\n<\/h3>\t\t<\/div>\n\t\t\t\t<\/div>\n\t\t\t\t<div class=\"elementor-element elementor-element-461d370a elementor-widget elementor-widget-text-editor\" data-id=\"461d370a\" data-element_type=\"widget\" data-widget_type=\"text-editor.default\">\n\t\t\t\t<div class=\"elementor-widget-container\">\n\t\t\t\t\t\t\t<p><span style=\"font-weight: 400;\">En la <strong>epicondilitis lateral<\/strong>, la mayor parte de los estudios describe una mejor\u00eda progresiva del dolor entre la sexta y la duod\u00e9cima semana despu\u00e9s de la infiltraci\u00f3n. <\/span><span style=\"font-weight: 400;\">La respuesta suele ser m\u00e1s evidente cuando existe:<\/span><\/p><ul><li style=\"font-weight: 400;\" aria-level=\"1\"><span style=\"font-weight: 400;\">Dolor localizado en el epic\u00f3ndilo lateral.<\/span><\/li><li style=\"font-weight: 400;\" aria-level=\"1\"><span style=\"font-weight: 400;\">Tendinopat\u00eda cr\u00f3nica de m\u00e1s de tres meses.<\/span><\/li><li style=\"font-weight: 400;\" aria-level=\"1\"><span style=\"font-weight: 400;\">Fracaso de fisioterapia o infiltraciones con corticoides.<\/span><\/li><li style=\"font-weight: 400;\" aria-level=\"1\"><span style=\"font-weight: 400;\">Degeneraci\u00f3n tendinosa visible en ecograf\u00eda o resonancia.<\/span><\/li><li style=\"font-weight: 400;\" aria-level=\"1\"><span style=\"font-weight: 400;\">Ausencia de roturas tendinosas completas.<\/span><\/li><\/ul><p><span style=\"font-weight: 400;\">La localizaci\u00f3n relativamente superficial del origen extensor facilita adem\u00e1s la infiltraci\u00f3n ecoguiada y permite distribuir el PRP de forma m\u00e1s precisa dentro de la zona degenerada.<\/span><\/p>\t\t\t\t\t\t<\/div>\n\t\t\t\t<\/div>\n\t\t\t\t<div class=\"elementor-element elementor-element-265b5e2 elementor-widget elementor-widget-heading\" data-id=\"265b5e2\" data-element_type=\"widget\" data-widget_type=\"heading.default\">\n\t\t\t\t<div class=\"elementor-widget-container\">\n\t\t\t<h3 class=\"elementor-heading-title elementor-size-default\"> Plasma rico en plaquetas en epicondilitis medial: factores que reducen la respuesta al tratamiento\n<\/h3>\t\t<\/div>\n\t\t\t\t<\/div>\n\t\t\t\t<div class=\"elementor-element elementor-element-ad36f8a elementor-widget elementor-widget-text-editor\" data-id=\"ad36f8a\" data-element_type=\"widget\" data-widget_type=\"text-editor.default\">\n\t\t\t\t<div class=\"elementor-widget-container\">\n\t\t\t\t\t\t\t<p><span style=\"font-weight: 400;\">La <strong>epicondilitis medial<\/strong> suele tener una respuesta menos uniforme. En muchos pacientes el dolor mejora, pero la recuperaci\u00f3n funcional puede ser m\u00e1s lenta y menos predecible. <\/span><span style=\"font-weight: 400;\">Existen varios factores que explican esta diferencia:<\/span><\/p><ul><li style=\"font-weight: 400;\" aria-level=\"1\"><span style=\"font-weight: 400;\">Mayor complejidad anat\u00f3mica de la regi\u00f3n medial del codo.<\/span><\/li><li style=\"font-weight: 400;\" aria-level=\"1\"><span style=\"font-weight: 400;\">Proximidad del nervio cubital.<\/span><\/li><li style=\"font-weight: 400;\" aria-level=\"1\"><span style=\"font-weight: 400;\">Mayor frecuencia de lesiones asociadas del ligamento colateral medial.<\/span><\/li><li style=\"font-weight: 400;\" aria-level=\"1\"><span style=\"font-weight: 400;\">Tendinopat\u00edas m\u00e1s extensas y profundas.<\/span><\/li><li style=\"font-weight: 400;\" aria-level=\"1\"><span style=\"font-weight: 400;\">Persistencia del gesto mec\u00e1nico que origin\u00f3 la lesi\u00f3n.<\/span><\/li><\/ul><p><span style=\"font-weight: 400;\">Cuando la epicondilitis medial se asocia a inestabilidad, neuropat\u00eda cubital o microdesgarros extensos,<a href=\"https:\/\/bio-teach.com\/kitsprp\/#linea2\"><strong> el PRP<\/strong><\/a> puede formar parte del tratamiento, pero rara vez constituye la \u00fanica medida necesaria.<\/span><\/p>\t\t\t\t\t\t<\/div>\n\t\t\t\t<\/div>\n\t\t\t\t<div class=\"elementor-element elementor-element-5cfd406 elementor-widget elementor-widget-heading\" data-id=\"5cfd406\" data-element_type=\"widget\" data-widget_type=\"heading.default\">\n\t\t\t\t<div class=\"elementor-widget-container\">\n\t\t\t<h2 class=\"elementor-heading-title elementor-size-default\">Plasma rico en plaquetas en epicondilitis lateral vs. medial: diferencias en resultados cl\u00ednicos<\/h2>\t\t<\/div>\n\t\t\t\t<\/div>\n\t\t\t\t<div class=\"elementor-element elementor-element-9b7de0b elementor-widget elementor-widget-text-editor\" data-id=\"9b7de0b\" data-element_type=\"widget\" data-widget_type=\"text-editor.default\">\n\t\t\t\t<div class=\"elementor-widget-container\">\n\t\t\t\t\t\t\t<p><span style=\"font-weight: 400;\">La evidencia publicada muestra que la epicondilitis lateral obtiene mejores resultados globales con <a href=\"https:\/\/bio-teach.com\/kitsprp\/#linea2\"><strong>PRP<\/strong><\/a> que la medial.<\/span><\/p><p><span style=\"font-weight: 400;\">En la mayor\u00eda de las series cl\u00ednicas, la <strong>epicondilitis lateral<\/strong> presenta:<\/span><\/p><ul><li style=\"font-weight: 400;\" aria-level=\"1\"><span style=\"font-weight: 400;\">Mayor reducci\u00f3n del dolor.<\/span><\/li><li style=\"font-weight: 400;\" aria-level=\"1\"><span style=\"font-weight: 400;\">Recuperaci\u00f3n funcional m\u00e1s r\u00e1pida.<\/span><\/li><li style=\"font-weight: 400;\" aria-level=\"1\"><span style=\"font-weight: 400;\">Menor tasa de reca\u00edda.<\/span><\/li><li style=\"font-weight: 400;\" aria-level=\"1\"><span style=\"font-weight: 400;\">Menor necesidad de nuevas infiltraciones.<\/span><\/li><\/ul><p><span style=\"font-weight: 400;\">En cambio, la <strong>epicondilitis medial<\/strong> suele responder de manera m\u00e1s lenta y con una variabilidad mayor entre pacientes.<\/span><\/p>\t\t\t\t\t\t<\/div>\n\t\t\t\t<\/div>\n\t\t\t\t<div class=\"elementor-element elementor-element-1568e07 elementor-widget elementor-widget-heading\" data-id=\"1568e07\" data-element_type=\"widget\" data-widget_type=\"heading.default\">\n\t\t\t\t<div class=\"elementor-widget-container\">\n\t\t\t<h3 class=\"elementor-heading-title elementor-size-default\">Efecto del PRP en hombro y codo sobre la calidad del tejido tendinoso y su implicancia cl\u00ednica\n\n\n<\/h3>\t\t<\/div>\n\t\t\t\t<\/div>\n\t\t\t\t<div class=\"elementor-element elementor-element-98ad492 elementor-widget elementor-widget-text-editor\" data-id=\"98ad492\" data-element_type=\"widget\" data-widget_type=\"text-editor.default\">\n\t\t\t\t<div class=\"elementor-widget-container\">\n\t\t\t\t\t\t\t<p><span style=\"font-weight: 400;\">En epicondilitis lateral cr\u00f3nica, <a href=\"https:\/\/bio-teach.com\/kitsprp\/#linea2\"><strong>la infiltraci\u00f3n de PRP<\/strong><\/a> suele producir una disminuci\u00f3n cl\u00ednicamente significativa del dolor a partir de la sexta semana, con mejor\u00eda progresiva hasta los seis meses.<\/span><\/p><p><span style=\"font-weight: 400;\">Los beneficios m\u00e1s frecuentes son:<\/span><\/p><ul><li style=\"font-weight: 400;\" aria-level=\"1\"><span style=\"font-weight: 400;\">Menor dolor durante la actividad.<\/span><\/li><li style=\"font-weight: 400;\" aria-level=\"1\"><span style=\"font-weight: 400;\">Mejor tolerancia a la carga.<\/span><\/li><li style=\"font-weight: 400;\" aria-level=\"1\"><span style=\"font-weight: 400;\">Recuperaci\u00f3n de la fuerza de prensi\u00f3n.<\/span><\/li><li style=\"font-weight: 400;\" aria-level=\"1\"><span style=\"font-weight: 400;\">Menor necesidad de antiinflamatorios.<\/span><\/li><li style=\"font-weight: 400;\" aria-level=\"1\"><span style=\"font-weight: 400;\">Menor recurrencia respecto a infiltraciones con corticoides.<\/span><\/li><\/ul><p><span style=\"font-weight: 400;\">Los <strong>mejores resultados<\/strong> se observan en pacientes con tendinopat\u00eda degenerativa sin rotura, especialmente cuando el tratamiento se combina con descarga relativa y fisioterapia exc\u00e9ntrica.<\/span><\/p>\t\t\t\t\t\t<\/div>\n\t\t\t\t<\/div>\n\t\t\t\t<div class=\"elementor-element elementor-element-5af8188 elementor-widget elementor-widget-heading\" data-id=\"5af8188\" data-element_type=\"widget\" data-widget_type=\"heading.default\">\n\t\t\t\t<div class=\"elementor-widget-container\">\n\t\t\t<h3 class=\"elementor-heading-title elementor-size-default\">Plasma rico en plaquetas en epicondilitis medial: por qu\u00e9 la mejor\u00eda suele ser m\u00e1s variable\n\n<\/h3>\t\t<\/div>\n\t\t\t\t<\/div>\n\t\t\t\t<div class=\"elementor-element elementor-element-491a193 elementor-widget elementor-widget-text-editor\" data-id=\"491a193\" data-element_type=\"widget\" data-widget_type=\"text-editor.default\">\n\t\t\t\t<div class=\"elementor-widget-container\">\n\t\t\t\t\t\t\t<p><span style=\"font-weight: 400;\">La respuesta en <strong>epicondilitis medial<\/strong> depende en gran medida de la causa subyacente. Cuando la lesi\u00f3n est\u00e1 relacionada exclusivamente con una tendinopat\u00eda flexo-pronadora, el<strong> PRP<\/strong> puede lograr resultados comparables a los de la epicondilitis lateral.<\/span><\/p><p><span style=\"font-weight: 400;\">Sin embargo, la evoluci\u00f3n suele ser menos favorable cuando existen:<\/span><\/p><ul><li style=\"font-weight: 400;\" aria-level=\"1\"><span style=\"font-weight: 400;\">Lesiones del ligamento colateral medial.<\/span><\/li><li style=\"font-weight: 400;\" aria-level=\"1\"><span style=\"font-weight: 400;\">Compresi\u00f3n del nervio cubital.<\/span><\/li><li style=\"font-weight: 400;\" aria-level=\"1\"><span style=\"font-weight: 400;\">Dolor irradiado hacia el antebrazo.<\/span><\/li><li style=\"font-weight: 400;\" aria-level=\"1\"><span style=\"font-weight: 400;\">Sobrecarga mec\u00e1nica persistente.<\/span><\/li><li style=\"font-weight: 400;\" aria-level=\"1\"><span style=\"font-weight: 400;\">Pacientes que contin\u00faan con el mismo gesto deportivo o laboral.<\/span><\/li><\/ul><p><span style=\"font-weight: 400;\">En estos casos, la<strong> infiltraci\u00f3n<\/strong> aislada puede <strong>disminuir el dolor<\/strong>, pero la recuperaci\u00f3n funcional completa suele requerir un abordaje combinado.<\/span><\/p>\t\t\t\t\t\t<\/div>\n\t\t\t\t<\/div>\n\t\t\t\t<div class=\"elementor-element elementor-element-0d55018 elementor-widget elementor-widget-heading\" data-id=\"0d55018\" data-element_type=\"widget\" data-widget_type=\"heading.default\">\n\t\t\t\t<div class=\"elementor-widget-container\">\n\t\t\t<h2 class=\"elementor-heading-title elementor-size-default\">Plasma rico en plaquetas en epicondilitis refractaria: cu\u00e1ndo el PRP ofrece ventajas frente a corticoides\n<\/h2>\t\t<\/div>\n\t\t\t\t<\/div>\n\t\t\t\t<div class=\"elementor-element elementor-element-46dce8e elementor-widget elementor-widget-text-editor\" data-id=\"46dce8e\" data-element_type=\"widget\" data-widget_type=\"text-editor.default\">\n\t\t\t\t<div class=\"elementor-widget-container\">\n\t\t\t\t\t\t\t<p><span style=\"font-weight: 400;\">Una de las indicaciones m\u00e1s frecuentes del<strong> PRP<\/strong> es la epicondilitis cr\u00f3nica que no responde a tratamiento convencional.<\/span><\/p><p><span style=\"font-weight: 400;\">Los corticoides contin\u00faan ofreciendo alivio r\u00e1pido, pero ese efecto suele ser transitorio. A medio y largo plazo, muchos pacientes presentan reca\u00edda del dolor y empeoramiento de la calidad del tend\u00f3n.<\/span><\/p><p><span style=\"font-weight: 400;\">El <strong>plasma rico en plaquetas en epicondilitis<\/strong> tiene un comportamiento diferente. La mejor\u00eda es m\u00e1s lenta, pero tiende a ser m\u00e1s estable y sostenida porque act\u00faa sobre el entorno biol\u00f3gico del tend\u00f3n y no solo sobre la inflamaci\u00f3n.<\/span><\/p>\t\t\t\t\t\t<\/div>\n\t\t\t\t<\/div>\n\t\t\t\t<div class=\"elementor-element elementor-element-611c7ac elementor-widget elementor-widget-heading\" data-id=\"611c7ac\" data-element_type=\"widget\" data-widget_type=\"heading.default\">\n\t\t\t\t<div class=\"elementor-widget-container\">\n\t\t\t<h3 class=\"elementor-heading-title elementor-size-default\">Plasma rico en plaquetas en epicondilitis lateral frente a corticoides\n\n<\/h3>\t\t<\/div>\n\t\t\t\t<\/div>\n\t\t\t\t<div class=\"elementor-element elementor-element-0a79c17 elementor-widget elementor-widget-text-editor\" data-id=\"0a79c17\" data-element_type=\"widget\" data-widget_type=\"text-editor.default\">\n\t\t\t\t<div class=\"elementor-widget-container\">\n\t\t\t\t\t\t\t<p><span style=\"font-weight: 400;\">En epicondilitis lateral, los corticoides suelen mostrar una mejor respuesta durante las primeras semanas. Sin embargo, entre los tres y seis meses, el PRP suele superar claramente a las infiltraciones convencionales en:<\/span><\/p><ul><li style=\"font-weight: 400;\" aria-level=\"1\"><span style=\"font-weight: 400;\">Dolor residual.<\/span><\/li><li style=\"font-weight: 400;\" aria-level=\"1\"><span style=\"font-weight: 400;\">Funci\u00f3n del codo.<\/span><\/li><li style=\"font-weight: 400;\" aria-level=\"1\"><span style=\"font-weight: 400;\">Tasa de reca\u00edda.<\/span><\/li><li style=\"font-weight: 400;\" aria-level=\"1\"><span style=\"font-weight: 400;\">Retorno a la actividad deportiva o laboral.<\/span><\/li><\/ul><p><span style=\"font-weight: 400;\">Por este motivo, muchos protocolos actuales reservan los corticoides para casos seleccionados y consideran el PRP como una alternativa m\u00e1s adecuada en lesiones cr\u00f3nicas.<\/span><\/p>\t\t\t\t\t\t<\/div>\n\t\t\t\t<\/div>\n\t\t\t\t<div class=\"elementor-element elementor-element-dd96523 elementor-widget elementor-widget-heading\" data-id=\"dd96523\" data-element_type=\"widget\" data-widget_type=\"heading.default\">\n\t\t\t\t<div class=\"elementor-widget-container\">\n\t\t\t<h3 class=\"elementor-heading-title elementor-size-default\">Plasma rico en plaquetas en epicondilitis medial: cu\u00e1ndo los corticoides siguen teniendo un papel\n\n<\/h3>\t\t<\/div>\n\t\t\t\t<\/div>\n\t\t\t\t<div class=\"elementor-element elementor-element-46c6408 elementor-widget elementor-widget-text-editor\" data-id=\"46c6408\" data-element_type=\"widget\" data-widget_type=\"text-editor.default\">\n\t\t\t\t<div class=\"elementor-widget-container\">\n\t\t\t\t\t\t\t<p><span style=\"font-weight: 400;\">En epicondilitis medial, la situaci\u00f3n es diferente. Cuando existe dolor intenso asociado a inflamaci\u00f3n periarticular o neuropat\u00eda cubital, algunos m\u00e9dicos contin\u00faan utilizando infiltraciones antiinflamatorias antes de indicar PRP.<\/span><\/p><p><span style=\"font-weight: 400;\">Sin embargo, si predomina la degeneraci\u00f3n tendinosa cr\u00f3nica, el PRP suele ofrecer una mejor perspectiva a largo plazo, especialmente cuando se realiza una infiltraci\u00f3n ecoguiada y se corrigen los factores biomec\u00e1nicos.<\/span><\/p>\t\t\t\t\t\t<\/div>\n\t\t\t\t<\/div>\n\t\t\t\t<div class=\"elementor-element elementor-element-becd56a elementor-widget elementor-widget-heading\" data-id=\"becd56a\" data-element_type=\"widget\" data-widget_type=\"heading.default\">\n\t\t\t\t<div class=\"elementor-widget-container\">\n\t\t\t<h2 class=\"elementor-heading-title elementor-size-default\"> Plasma rico en plaquetas en epicondilitis: variables t\u00e9cnicas que modifican los resultados<\/h2>\t\t<\/div>\n\t\t\t\t<\/div>\n\t\t\t\t<div class=\"elementor-element elementor-element-9a3b480 elementor-widget elementor-widget-text-editor\" data-id=\"9a3b480\" data-element_type=\"widget\" data-widget_type=\"text-editor.default\">\n\t\t\t\t<div class=\"elementor-widget-container\">\n\t\t\t\t\t\t\t<p><span style=\"font-weight: 400;\">La eficacia del tratamiento no depende \u00fanicamente de la patolog\u00eda. El tipo de PRP, la t\u00e9cnica de infiltraci\u00f3n y la selecci\u00f3n del paciente influyen de manera decisiva.<\/span><\/p>\t\t\t\t\t\t<\/div>\n\t\t\t\t<\/div>\n\t\t\t\t<div class=\"elementor-element elementor-element-ff9285d elementor-widget elementor-widget-heading\" data-id=\"ff9285d\" data-element_type=\"widget\" data-widget_type=\"heading.default\">\n\t\t\t\t<div class=\"elementor-widget-container\">\n\t\t\t<h3 class=\"elementor-heading-title elementor-size-medium\">Plasma rico en plaquetas en epicondilitis: importancia de la infiltraci\u00f3n ecoguiada\n<\/h3>\t\t<\/div>\n\t\t\t\t<\/div>\n\t\t\t\t<div class=\"elementor-element elementor-element-be67e6b elementor-widget elementor-widget-text-editor\" data-id=\"be67e6b\" data-element_type=\"widget\" data-widget_type=\"text-editor.default\">\n\t\t\t\t<div class=\"elementor-widget-container\">\n\t\t\t\t\t\t\t<p><span style=\"font-weight: 400;\">La infiltraci\u00f3n ecoguiada permite localizar con precisi\u00f3n la zona degenerada, evitar estructuras vecinas y distribuir el PRP dentro del tend\u00f3n patol\u00f3gico.<\/span><\/p><p><span style=\"font-weight: 400;\">Esto es especialmente importante en la epicondilitis medial, donde la proximidad del nervio cubital y de otras estructuras aumenta el riesgo de una infiltraci\u00f3n imprecisa.<\/span><\/p><p><span style=\"font-weight: 400;\">Adem\u00e1s, la gu\u00eda ecogr\u00e1fica mejora la reproducibilidad y puede aumentar la probabilidad de respuesta cl\u00ednica.<\/span><\/p>\t\t\t\t\t\t<\/div>\n\t\t\t\t<\/div>\n\t\t\t\t<div class=\"elementor-element elementor-element-6921b24 elementor-widget elementor-widget-heading\" data-id=\"6921b24\" data-element_type=\"widget\" data-widget_type=\"heading.default\">\n\t\t\t\t<div class=\"elementor-widget-container\">\n\t\t\t<h3 class=\"elementor-heading-title elementor-size-medium\">Plasma rico en plaquetas en epicondilitis: n\u00famero de infiltraciones y selecci\u00f3n del PRP\n\n<\/h3>\t\t<\/div>\n\t\t\t\t<\/div>\n\t\t\t\t<div class=\"elementor-element elementor-element-198ff54 elementor-widget elementor-widget-text-editor\" data-id=\"198ff54\" data-element_type=\"widget\" data-widget_type=\"text-editor.default\">\n\t\t\t\t<div class=\"elementor-widget-container\">\n\t\t\t\t\t\t\t<p><span style=\"font-weight: 400;\">La mayor\u00eda de los pacientes responde con una o dos infiltraciones. Sin embargo, los casos m\u00e1s cr\u00f3nicos o con degeneraci\u00f3n extensa pueden requerir una tercera sesi\u00f3n.<\/span><\/p><p><span style=\"font-weight: 400;\">Tambi\u00e9n existen diferencias seg\u00fan el tipo de preparado utilizado. En lesiones tendinosas cr\u00f3nicas, algunos autores prefieren un PRP con mayor concentraci\u00f3n plaquetaria y moderado contenido leucocitario, mientras que otros optan por preparaciones pobres en leucocitos para disminuir el dolor postinfiltraci\u00f3n.<\/span><\/p><p><span style=\"font-weight: 400;\">La selecci\u00f3n debe adaptarse a la localizaci\u00f3n de la lesi\u00f3n, el tiempo de evoluci\u00f3n y la experiencia cl\u00ednica del profesional.<\/span><\/p>\t\t\t\t\t\t<\/div>\n\t\t\t\t<\/div>\n\t\t\t\t<div class=\"elementor-element elementor-element-e11b9d7 elementor-widget elementor-widget-heading\" data-id=\"e11b9d7\" data-element_type=\"widget\" data-widget_type=\"heading.default\">\n\t\t\t\t<div class=\"elementor-widget-container\">\n\t\t\t<h2 class=\"elementor-heading-title elementor-size-default\">Preguntas frecuentes sobre plasma rico en plaquetas en epicondilitis\n<\/h2>\t\t<\/div>\n\t\t\t\t<\/div>\n\t\t\t\t<div class=\"elementor-element elementor-element-d690c96 elementor-widget elementor-widget-text-editor\" data-id=\"d690c96\" data-element_type=\"widget\" data-widget_type=\"text-editor.default\">\n\t\t\t\t<div class=\"elementor-widget-container\">\n\t\t\t\t\t\t\t\t\t\t\t\t\t<\/div>\n\t\t\t\t<\/div>\n\t\t\t\t<div class=\"elementor-element elementor-element-1a04e24 elementor-widget elementor-widget-accordion\" data-id=\"1a04e24\" data-element_type=\"widget\" data-widget_type=\"accordion.default\">\n\t\t\t\t<div class=\"elementor-widget-container\">\n\t\t\t\t\t<div class=\"elementor-accordion\" role=\"tablist\">\n\t\t\t\t\t\t\t<div class=\"elementor-accordion-item\">\n\t\t\t\t\t<div id=\"elementor-tab-title-2721\" class=\"elementor-tab-title\" data-tab=\"1\" role=\"tab\" aria-controls=\"elementor-tab-content-2721\" aria-expanded=\"false\">\n\t\t\t\t\t\t\t\t\t\t\t\t\t<span class=\"elementor-accordion-icon elementor-accordion-icon-left\" aria-hidden=\"true\">\n\t\t\t\t\t\t\t\t\t\t\t\t\t\t\t<span class=\"elementor-accordion-icon-closed\"><i class=\"fas fa-plus\"><\/i><\/span>\n\t\t\t\t\t\t\t\t<span class=\"elementor-accordion-icon-opened\"><i class=\"fas fa-minus\"><\/i><\/span>\n\t\t\t\t\t\t\t\t\t\t\t\t\t\t<\/span>\n\t\t\t\t\t\t\t\t\t\t\t\t<a class=\"elementor-accordion-title\" href=\"\"> \u00bfQu\u00e9 pacientes tienen peor pron\u00f3stico con plasma rico en plaquetas en epicondilitis?<\/a>\n\t\t\t\t\t<\/div>\n\t\t\t\t\t<div id=\"elementor-tab-content-2721\" class=\"elementor-tab-content elementor-clearfix\" data-tab=\"1\" role=\"tabpanel\" aria-labelledby=\"elementor-tab-title-2721\"><p><span style=\"font-weight: 400;\">Los peores resultados suelen observarse en pacientes con roturas tendinosas extensas, inestabilidad del codo, neuropat\u00eda cubital asociada o persistencia de sobrecargas laborales y deportivas sin modificaci\u00f3n del gesto.<\/span><\/p><\/div>\n\t\t\t\t<\/div>\n\t\t\t\t\t\t\t<div class=\"elementor-accordion-item\">\n\t\t\t\t\t<div id=\"elementor-tab-title-2722\" class=\"elementor-tab-title\" data-tab=\"2\" role=\"tab\" aria-controls=\"elementor-tab-content-2722\" aria-expanded=\"false\">\n\t\t\t\t\t\t\t\t\t\t\t\t\t<span class=\"elementor-accordion-icon elementor-accordion-icon-left\" aria-hidden=\"true\">\n\t\t\t\t\t\t\t\t\t\t\t\t\t\t\t<span class=\"elementor-accordion-icon-closed\"><i class=\"fas fa-plus\"><\/i><\/span>\n\t\t\t\t\t\t\t\t<span class=\"elementor-accordion-icon-opened\"><i class=\"fas fa-minus\"><\/i><\/span>\n\t\t\t\t\t\t\t\t\t\t\t\t\t\t<\/span>\n\t\t\t\t\t\t\t\t\t\t\t\t<a class=\"elementor-accordion-title\" href=\"\">\u00bfLa epicondilitis medial necesita m\u00e1s sesiones de PRP que la lateral?<\/a>\n\t\t\t\t\t<\/div>\n\t\t\t\t\t<div id=\"elementor-tab-content-2722\" class=\"elementor-tab-content elementor-clearfix\" data-tab=\"2\" role=\"tabpanel\" aria-labelledby=\"elementor-tab-title-2722\"><p><span style=\"font-weight: 400;\">Con frecuencia s\u00ed. La epicondilitis medial suele requerir m\u00e1s de una infiltraci\u00f3n debido a la complejidad anat\u00f3mica y a la mayor presencia de lesiones asociadas.<\/span><\/p><\/div>\n\t\t\t\t<\/div>\n\t\t\t\t\t\t\t<div class=\"elementor-accordion-item\">\n\t\t\t\t\t<div id=\"elementor-tab-title-2723\" class=\"elementor-tab-title\" data-tab=\"3\" role=\"tab\" aria-controls=\"elementor-tab-content-2723\" aria-expanded=\"false\">\n\t\t\t\t\t\t\t\t\t\t\t\t\t<span class=\"elementor-accordion-icon elementor-accordion-icon-left\" aria-hidden=\"true\">\n\t\t\t\t\t\t\t\t\t\t\t\t\t\t\t<span class=\"elementor-accordion-icon-closed\"><i class=\"fas fa-plus\"><\/i><\/span>\n\t\t\t\t\t\t\t\t<span class=\"elementor-accordion-icon-opened\"><i class=\"fas fa-minus\"><\/i><\/span>\n\t\t\t\t\t\t\t\t\t\t\t\t\t\t<\/span>\n\t\t\t\t\t\t\t\t\t\t\t\t<a class=\"elementor-accordion-title\" href=\"\"> \u00bfCu\u00e1ndo puede considerarse fracaso del plasma rico en plaquetas en epicondilitis?<\/a>\n\t\t\t\t\t<\/div>\n\t\t\t\t\t<div id=\"elementor-tab-content-2723\" class=\"elementor-tab-content elementor-clearfix\" data-tab=\"3\" role=\"tabpanel\" aria-labelledby=\"elementor-tab-title-2723\"><p><span style=\"font-weight: 400;\">Generalmente se considera que existe una respuesta insuficiente cuando no se observa mejor\u00eda cl\u00ednica significativa entre las 8 y 12 semanas posteriores a una infiltraci\u00f3n correctamente realizada.<\/span><\/p><\/div>\n\t\t\t\t<\/div>\n\t\t\t\t\t\t\t<div class=\"elementor-accordion-item\">\n\t\t\t\t\t<div id=\"elementor-tab-title-2724\" class=\"elementor-tab-title\" data-tab=\"4\" role=\"tab\" aria-controls=\"elementor-tab-content-2724\" aria-expanded=\"false\">\n\t\t\t\t\t\t\t\t\t\t\t\t\t<span class=\"elementor-accordion-icon elementor-accordion-icon-left\" aria-hidden=\"true\">\n\t\t\t\t\t\t\t\t\t\t\t\t\t\t\t<span class=\"elementor-accordion-icon-closed\"><i class=\"fas fa-plus\"><\/i><\/span>\n\t\t\t\t\t\t\t\t<span class=\"elementor-accordion-icon-opened\"><i class=\"fas fa-minus\"><\/i><\/span>\n\t\t\t\t\t\t\t\t\t\t\t\t\t\t<\/span>\n\t\t\t\t\t\t\t\t\t\t\t\t<a class=\"elementor-accordion-title\" href=\"\">\u00bfTiene sentido combinar plasma rico en plaquetas en epicondilitis con fisioterapia?<\/a>\n\t\t\t\t\t<\/div>\n\t\t\t\t\t<div id=\"elementor-tab-content-2724\" class=\"elementor-tab-content elementor-clearfix\" data-tab=\"4\" role=\"tabpanel\" aria-labelledby=\"elementor-tab-title-2724\"><p><span style=\"font-weight: 400;\">S\u00ed. La combinaci\u00f3n con fisioterapia, ejercicios exc\u00e9ntricos y correcci\u00f3n biomec\u00e1nica suele ofrecer mejores resultados que la infiltraci\u00f3n aislada, especialmente en deportistas y pacientes con gestos repetitivos<\/span><\/p><\/div>\n\t\t\t\t<\/div>\n\t\t\t\t\t\t\t\t<\/div>\n\t\t\t\t<\/div>\n\t\t\t\t<\/div>\n\t\t\t\t<div class=\"elementor-element elementor-element-53ae1e47 elementor-widget-divider--view-line elementor-widget elementor-widget-divider\" data-id=\"53ae1e47\" data-element_type=\"widget\" data-widget_type=\"divider.default\">\n\t\t\t\t<div class=\"elementor-widget-container\">\n\t\t\t\t\t<div class=\"elementor-divider\">\n\t\t\t<span class=\"elementor-divider-separator\">\n\t\t\t\t\t\t<\/span>\n\t\t<\/div>\n\t\t\t\t<\/div>\n\t\t\t\t<\/div>\n\t\t\t\t\t<\/div>\n\t\t<\/div>\n\t\t\t\t\t\t\t<\/div>\n\t\t<\/section>\n\t\t\t\t<section class=\"elementor-section elementor-top-section elementor-element elementor-element-f984161 elementor-section-boxed elementor-section-height-default elementor-section-height-default\" data-id=\"f984161\" data-element_type=\"section\">\n\t\t\t\t\t\t<div class=\"elementor-container elementor-column-gap-default\">\n\t\t\t\t\t<div class=\"elementor-column elementor-col-100 elementor-top-column elementor-element elementor-element-5b7fb03\" data-id=\"5b7fb03\" data-element_type=\"column\">\n\t\t\t<div class=\"elementor-widget-wrap\">\n\t\t\t\t\t\t\t\t\t<\/div>\n\t\t<\/div>\n\t\t\t\t\t\t\t<\/div>\n\t\t<\/section>\n\t\t\t\t<section class=\"elementor-section elementor-top-section elementor-element elementor-element-4a914844 elementor-section-boxed elementor-section-height-default elementor-section-height-default\" data-id=\"4a914844\" data-element_type=\"section\">\n\t\t\t\t\t\t<div class=\"elementor-container elementor-column-gap-default\">\n\t\t\t\t\t<div class=\"elementor-column elementor-col-100 elementor-top-column elementor-element elementor-element-43a6cf1e\" data-id=\"43a6cf1e\" data-element_type=\"column\">\n\t\t\t<div class=\"elementor-widget-wrap elementor-element-populated\">\n\t\t\t\t\t\t\t\t<section class=\"elementor-section elementor-inner-section elementor-element elementor-element-4050fdf0 elementor-section-boxed elementor-section-height-default elementor-section-height-default\" data-id=\"4050fdf0\" data-element_type=\"section\">\n\t\t\t\t\t\t<div class=\"elementor-container elementor-column-gap-default\">\n\t\t\t\t\t<div class=\"elementor-column elementor-col-50 elementor-inner-column elementor-element elementor-element-c4aad47\" data-id=\"c4aad47\" data-element_type=\"column\">\n\t\t\t<div class=\"elementor-widget-wrap elementor-element-populated\">\n\t\t\t\t\t\t\t\t<div class=\"elementor-element elementor-element-61f19fd9 elementor-widget elementor-widget-text-editor\" data-id=\"61f19fd9\" data-element_type=\"widget\" data-widget_type=\"text-editor.default\">\n\t\t\t\t<div class=\"elementor-widget-container\">\n\t\t\t\t\t\t\t<p>Joe Ramirez<\/p><p>Director Comercial de Bio-Teach Medical<\/p>\t\t\t\t\t\t<\/div>\n\t\t\t\t<\/div>\n\t\t\t\t<div class=\"elementor-element elementor-element-a4b70d e-grid-align-left elementor-shape-rounded elementor-grid-0 elementor-widget elementor-widget-social-icons\" data-id=\"a4b70d\" data-element_type=\"widget\" data-widget_type=\"social-icons.default\">\n\t\t\t\t<div class=\"elementor-widget-container\">\n\t\t\t\t\t<div class=\"elementor-social-icons-wrapper elementor-grid\">\n\t\t\t\t\t\t\t<span class=\"elementor-grid-item\">\n\t\t\t\t\t<a class=\"elementor-icon elementor-social-icon elementor-social-icon-linkedin elementor-repeater-item-ea2d6ac\" href=\"https:\/\/www.linkedin.com\/in\/joeramz\/\" target=\"_blank\">\n\t\t\t\t\t\t<span class=\"elementor-screen-only\">Linkedin<\/span>\n\t\t\t\t\t\t<i class=\"fab fa-linkedin\"><\/i>\t\t\t\t\t<\/a>\n\t\t\t\t<\/span>\n\t\t\t\t\t<\/div>\n\t\t\t\t<\/div>\n\t\t\t\t<\/div>\n\t\t\t\t\t<\/div>\n\t\t<\/div>\n\t\t\t\t<div class=\"elementor-column elementor-col-50 elementor-inner-column elementor-element elementor-element-2159cdee\" data-id=\"2159cdee\" data-element_type=\"column\">\n\t\t\t<div class=\"elementor-widget-wrap\">\n\t\t\t\t\t\t\t\t\t<\/div>\n\t\t<\/div>\n\t\t\t\t\t\t\t<\/div>\n\t\t<\/section>\n\t\t\t\t\t<\/div>\n\t\t<\/div>\n\t\t\t\t\t\t\t<\/div>\n\t\t<\/section>\n\t\t\t\t\t\t\t<\/div>\n\t\t","protected":false},"excerpt":{"rendered":"<p> La respuesta al plasma rico en plaquetas en epicondilitis no es id\u00e9ntica en todos los pacientes. La epicondilitis lateral y la medial presentan diferencias anat\u00f3micas, biomec\u00e1nicas y cl\u00ednicas que pueden influir en la indicaci\u00f3n, el protocolo y los resultados del PRP. En este art\u00edculo revisamos qu\u00e9 evidencia existe, qu\u00e9 tipo de pacientes responden mejor y qu\u00e9 diferencias pueden observarse entre ambas patolog\u00edas.<\/p>\n","protected":false},"author":1,"featured_media":6615,"comment_status":"closed","ping_status":"open","sticky":false,"template":"","format":"standard","meta":{"neve_meta_sidebar":"full-width","neve_meta_container":"","neve_meta_enable_content_width":"","neve_meta_content_width":70,"neve_meta_title_alignment":"center","neve_meta_author_avatar":"","neve_post_elements_order":"[\"content\",\"tags\",\"sharing-icons\",\"post-navigation\"]","neve_meta_disable_header":"off","neve_meta_disable_footer":"","neve_meta_disable_title":"","neve_meta_reading_time":"","_ti_tpc_template_sync":false,"_ti_tpc_template_id":"","footnotes":""},"categories":[17],"tags":[98,97,16,61],"class_list":["post-6590","post","type-post","status-publish","format-standard","has-post-thumbnail","hentry","category-noticias","tag-epicondilitis-lateral","tag-epicondilitis-medial","tag-prp","tag-terapia-prp"],"yoast_head":"<!-- This site is optimized with the Yoast SEO plugin v27.4 - https:\/\/yoast.com\/product\/yoast-seo-wordpress\/ -->\n<title>Plasma Rico En Plaquetas En Epicondilitis Medial Y Lateral<\/title>\n<meta name=\"description\" content=\"Analizamos las diferencias del plasma rico en plaquetas en epicondilitis medial y lateral, qu\u00e9 pacientes responden mejor.\" \/>\n<meta name=\"robots\" content=\"index, follow, max-snippet:-1, max-image-preview:large, max-video-preview:-1\" \/>\n<link rel=\"canonical\" href=\"https:\/\/bio-teach.com\/kitsprp\/prp-en-epicondilitis-medial-vs-epicondilitis-lateral-diferencias-en-resultados\/\" \/>\n<meta property=\"og:locale\" content=\"es_ES\" \/>\n<meta property=\"og:type\" content=\"article\" \/>\n<meta property=\"og:title\" content=\"Plasma Rico En Plaquetas En Epicondilitis Medial Y Lateral\" \/>\n<meta property=\"og:description\" content=\"Analizamos las diferencias del plasma rico en plaquetas en epicondilitis medial y lateral, qu\u00e9 pacientes responden mejor.\" \/>\n<meta property=\"og:url\" content=\"https:\/\/bio-teach.com\/kitsprp\/prp-en-epicondilitis-medial-vs-epicondilitis-lateral-diferencias-en-resultados\/\" \/>\n<meta property=\"og:site_name\" content=\"KITS PRP\" \/>\n<meta property=\"article:published_time\" content=\"2026-04-17T19:08:04+00:00\" \/>\n<meta property=\"article:modified_time\" content=\"2026-04-17T19:24:39+00:00\" \/>\n<meta property=\"og:image\" content=\"https:\/\/ml2wibi8up3f.i.optimole.com\/uueflVA-gt1GZpVV\/w:auto\/h:auto\/q:auto\/https:\/\/bio-teach.com\/kitsprp\/wp-content\/uploads\/2026\/04\/PRP-en-epicondilitis-medial-vs-epicondilitis-lateral.webp\" \/>\n\t<meta property=\"og:image:width\" content=\"1280\" \/>\n\t<meta property=\"og:image:height\" content=\"720\" \/>\n\t<meta property=\"og:image:type\" content=\"image\/webp\" \/>\n<meta name=\"author\" content=\"jramirez\" \/>\n<meta name=\"twitter:card\" content=\"summary_large_image\" \/>\n<meta name=\"twitter:label1\" content=\"Escrito por\" \/>\n\t<meta name=\"twitter:data1\" content=\"jramirez\" \/>\n\t<meta name=\"twitter:label2\" content=\"Tiempo de lectura\" \/>\n\t<meta name=\"twitter:data2\" content=\"8 minutos\" \/>\n<script type=\"application\/ld+json\" class=\"yoast-schema-graph\">{\"@context\":\"https:\\\/\\\/schema.org\",\"@graph\":[{\"@type\":\"Article\",\"@id\":\"https:\\\/\\\/bio-teach.com\\\/kitsprp\\\/prp-en-epicondilitis-medial-vs-epicondilitis-lateral-diferencias-en-resultados\\\/#article\",\"isPartOf\":{\"@id\":\"https:\\\/\\\/bio-teach.com\\\/kitsprp\\\/prp-en-epicondilitis-medial-vs-epicondilitis-lateral-diferencias-en-resultados\\\/\"},\"author\":{\"name\":\"jramirez\",\"@id\":\"https:\\\/\\\/bio-teach.com\\\/kitsprp\\\/#\\\/schema\\\/person\\\/d32b2dfe603cd6981808973bc26d1905\"},\"headline\":\"PRP en epicondilitis medial vs. epicondilitis lateral: diferencias en resultados\",\"datePublished\":\"2026-04-17T19:08:04+00:00\",\"dateModified\":\"2026-04-17T19:24:39+00:00\",\"mainEntityOfPage\":{\"@id\":\"https:\\\/\\\/bio-teach.com\\\/kitsprp\\\/prp-en-epicondilitis-medial-vs-epicondilitis-lateral-diferencias-en-resultados\\\/\"},\"wordCount\":1707,\"publisher\":{\"@id\":\"https:\\\/\\\/bio-teach.com\\\/kitsprp\\\/#organization\"},\"image\":{\"@id\":\"https:\\\/\\\/bio-teach.com\\\/kitsprp\\\/prp-en-epicondilitis-medial-vs-epicondilitis-lateral-diferencias-en-resultados\\\/#primaryimage\"},\"thumbnailUrl\":\"https:\\/\\/bio-teach.com\\/kitsprp\\/wp-content\\/uploads\\/2026\\/04\\/PRP-en-epicondilitis-medial-vs-epicondilitis-lateral.webp\",\"keywords\":[\"epicondilitis lateral\",\"epicondilitis medial\",\"PRP\",\"Terapia PRP\"],\"articleSection\":[\"Noticias\"],\"inLanguage\":\"es\"},{\"@type\":\"WebPage\",\"@id\":\"https:\\\/\\\/bio-teach.com\\\/kitsprp\\\/prp-en-epicondilitis-medial-vs-epicondilitis-lateral-diferencias-en-resultados\\\/\",\"url\":\"https:\\\/\\\/bio-teach.com\\\/kitsprp\\\/prp-en-epicondilitis-medial-vs-epicondilitis-lateral-diferencias-en-resultados\\\/\",\"name\":\"Plasma Rico En Plaquetas En Epicondilitis Medial Y Lateral\",\"isPartOf\":{\"@id\":\"https:\\\/\\\/bio-teach.com\\\/kitsprp\\\/#website\"},\"primaryImageOfPage\":{\"@id\":\"https:\\\/\\\/bio-teach.com\\\/kitsprp\\\/prp-en-epicondilitis-medial-vs-epicondilitis-lateral-diferencias-en-resultados\\\/#primaryimage\"},\"image\":{\"@id\":\"https:\\\/\\\/bio-teach.com\\\/kitsprp\\\/prp-en-epicondilitis-medial-vs-epicondilitis-lateral-diferencias-en-resultados\\\/#primaryimage\"},\"thumbnailUrl\":\"https:\\/\\/bio-teach.com\\/kitsprp\\/wp-content\\/uploads\\/2026\\/04\\/PRP-en-epicondilitis-medial-vs-epicondilitis-lateral.webp\",\"datePublished\":\"2026-04-17T19:08:04+00:00\",\"dateModified\":\"2026-04-17T19:24:39+00:00\",\"description\":\"Analizamos las diferencias del plasma rico en plaquetas en epicondilitis medial y lateral, qu\u00e9 pacientes responden mejor.\",\"breadcrumb\":{\"@id\":\"https:\\\/\\\/bio-teach.com\\\/kitsprp\\\/prp-en-epicondilitis-medial-vs-epicondilitis-lateral-diferencias-en-resultados\\\/#breadcrumb\"},\"inLanguage\":\"es\",\"potentialAction\":[{\"@type\":\"ReadAction\",\"target\":[\"https:\\\/\\\/bio-teach.com\\\/kitsprp\\\/prp-en-epicondilitis-medial-vs-epicondilitis-lateral-diferencias-en-resultados\\\/\"]}]},{\"@type\":\"ImageObject\",\"inLanguage\":\"es\",\"@id\":\"https:\\\/\\\/bio-teach.com\\\/kitsprp\\\/prp-en-epicondilitis-medial-vs-epicondilitis-lateral-diferencias-en-resultados\\\/#primaryimage\",\"url\":\"https:\\/\\/bio-teach.com\\/kitsprp\\/wp-content\\/uploads\\/2026\\/04\\/PRP-en-epicondilitis-medial-vs-epicondilitis-lateral.webp\",\"contentUrl\":\"https:\\/\\/bio-teach.com\\/kitsprp\\/wp-content\\/uploads\\/2026\\/04\\/PRP-en-epicondilitis-medial-vs-epicondilitis-lateral.webp\",\"width\":1280,\"height\":720,\"caption\":\"PRP en epicondilitis medial del codo\"},{\"@type\":\"BreadcrumbList\",\"@id\":\"https:\\\/\\\/bio-teach.com\\\/kitsprp\\\/prp-en-epicondilitis-medial-vs-epicondilitis-lateral-diferencias-en-resultados\\\/#breadcrumb\",\"itemListElement\":[{\"@type\":\"ListItem\",\"position\":1,\"name\":\"Portada\",\"item\":\"https:\\\/\\\/bio-teach.com\\\/kitsprp\\\/\"},{\"@type\":\"ListItem\",\"position\":2,\"name\":\"PRP en epicondilitis medial vs. epicondilitis lateral: diferencias en resultados\"}]},{\"@type\":\"WebSite\",\"@id\":\"https:\\\/\\\/bio-teach.com\\\/kitsprp\\\/#website\",\"url\":\"https:\\\/\\\/bio-teach.com\\\/kitsprp\\\/\",\"name\":\"KITS PRP\",\"description\":\"KITS PRP\",\"publisher\":{\"@id\":\"https:\\\/\\\/bio-teach.com\\\/kitsprp\\\/#organization\"},\"potentialAction\":[{\"@type\":\"SearchAction\",\"target\":{\"@type\":\"EntryPoint\",\"urlTemplate\":\"https:\\\/\\\/bio-teach.com\\\/kitsprp\\\/?s={search_term_string}\"},\"query-input\":{\"@type\":\"PropertyValueSpecification\",\"valueRequired\":true,\"valueName\":\"search_term_string\"}}],\"inLanguage\":\"es\"},{\"@type\":\"Organization\",\"@id\":\"https:\\\/\\\/bio-teach.com\\\/kitsprp\\\/#organization\",\"name\":\"KITS PRP\",\"url\":\"https:\\\/\\\/bio-teach.com\\\/kitsprp\\\/\",\"logo\":{\"@type\":\"ImageObject\",\"inLanguage\":\"es\",\"@id\":\"https:\\\/\\\/bio-teach.com\\\/kitsprp\\\/#\\\/schema\\\/logo\\\/image\\\/\",\"url\":\"https:\\/\\/bio-teach.com\\/kitsprp\\/wp-content\\/uploads\\/2021\\/11\\/cropped-logo-bioteach-min.png\",\"contentUrl\":\"https:\\/\\/bio-teach.com\\/kitsprp\\/wp-content\\/uploads\\/2021\\/11\\/cropped-logo-bioteach-min.png\",\"width\":600,\"height\":250,\"caption\":\"KITS PRP\"},\"image\":{\"@id\":\"https:\\\/\\\/bio-teach.com\\\/kitsprp\\\/#\\\/schema\\\/logo\\\/image\\\/\"}},{\"@type\":\"Person\",\"@id\":\"https:\\\/\\\/bio-teach.com\\\/kitsprp\\\/#\\\/schema\\\/person\\\/d32b2dfe603cd6981808973bc26d1905\",\"name\":\"jramirez\",\"image\":{\"@type\":\"ImageObject\",\"inLanguage\":\"es\",\"@id\":\"https:\\/\\/bio-teach.com\\/kitsprp\\/wp-content\\/uploads\\/2023\\/05\\/cropped-Favicon-Bio-Teach.jpeg\",\"url\":\"https:\\/\\/bio-teach.com\\/kitsprp\\/wp-content\\/uploads\\/2023\\/05\\/cropped-Favicon-Bio-Teach.jpeg\",\"contentUrl\":\"https:\\/\\/bio-teach.com\\/kitsprp\\/wp-content\\/uploads\\/2023\\/05\\/cropped-Favicon-Bio-Teach.jpeg\",\"caption\":\"jramirez\"},\"sameAs\":[\"https:\\\/\\\/bio-teach.com\\\/kitsprp\"],\"url\":\"https:\\\/\\\/bio-teach.com\\\/kitsprp\\\/author\\\/jramirez\\\/\"}]}<\/script>\n<!-- \/ Yoast SEO plugin. -->","yoast_head_json":{"title":"Plasma Rico En Plaquetas En Epicondilitis Medial Y Lateral","description":"Analizamos las diferencias del plasma rico en plaquetas en epicondilitis medial y lateral, qu\u00e9 pacientes responden mejor.","robots":{"index":"index","follow":"follow","max-snippet":"max-snippet:-1","max-image-preview":"max-image-preview:large","max-video-preview":"max-video-preview:-1"},"canonical":"https:\/\/bio-teach.com\/kitsprp\/prp-en-epicondilitis-medial-vs-epicondilitis-lateral-diferencias-en-resultados\/","og_locale":"es_ES","og_type":"article","og_title":"Plasma Rico En Plaquetas En Epicondilitis Medial Y Lateral","og_description":"Analizamos las diferencias del plasma rico en plaquetas en epicondilitis medial y lateral, qu\u00e9 pacientes responden mejor.","og_url":"https:\/\/bio-teach.com\/kitsprp\/prp-en-epicondilitis-medial-vs-epicondilitis-lateral-diferencias-en-resultados\/","og_site_name":"KITS PRP","article_published_time":"2026-04-17T19:08:04+00:00","article_modified_time":"2026-04-17T19:24:39+00:00","og_image":[{"width":1280,"height":720,"url":"https:\/\/ml2wibi8up3f.i.optimole.com\/uueflVA-gt1GZpVV\/w:auto\/h:auto\/q:auto\/https:\/\/bio-teach.com\/kitsprp\/wp-content\/uploads\/2026\/04\/PRP-en-epicondilitis-medial-vs-epicondilitis-lateral.webp","type":"image\/webp"}],"author":"jramirez","twitter_card":"summary_large_image","twitter_misc":{"Escrito por":"jramirez","Tiempo de lectura":"8 minutos"},"schema":{"@context":"https:\/\/schema.org","@graph":[{"@type":"Article","@id":"https:\/\/bio-teach.com\/kitsprp\/prp-en-epicondilitis-medial-vs-epicondilitis-lateral-diferencias-en-resultados\/#article","isPartOf":{"@id":"https:\/\/bio-teach.com\/kitsprp\/prp-en-epicondilitis-medial-vs-epicondilitis-lateral-diferencias-en-resultados\/"},"author":{"name":"jramirez","@id":"https:\/\/bio-teach.com\/kitsprp\/#\/schema\/person\/d32b2dfe603cd6981808973bc26d1905"},"headline":"PRP en epicondilitis medial vs. epicondilitis lateral: diferencias en resultados","datePublished":"2026-04-17T19:08:04+00:00","dateModified":"2026-04-17T19:24:39+00:00","mainEntityOfPage":{"@id":"https:\/\/bio-teach.com\/kitsprp\/prp-en-epicondilitis-medial-vs-epicondilitis-lateral-diferencias-en-resultados\/"},"wordCount":1707,"publisher":{"@id":"https:\/\/bio-teach.com\/kitsprp\/#organization"},"image":{"@id":"https:\/\/bio-teach.com\/kitsprp\/prp-en-epicondilitis-medial-vs-epicondilitis-lateral-diferencias-en-resultados\/#primaryimage"},"thumbnailUrl":"https:\/\/ml2wibi8up3f.i.optimole.com\/uueflVA-gt1GZpVV\/w:auto\/h:auto\/q:auto\/https:\/\/bio-teach.com\/kitsprp\/wp-content\/uploads\/2026\/04\/PRP-en-epicondilitis-medial-vs-epicondilitis-lateral.webp","keywords":["epicondilitis lateral","epicondilitis medial","PRP","Terapia PRP"],"articleSection":["Noticias"],"inLanguage":"es"},{"@type":"WebPage","@id":"https:\/\/bio-teach.com\/kitsprp\/prp-en-epicondilitis-medial-vs-epicondilitis-lateral-diferencias-en-resultados\/","url":"https:\/\/bio-teach.com\/kitsprp\/prp-en-epicondilitis-medial-vs-epicondilitis-lateral-diferencias-en-resultados\/","name":"Plasma Rico En Plaquetas En Epicondilitis Medial Y Lateral","isPartOf":{"@id":"https:\/\/bio-teach.com\/kitsprp\/#website"},"primaryImageOfPage":{"@id":"https:\/\/bio-teach.com\/kitsprp\/prp-en-epicondilitis-medial-vs-epicondilitis-lateral-diferencias-en-resultados\/#primaryimage"},"image":{"@id":"https:\/\/bio-teach.com\/kitsprp\/prp-en-epicondilitis-medial-vs-epicondilitis-lateral-diferencias-en-resultados\/#primaryimage"},"thumbnailUrl":"https:\/\/ml2wibi8up3f.i.optimole.com\/uueflVA-gt1GZpVV\/w:auto\/h:auto\/q:auto\/https:\/\/bio-teach.com\/kitsprp\/wp-content\/uploads\/2026\/04\/PRP-en-epicondilitis-medial-vs-epicondilitis-lateral.webp","datePublished":"2026-04-17T19:08:04+00:00","dateModified":"2026-04-17T19:24:39+00:00","description":"Analizamos las diferencias del plasma rico en plaquetas en epicondilitis medial y lateral, qu\u00e9 pacientes responden mejor.","breadcrumb":{"@id":"https:\/\/bio-teach.com\/kitsprp\/prp-en-epicondilitis-medial-vs-epicondilitis-lateral-diferencias-en-resultados\/#breadcrumb"},"inLanguage":"es","potentialAction":[{"@type":"ReadAction","target":["https:\/\/bio-teach.com\/kitsprp\/prp-en-epicondilitis-medial-vs-epicondilitis-lateral-diferencias-en-resultados\/"]}]},{"@type":"ImageObject","inLanguage":"es","@id":"https:\/\/bio-teach.com\/kitsprp\/prp-en-epicondilitis-medial-vs-epicondilitis-lateral-diferencias-en-resultados\/#primaryimage","url":"https:\/\/ml2wibi8up3f.i.optimole.com\/uueflVA-gt1GZpVV\/w:auto\/h:auto\/q:auto\/https:\/\/bio-teach.com\/kitsprp\/wp-content\/uploads\/2026\/04\/PRP-en-epicondilitis-medial-vs-epicondilitis-lateral.webp","contentUrl":"https:\/\/ml2wibi8up3f.i.optimole.com\/uueflVA-gt1GZpVV\/w:auto\/h:auto\/q:auto\/https:\/\/bio-teach.com\/kitsprp\/wp-content\/uploads\/2026\/04\/PRP-en-epicondilitis-medial-vs-epicondilitis-lateral.webp","width":1280,"height":720,"caption":"PRP en epicondilitis medial del codo"},{"@type":"BreadcrumbList","@id":"https:\/\/bio-teach.com\/kitsprp\/prp-en-epicondilitis-medial-vs-epicondilitis-lateral-diferencias-en-resultados\/#breadcrumb","itemListElement":[{"@type":"ListItem","position":1,"name":"Portada","item":"https:\/\/bio-teach.com\/kitsprp\/"},{"@type":"ListItem","position":2,"name":"PRP en epicondilitis medial vs. epicondilitis lateral: diferencias en resultados"}]},{"@type":"WebSite","@id":"https:\/\/bio-teach.com\/kitsprp\/#website","url":"https:\/\/bio-teach.com\/kitsprp\/","name":"KITS PRP","description":"KITS PRP","publisher":{"@id":"https:\/\/bio-teach.com\/kitsprp\/#organization"},"potentialAction":[{"@type":"SearchAction","target":{"@type":"EntryPoint","urlTemplate":"https:\/\/bio-teach.com\/kitsprp\/?s={search_term_string}"},"query-input":{"@type":"PropertyValueSpecification","valueRequired":true,"valueName":"search_term_string"}}],"inLanguage":"es"},{"@type":"Organization","@id":"https:\/\/bio-teach.com\/kitsprp\/#organization","name":"KITS PRP","url":"https:\/\/bio-teach.com\/kitsprp\/","logo":{"@type":"ImageObject","inLanguage":"es","@id":"https:\/\/bio-teach.com\/kitsprp\/#\/schema\/logo\/image\/","url":"https:\/\/ml2wibi8up3f.i.optimole.com\/uueflVA-JMGWjaRd\/w:auto\/h:auto\/q:auto\/https:\/\/bio-teach.com\/kitsprp\/wp-content\/uploads\/2021\/11\/cropped-logo-bioteach-min.png","contentUrl":"https:\/\/ml2wibi8up3f.i.optimole.com\/uueflVA-JMGWjaRd\/w:auto\/h:auto\/q:auto\/https:\/\/bio-teach.com\/kitsprp\/wp-content\/uploads\/2021\/11\/cropped-logo-bioteach-min.png","width":600,"height":250,"caption":"KITS PRP"},"image":{"@id":"https:\/\/bio-teach.com\/kitsprp\/#\/schema\/logo\/image\/"}},{"@type":"Person","@id":"https:\/\/bio-teach.com\/kitsprp\/#\/schema\/person\/d32b2dfe603cd6981808973bc26d1905","name":"jramirez","image":{"@type":"ImageObject","inLanguage":"es","@id":"https:\/\/ml2wibi8up3f.i.optimole.com\/uueflVA-vlqW7zdB\/w:auto\/h:auto\/q:auto\/https:\/\/bio-teach.com\/kitsprp\/wp-content\/uploads\/2023\/05\/cropped-Favicon-Bio-Teach.jpeg","url":"https:\/\/ml2wibi8up3f.i.optimole.com\/uueflVA-vlqW7zdB\/w:auto\/h:auto\/q:auto\/https:\/\/bio-teach.com\/kitsprp\/wp-content\/uploads\/2023\/05\/cropped-Favicon-Bio-Teach.jpeg","contentUrl":"https:\/\/ml2wibi8up3f.i.optimole.com\/uueflVA-vlqW7zdB\/w:auto\/h:auto\/q:auto\/https:\/\/bio-teach.com\/kitsprp\/wp-content\/uploads\/2023\/05\/cropped-Favicon-Bio-Teach.jpeg","caption":"jramirez"},"sameAs":["https:\/\/bio-teach.com\/kitsprp"],"url":"https:\/\/bio-teach.com\/kitsprp\/author\/jramirez\/"}]}},"_links":{"self":[{"href":"https:\/\/bio-teach.com\/kitsprp\/wp-json\/wp\/v2\/posts\/6590","targetHints":{"allow":["GET"]}}],"collection":[{"href":"https:\/\/bio-teach.com\/kitsprp\/wp-json\/wp\/v2\/posts"}],"about":[{"href":"https:\/\/bio-teach.com\/kitsprp\/wp-json\/wp\/v2\/types\/post"}],"author":[{"embeddable":true,"href":"https:\/\/bio-teach.com\/kitsprp\/wp-json\/wp\/v2\/users\/1"}],"replies":[{"embeddable":true,"href":"https:\/\/bio-teach.com\/kitsprp\/wp-json\/wp\/v2\/comments?post=6590"}],"version-history":[{"count":20,"href":"https:\/\/bio-teach.com\/kitsprp\/wp-json\/wp\/v2\/posts\/6590\/revisions"}],"predecessor-version":[{"id":6636,"href":"https:\/\/bio-teach.com\/kitsprp\/wp-json\/wp\/v2\/posts\/6590\/revisions\/6636"}],"wp:featuredmedia":[{"embeddable":true,"href":"https:\/\/bio-teach.com\/kitsprp\/wp-json\/wp\/v2\/media\/6615"}],"wp:attachment":[{"href":"https:\/\/bio-teach.com\/kitsprp\/wp-json\/wp\/v2\/media?parent=6590"}],"wp:term":[{"taxonomy":"category","embeddable":true,"href":"https:\/\/bio-teach.com\/kitsprp\/wp-json\/wp\/v2\/categories?post=6590"},{"taxonomy":"post_tag","embeddable":true,"href":"https:\/\/bio-teach.com\/kitsprp\/wp-json\/wp\/v2\/tags?post=6590"}],"curies":[{"name":"wp","href":"https:\/\/api.w.org\/{rel}","templated":true}]}}